{"id":32545,"date":"2024-05-13T12:51:16","date_gmt":"2024-05-13T09:51:16","guid":{"rendered":"http:\/\/mersinkadingazetesi.com\/?p=32545"},"modified":"2024-05-13T12:51:16","modified_gmt":"2024-05-13T09:51:16","slug":"mersin-milletvekili-kis-otizmli-cocuklarin-ve-ailelerinin-sesi-oldu","status":"publish","type":"post","link":"https:\/\/mersinkadingazetesi.com\/?p=32545","title":{"rendered":"Mersin Milletvekili K\u0131\u015f, Otizmli \u00c7ocuklar\u0131n Ve Ailelerinin Sesi Oldu"},"content":{"rendered":"<p>CHP Mersin Milletvekili G\u00fclcan K\u0131\u015f, hem se\u00e7im b\u00f6lgesi Mersin, hem de \u00fclke g\u00fcndemine ili\u015fkin sorunlar\u0131 g\u00fcndeme getirmeye devam ediyor.<\/p>\n<p>\u00dc\u00e7 g\u00fcn Ankara\u2019da TBMM \u00e7al\u0131\u015fmalar\u0131n\u0131 y\u00fcr\u00fcten K\u0131\u015f, haftan\u0131n di\u011fer g\u00fcnlerinde de Mersin\u2019de vatanda\u015flarla bir araya gelerek sorunlar\u0131n\u0131 dinleyip \u00e7\u00f6z\u00fcm ar\u0131yor. Son olarak, Mersin\u2019de Otizmli ailelerin kendisine ula\u015ft\u0131\u011f\u0131n\u0131 ve ya\u015fad\u0131klar\u0131 ma\u011fduriyeti g\u00fcndeme getirilmesini istediklerini belirten K\u0131\u015f, ayn\u0131 hafta konuyu TBMM g\u00fcndemine ta\u015f\u0131d\u0131.<\/p>\n<p>TBMM Genel Kurulu\u2019nda s\u00f6z alarak, Otizmli bireylerin ve ailelerin ya\u015fad\u0131klar\u0131 sorunlara de\u011finen K\u0131\u015f, yetkililere konunun \u00e7\u00f6z\u00fcm\u00fc i\u00e7in \u00e7a\u011fr\u0131da bulundu. K\u0131\u015f konu\u015fmas\u0131nda \u015funlar\u0131 s\u00f6yledi: \u201cOT\u0130ZM, do\u011fu\u015ftan gelen ya da ya\u015fam\u0131n ilk y\u0131llar\u0131nda ortaya \u00e7\u0131kan karma\u015f\u0131k bir n\u00f6ro-geli\u015fimsel farkl\u0131l\u0131kt\u0131r. D\u00fcnyada do\u011fan her altm\u0131\u015f sekiz \u00e7ocuktan biri otizmli olarak d\u00fcnyaya geliyor. T\u00fcrkiye\u2019de 1,5 milyonun \u00fczerinde otizmli birey oldu\u011fu tahmin ediliyor. Toplumun olumsuz tutum ve davran\u0131\u015flar\u0131 sebebiyle, otizmli birey ve aileleri \u00e7ok fazla sorun ve zorluk ya\u015famaktad\u0131rlar. \u00d6zellikle Avrupa \u00fclkelerine g\u00f6re \u00fclkemizde otizmli \u00e7ocuklar i\u00e7in e\u011fitime ula\u015fmak olduk\u00e7a zordur. Yani \u00fclkemizde Otizmli bireylerin y\u00fczde 90\u2019\u0131n\u0131n e\u011fitime ula\u015famad\u0131\u011f\u0131 bildiriliyor\u201d<\/p>\n<p>K\u0131\u015f, her zaman Otizmli bireylerin yanlar\u0131nda olaca\u011f\u0131n\u0131 ifade ederek, onlar\u0131n toplumsal ya\u015fam\u0131n t\u00fcm alanlar\u0131nda ayr\u0131mc\u0131l\u0131\u011fa u\u011framadan, e\u015fit \u015fekilde yararlanmalar\u0131 i\u00e7in gereken \u00f6nlemlerin al\u0131nmas\u0131 ve ailelerin yaln\u0131z b\u0131rak\u0131lmamas\u0131 i\u00e7in konunun takip\u00e7isi olaca\u011f\u0131n\u0131 iletti.<\/p>\n","protected":false},"excerpt":{"rendered":"<p>CHP Mersin Milletvekili G\u00fclcan K\u0131\u015f, hem se\u00e7im b\u00f6lgesi Mersin, hem de \u00fclke g\u00fcndemine ili\u015fkin sorunlar\u0131 g\u00fcndeme getirmeye devam ediyor. \u00dc\u00e7 g\u00fcn Ankara\u2019da TBMM \u00e7al\u0131\u015fmalar\u0131n\u0131 y\u00fcr\u00fcten K\u0131\u015f, haftan\u0131n di\u011fer g\u00fcnlerinde de Mersin\u2019de vatanda\u015flarla bir araya gelerek sorunlar\u0131n\u0131 dinleyip \u00e7\u00f6z\u00fcm ar\u0131yor. Son olarak, Mersin\u2019de Otizmli ailelerin kendisine ula\u015ft\u0131\u011f\u0131n\u0131 ve ya\u015fad\u0131klar\u0131 ma\u011fduriyeti g\u00fcndeme getirilmesini istediklerini belirten K\u0131\u015f, ayn\u0131 [&hellip;]<\/p>\n","protected":false},"author":2,"featured_media":32448,"comment_status":"open","ping_status":"open","sticky":false,"template":"","format":"standard","meta":{"footnotes":""},"categories":[3,6],"tags":[],"class_list":["post-32545","post","type-post","status-publish","format-standard","has-post-thumbnail","hentry","category-manset","category-siyaset-2"],"views":3,"_links":{"self":[{"href":"https:\/\/mersinkadingazetesi.com\/index.php?rest_route=\/wp\/v2\/posts\/32545"}],"collection":[{"href":"https:\/\/mersinkadingazetesi.com\/index.php?rest_route=\/wp\/v2\/posts"}],"about":[{"href":"https:\/\/mersinkadingazetesi.com\/index.php?rest_route=\/wp\/v2\/types\/post"}],"author":[{"embeddable":true,"href":"https:\/\/mersinkadingazetesi.com\/index.php?rest_route=\/wp\/v2\/users\/2"}],"replies":[{"embeddable":true,"href":"https:\/\/mersinkadingazetesi.com\/index.php?rest_route=%2Fwp%2Fv2%2Fcomments&post=32545"}],"version-history":[{"count":0,"href":"https:\/\/mersinkadingazetesi.com\/index.php?rest_route=\/wp\/v2\/posts\/32545\/revisions"}],"wp:featuredmedia":[{"embeddable":true,"href":"https:\/\/mersinkadingazetesi.com\/index.php?rest_route=\/wp\/v2\/media\/32448"}],"wp:attachment":[{"href":"https:\/\/mersinkadingazetesi.com\/index.php?rest_route=%2Fwp%2Fv2%2Fmedia&parent=32545"}],"wp:term":[{"taxonomy":"category","embeddable":true,"href":"https:\/\/mersinkadingazetesi.com\/index.php?rest_route=%2Fwp%2Fv2%2Fcategories&post=32545"},{"taxonomy":"post_tag","embeddable":true,"href":"https:\/\/mersinkadingazetesi.com\/index.php?rest_route=%2Fwp%2Fv2%2Ftags&post=32545"}],"curies":[{"name":"wp","href":"https:\/\/api.w.org\/{rel}","templated":true}]}}