{"id":32559,"date":"2024-05-14T12:48:38","date_gmt":"2024-05-14T09:48:38","guid":{"rendered":"http:\/\/mersinkadingazetesi.com\/?p=32559"},"modified":"2024-05-14T12:48:38","modified_gmt":"2024-05-14T09:48:38","slug":"ekmenden-adalet-bakani-tunca-savas-suclularinin-turkiyede-yargilanmasi-icin-gerekli-izinleri-verin","status":"publish","type":"post","link":"https:\/\/mersinkadingazetesi.com\/?p=32559","title":{"rendered":"Ekmen\u2019den Adalet Bakan\u0131 Tun\u00e7\u2019a: \u201cSava\u015f su\u00e7lular\u0131n\u0131n T\u00fcrkiye\u2019de yarg\u0131lanmas\u0131 i\u00e7in gerekli izinleri verin\u201d"},"content":{"rendered":"<p>DEVA Partisi Genel Ba\u015fkan Yard\u0131mc\u0131s\u0131 ve Mersin Milletvekili Mehmet Emin Ekmen, TBMM Genel Kurulu\u2019nda Filistin halk\u0131na yap\u0131lan soyk\u0131r\u0131m\u0131 ele alarak; Adalet Bakan\u0131 Say\u0131n Y\u0131lmaz Tun\u00e7\u2019a sava\u015f su\u00e7lular\u0131n\u0131n T\u00fcrkiye\u2019de yarg\u0131lanmas\u0131 i\u00e7in savc\u0131lara gerekli izni vermesi konusunda \u00e7a\u011fr\u0131da bulundu.<\/p>\n<p>\u201cAdalet Bakanl\u0131\u011f\u0131 sava\u015f su\u00e7lular\u0131n\u0131n yarg\u0131lanmas\u0131 i\u00e7in gerekli ad\u0131mlar\u0131 atmal\u0131d\u0131r\u201d<\/p>\n<p>Aylarca iktidara mensup b\u00fct\u00fcn siyaset\u00e7ilerin \u201cBiz uluslararas\u0131 s\u00f6zle\u015fmeler gere\u011fi Lahey Adalet Divan\u0131n\u0131n taraf\u0131 de\u011filiz, b\u00f6yle bir dava a\u00e7amayaca\u011f\u0131m\u0131z gibi b\u00f6yle bir davan\u0131n taraf\u0131 da olamay\u0131z.&#8221; dedi\u011fini hat\u0131rlatan Ekmen, G\u00fcney Afrika Cumhuriyeti\u2019nin bizden daha cesur ve erken davrand\u0131\u011f\u0131n\u0131 bizim ise \u00fclke olarak aylar sonra davaya m\u00fcdahil oldu\u011fumuzu belirterek, hala yapmam\u0131z gerekeni tam olarak yapmad\u0131\u011f\u0131m\u0131z\u0131 ifade etti.<\/p>\n<p>Ekmen, \u0130ktidara ve Adalet Bakan\u0131\u2019na \u015fu s\u00f6zlerle \u00e7a\u011fr\u0131da bulundu:<\/p>\n<p>\u201cT\u00fcrk Ceza Kanunu&#8217;na g\u00f6re, uluslararas\u0131 su\u00e7lar T\u00fcrk mahkemelerinde yarg\u0131lanabilir. Y\u00fczlerce su\u00e7 duyurusu T\u00fcrk savc\u0131lar\u0131n\u0131n \u00f6n\u00fcnde bekliyor. T\u00fcrk savc\u0131lar\u0131 ni\u00e7in soru\u015fturma ba\u015flatm\u0131yor? \u00c7\u00fcnk\u00fc Adalet Bakan\u0131 izin vermiyor. Sn. Y\u0131lmaz Tun\u00e7&#8217;a buradan sesleniyorum: T\u00fcrk savc\u0131lar\u0131n\u0131n \u00f6n\u00fcnde bekleyen, ba\u015fta Netanyahu olmak \u00fczere sava\u015f kabinesinin sava\u015f su\u00e7lar\u0131n\u0131 soru\u015fturma y\u00f6n\u00fcndeki su\u00e7 duyurular\u0131na ni\u00e7in izin vermiyorsunuz? Sizi engelleyen nedir? E\u011fer sizi engelleyen bir \u015fey varsa buyurun konu\u015fun, bu Meclisin iradesi arkan\u0131zda dursun ve bu ay\u0131ptan bir an \u00f6nce vazge\u00e7in diyoruz.\u201d<\/p>\n","protected":false},"excerpt":{"rendered":"<p>DEVA Partisi Genel Ba\u015fkan Yard\u0131mc\u0131s\u0131 ve Mersin Milletvekili Mehmet Emin Ekmen, TBMM Genel Kurulu\u2019nda Filistin halk\u0131na yap\u0131lan soyk\u0131r\u0131m\u0131 ele alarak; Adalet Bakan\u0131 Say\u0131n Y\u0131lmaz Tun\u00e7\u2019a sava\u015f su\u00e7lular\u0131n\u0131n T\u00fcrkiye\u2019de yarg\u0131lanmas\u0131 i\u00e7in savc\u0131lara gerekli izni vermesi konusunda \u00e7a\u011fr\u0131da bulundu. \u201cAdalet Bakanl\u0131\u011f\u0131 sava\u015f su\u00e7lular\u0131n\u0131n yarg\u0131lanmas\u0131 i\u00e7in gerekli ad\u0131mlar\u0131 atmal\u0131d\u0131r\u201d Aylarca iktidara mensup b\u00fct\u00fcn siyaset\u00e7ilerin \u201cBiz uluslararas\u0131 s\u00f6zle\u015fmeler gere\u011fi [&hellip;]<\/p>\n","protected":false},"author":2,"featured_media":32174,"comment_status":"open","ping_status":"open","sticky":false,"template":"","format":"standard","meta":{"footnotes":""},"categories":[3,6],"tags":[],"class_list":["post-32559","post","type-post","status-publish","format-standard","has-post-thumbnail","hentry","category-manset","category-siyaset-2"],"views":1,"_links":{"self":[{"href":"https:\/\/mersinkadingazetesi.com\/index.php?rest_route=\/wp\/v2\/posts\/32559"}],"collection":[{"href":"https:\/\/mersinkadingazetesi.com\/index.php?rest_route=\/wp\/v2\/posts"}],"about":[{"href":"https:\/\/mersinkadingazetesi.com\/index.php?rest_route=\/wp\/v2\/types\/post"}],"author":[{"embeddable":true,"href":"https:\/\/mersinkadingazetesi.com\/index.php?rest_route=\/wp\/v2\/users\/2"}],"replies":[{"embeddable":true,"href":"https:\/\/mersinkadingazetesi.com\/index.php?rest_route=%2Fwp%2Fv2%2Fcomments&post=32559"}],"version-history":[{"count":0,"href":"https:\/\/mersinkadingazetesi.com\/index.php?rest_route=\/wp\/v2\/posts\/32559\/revisions"}],"wp:featuredmedia":[{"embeddable":true,"href":"https:\/\/mersinkadingazetesi.com\/index.php?rest_route=\/wp\/v2\/media\/32174"}],"wp:attachment":[{"href":"https:\/\/mersinkadingazetesi.com\/index.php?rest_route=%2Fwp%2Fv2%2Fmedia&parent=32559"}],"wp:term":[{"taxonomy":"category","embeddable":true,"href":"https:\/\/mersinkadingazetesi.com\/index.php?rest_route=%2Fwp%2Fv2%2Fcategories&post=32559"},{"taxonomy":"post_tag","embeddable":true,"href":"https:\/\/mersinkadingazetesi.com\/index.php?rest_route=%2Fwp%2Fv2%2Ftags&post=32559"}],"curies":[{"name":"wp","href":"https:\/\/api.w.org\/{rel}","templated":true}]}}