{"id":32564,"date":"2024-05-14T12:53:32","date_gmt":"2024-05-14T09:53:32","guid":{"rendered":"http:\/\/mersinkadingazetesi.com\/?p=32564"},"modified":"2024-05-14T12:53:32","modified_gmt":"2024-05-14T09:53:32","slug":"il-baskani-taner-isikbay-ve-milletvekili-mehmet-emin-ekmenden-yogun-ziyaret-programi","status":"publish","type":"post","link":"https:\/\/mersinkadingazetesi.com\/?p=32564","title":{"rendered":"\u0130l Ba\u015fkan\u0131 Taner I\u015f\u0131kbay ve Milletvekili Mehmet Emin Ekmen\u2019den Yo\u011fun Ziyaret Program\u0131"},"content":{"rendered":"<p>Demokrasi ve At\u0131l\u0131m Partisi (DEVA) Mersin \u0130l Ba\u015fkan\u0131 \u0130\u015f \u0130nsan\u0131 Taner I\u015f\u0131kbay ve DEVA Partisi Genel Ba\u015fkan Yard\u0131mc\u0131s\u0131 ve Mersin Milletvekili Mehmet Emin Ekmen, Mersin ve \u00e7evresindeki \u00f6nemli isim ve kurumlar\u0131 ziyaret ederek, \u00e7e\u015fitli etkinliklere kat\u0131ld\u0131lar. Bu ziyaretler, b\u00f6lgedeki kurumlarla ili\u015fkileri peki\u015ftirmek ve yerel ihtiya\u00e7lar hakk\u0131nda bilgi almak amac\u0131n\u0131 ta\u015f\u0131yor.<\/p>\n<p>Ziyaretler kapsam\u0131nda ilk olarak Mersin Valisi Ali Hamza Pehlivan ziyaret edildi. DEVA Partisi temsilcileri, Vali Pehlivan&#8217;a g\u00f6sterdi\u011fi misafirperverlik i\u00e7in te\u015fekk\u00fcr ettiler. Ard\u0131ndan Mersin Yeni\u015fehir Belediye Ba\u015fkan\u0131 Ecz. Abdullah \u00d6zyigit ile bir araya gelindi ve yeni d\u00f6nem i\u00e7in ba\u015far\u0131 dileklerinde bulunuldu.<\/p>\n<p>Milletvekili Ekmen ve \u0130l Ba\u015fkan\u0131 I\u015f\u0131kbay, ayr\u0131ca Mardin ve \u0130l\u00e7eleri E\u011fitim K\u00fclt\u00fcr ve Dayan\u0131\u015fma Derne\u011fi (Marider)&#8217;nin yeni ba\u015fkan\u0131 \u015eehmus Ceylan ve y\u00f6netimini ziyaret ederek, taziye dileklerini iletiler. Bu ziyaretlerin yan\u0131 s\u0131ra, Anadolu Y\u00f6netim Dan\u0131\u015fmanlar\u0131 Derne\u011fi taraf\u0131ndan d\u00fczenlenen bir kahvalt\u0131 etkinli\u011fine kat\u0131ld\u0131lar ve dernek ba\u015fkan\u0131 Feridun G\u00fcnd\u00fcz ile y\u00f6netimine te\u015fekk\u00fcrlerini sundular.<\/p>\n<p>Ekmen ve I\u015f\u0131kbay, Mersin&#8217;deki i\u015f d\u00fcnyas\u0131yla da temaslar\u0131n\u0131 s\u00fcrd\u00fcrd\u00fcler. Yeni a\u00e7\u0131lan By the Marina Hotel&#8217;in sahibi Nihat \u015eahin, Hasenan A\u015fireti&#8217;nin \u00f6nceki d\u00f6nem Federasyon Ba\u015fkan\u0131 \u015eehmus Alt\u0131nda\u011f, Kayar Lojistik&#8217;in sahibi \u00c7etin Kayar ve Alt\u0131n Et ve Restaurant&#8217;\u0131n sahibi Aziz Erguvan ile g\u00f6r\u00fc\u015fmeler yap\u0131ld\u0131. Bu g\u00f6r\u00fc\u015fmelerde Mersin i\u015f d\u00fcnyas\u0131n\u0131n sorunlar\u0131 ve \u00e7\u00f6z\u00fcm \u00f6nerileri masaya yat\u0131r\u0131ld\u0131.<\/p>\n<p>DEVA Partisi, bu ziyaretlerle hem siyasi hem de sosyal ili\u015fkilerini g\u00fc\u00e7lendirirken, b\u00f6lgedeki geli\u015fmeleri yak\u0131ndan takip etme ve destekleme f\u0131rsat\u0131 buldu. Parti temsilcileri, b\u00f6lge halk\u0131n\u0131n ve i\u015f d\u00fcnyas\u0131n\u0131n ihtiya\u00e7lar\u0131na duyarl\u0131l\u0131k g\u00f6stermeye ve Mersin&#8217;in kalk\u0131nmas\u0131 i\u00e7in \u00e7al\u0131\u015fmaya devam edeceklerini belirttiler.<br \/>\nTaner I\u015f\u0131kbay.jpg<\/p>\n","protected":false},"excerpt":{"rendered":"<p>Demokrasi ve At\u0131l\u0131m Partisi (DEVA) Mersin \u0130l Ba\u015fkan\u0131 \u0130\u015f \u0130nsan\u0131 Taner I\u015f\u0131kbay ve DEVA Partisi Genel Ba\u015fkan Yard\u0131mc\u0131s\u0131 ve Mersin Milletvekili Mehmet Emin Ekmen, Mersin ve \u00e7evresindeki \u00f6nemli isim ve kurumlar\u0131 ziyaret ederek, \u00e7e\u015fitli etkinliklere kat\u0131ld\u0131lar. Bu ziyaretler, b\u00f6lgedeki kurumlarla ili\u015fkileri peki\u015ftirmek ve yerel ihtiya\u00e7lar hakk\u0131nda bilgi almak amac\u0131n\u0131 ta\u015f\u0131yor. Ziyaretler kapsam\u0131nda ilk olarak Mersin [&hellip;]<\/p>\n","protected":false},"author":2,"featured_media":32565,"comment_status":"open","ping_status":"open","sticky":false,"template":"","format":"standard","meta":{"footnotes":""},"categories":[3],"tags":[],"class_list":["post-32564","post","type-post","status-publish","format-standard","has-post-thumbnail","hentry","category-manset"],"views":42,"_links":{"self":[{"href":"https:\/\/mersinkadingazetesi.com\/index.php?rest_route=\/wp\/v2\/posts\/32564"}],"collection":[{"href":"https:\/\/mersinkadingazetesi.com\/index.php?rest_route=\/wp\/v2\/posts"}],"about":[{"href":"https:\/\/mersinkadingazetesi.com\/index.php?rest_route=\/wp\/v2\/types\/post"}],"author":[{"embeddable":true,"href":"https:\/\/mersinkadingazetesi.com\/index.php?rest_route=\/wp\/v2\/users\/2"}],"replies":[{"embeddable":true,"href":"https:\/\/mersinkadingazetesi.com\/index.php?rest_route=%2Fwp%2Fv2%2Fcomments&post=32564"}],"version-history":[{"count":0,"href":"https:\/\/mersinkadingazetesi.com\/index.php?rest_route=\/wp\/v2\/posts\/32564\/revisions"}],"wp:featuredmedia":[{"embeddable":true,"href":"https:\/\/mersinkadingazetesi.com\/index.php?rest_route=\/wp\/v2\/media\/32565"}],"wp:attachment":[{"href":"https:\/\/mersinkadingazetesi.com\/index.php?rest_route=%2Fwp%2Fv2%2Fmedia&parent=32564"}],"wp:term":[{"taxonomy":"category","embeddable":true,"href":"https:\/\/mersinkadingazetesi.com\/index.php?rest_route=%2Fwp%2Fv2%2Fcategories&post=32564"},{"taxonomy":"post_tag","embeddable":true,"href":"https:\/\/mersinkadingazetesi.com\/index.php?rest_route=%2Fwp%2Fv2%2Ftags&post=32564"}],"curies":[{"name":"wp","href":"https:\/\/api.w.org\/{rel}","templated":true}]}}