{"id":32572,"date":"2024-05-15T12:31:21","date_gmt":"2024-05-15T09:31:21","guid":{"rendered":"http:\/\/mersinkadingazetesi.com\/?p=32572"},"modified":"2024-05-15T12:31:21","modified_gmt":"2024-05-15T09:31:21","slug":"sesimi-duyan-var-mi-temali-konser-ve-gorsel-sanatlar-sergisi-yapildi","status":"publish","type":"post","link":"https:\/\/mersinkadingazetesi.com\/?p=32572","title":{"rendered":"\u201cSES\u0130M\u0130 DUYAN VAR MI\u201d TEMALI KONSER VE G\u00d6RSEL SANATLAR SERG\u0130S\u0130 YAPILDI"},"content":{"rendered":"<p>Nevit Kodall\u0131 G\u00fczel Sanatlar Lisesi, Mezitli Belediyesi K\u00fclt\u00fcr Merkezinde &#8220;Sesimi Duyan Var M\u0131&#8221; temal\u0131 bir konser ve G\u00f6rsel Sanatlar Sergisi d\u00fczenledi. Etkinli\u011fe \u0130l Mill\u00ee E\u011fitim M\u00fcd\u00fcr\u00fc Fazilet Durmu\u015f da kat\u0131ld\u0131.<br \/>\nKonser \u00f6ncesinde G\u00f6rsel Sanatlar B\u00f6l\u00fcm\u00fc \u00f6\u011frencilerinin haz\u0131rlad\u0131\u011f\u0131 y\u0131lsonu sergisi a\u00e7\u0131ld\u0131. Sergiyi gezen Fazilet Durmu\u015f ve misafirler, \u00f6\u011frencilerin eserlerini be\u011feniyle incelediler.<br \/>\nGer\u00e7ekle\u015fen konserde ise 6 \u015eubat Depremi&#8217;nden etkilenen 10 ilimizin G\u00fczel Sanatlar Liselerinden gelen \u00f6\u011fretmen ve \u00f6\u011frencilerden olu\u015fan bir orkestra taraf\u0131ndan \u00f6zel bir program sunuldu. Programda depremden ilham alan eserlerin yan\u0131 s\u0131ra umut ve dayan\u0131\u015fma temal\u0131 eserler de yer ald\u0131. Konser izleyiciler taraf\u0131ndan b\u00fcy\u00fck be\u011feniyle kar\u015f\u0131land\u0131.<br \/>\nEtkinlikte konu\u015fma yapan Fazilet Durmu\u015f, depremden etkilenen illerden gelen \u00f6\u011fretmen ve \u00f6\u011frencilerin bu konserde yer almalar\u0131n\u0131n \u00e7ok anlaml\u0131 oldu\u011funu ifade etti. Durmu\u015f: &#8220;Bu konser ve sergi, depremden etkilenen \u00e7ocuklar\u0131m\u0131za umut ve moral kayna\u011f\u0131 olmu\u015ftur. Bu vesileyle t\u00fcm \u00f6\u011fretmen ve \u00f6\u011frencilerimize te\u015fekk\u00fcr ediyorum. Bu etkinlik, sanat\u0131n birle\u015ftirici g\u00fcc\u00fcn\u00fc bir kez daha g\u00f6stermi\u015ftir. Kat\u0131lan, katk\u0131 sunan herkese ayr\u0131 ayr\u0131 te\u015fekk\u00fcr ediyorum.&#8221; dedi.<\/p>\n","protected":false},"excerpt":{"rendered":"<p>Nevit Kodall\u0131 G\u00fczel Sanatlar Lisesi, Mezitli Belediyesi K\u00fclt\u00fcr Merkezinde &#8220;Sesimi Duyan Var M\u0131&#8221; temal\u0131 bir konser ve G\u00f6rsel Sanatlar Sergisi d\u00fczenledi. Etkinli\u011fe \u0130l Mill\u00ee E\u011fitim M\u00fcd\u00fcr\u00fc Fazilet Durmu\u015f da kat\u0131ld\u0131. Konser \u00f6ncesinde G\u00f6rsel Sanatlar B\u00f6l\u00fcm\u00fc \u00f6\u011frencilerinin haz\u0131rlad\u0131\u011f\u0131 y\u0131lsonu sergisi a\u00e7\u0131ld\u0131. Sergiyi gezen Fazilet Durmu\u015f ve misafirler, \u00f6\u011frencilerin eserlerini be\u011feniyle incelediler. Ger\u00e7ekle\u015fen konserde ise 6 \u015eubat [&hellip;]<\/p>\n","protected":false},"author":2,"featured_media":32573,"comment_status":"open","ping_status":"open","sticky":false,"template":"","format":"standard","meta":{"footnotes":""},"categories":[2,3],"tags":[],"class_list":["post-32572","post","type-post","status-publish","format-standard","has-post-thumbnail","hentry","category-gundem","category-manset"],"views":0,"_links":{"self":[{"href":"https:\/\/mersinkadingazetesi.com\/index.php?rest_route=\/wp\/v2\/posts\/32572"}],"collection":[{"href":"https:\/\/mersinkadingazetesi.com\/index.php?rest_route=\/wp\/v2\/posts"}],"about":[{"href":"https:\/\/mersinkadingazetesi.com\/index.php?rest_route=\/wp\/v2\/types\/post"}],"author":[{"embeddable":true,"href":"https:\/\/mersinkadingazetesi.com\/index.php?rest_route=\/wp\/v2\/users\/2"}],"replies":[{"embeddable":true,"href":"https:\/\/mersinkadingazetesi.com\/index.php?rest_route=%2Fwp%2Fv2%2Fcomments&post=32572"}],"version-history":[{"count":0,"href":"https:\/\/mersinkadingazetesi.com\/index.php?rest_route=\/wp\/v2\/posts\/32572\/revisions"}],"wp:featuredmedia":[{"embeddable":true,"href":"https:\/\/mersinkadingazetesi.com\/index.php?rest_route=\/wp\/v2\/media\/32573"}],"wp:attachment":[{"href":"https:\/\/mersinkadingazetesi.com\/index.php?rest_route=%2Fwp%2Fv2%2Fmedia&parent=32572"}],"wp:term":[{"taxonomy":"category","embeddable":true,"href":"https:\/\/mersinkadingazetesi.com\/index.php?rest_route=%2Fwp%2Fv2%2Fcategories&post=32572"},{"taxonomy":"post_tag","embeddable":true,"href":"https:\/\/mersinkadingazetesi.com\/index.php?rest_route=%2Fwp%2Fv2%2Ftags&post=32572"}],"curies":[{"name":"wp","href":"https:\/\/api.w.org\/{rel}","templated":true}]}}