{"id":32581,"date":"2024-05-15T12:38:33","date_gmt":"2024-05-15T09:38:33","guid":{"rendered":"http:\/\/mersinkadingazetesi.com\/?p=32581"},"modified":"2024-05-15T12:38:33","modified_gmt":"2024-05-15T09:38:33","slug":"iyi-partili-kocamaz-tarimda-yasanan-sorunlara-dikkat-cekti-ulkemiz-ureten-ulke-konumundan-cikip-ithal-eden-ulke-konumuna-gelmistir","status":"publish","type":"post","link":"https:\/\/mersinkadingazetesi.com\/?p=32581","title":{"rendered":"\u0130Y\u0130 PART\u0130&#8217;L\u0130 KOCAMAZ TARIMDA YA\u015eANAN SORUNLARA D\u0130KKAT \u00c7EKT\u0130: &#8221; \u00dcLKEM\u0130Z, \u00dcRETEN \u00dcLKE KONUMUNDAN \u00c7IKIP, \u0130THAL EDEN \u00dcLKE KONUMUNA GELM\u0130\u015eT\u0130R &#8220;"},"content":{"rendered":"<p>\u0130Y\u0130 Parti Mersin Milletvekili Burhanettin Kocamaz, hem se\u00e7im b\u00f6lgesi Mersin, hem de \u00fclke g\u00fcndemine ili\u015fkin sorunlar\u0131 g\u00fcndeme getirmeye devam ediyor. Tar\u0131m sekt\u00f6r\u00fcnde ya\u015fanan sorunlar\u0131 TBMM Genel Kurulunda konu\u015fan Milletvekili Kocamaz, Yirmi iki y\u0131ll\u0131k iktidar d\u00f6neminde halen tar\u0131m \u00fcretimi konusunda hi\u00e7bir planlama yap\u0131lmad\u0131\u011f\u0131n\u0131 ileri s\u00fcrd\u00fc.<\/p>\n<p>Ankara&#8217;da TBMM \u00e7al\u0131\u015fmalar\u0131n\u0131 y\u00fcr\u00fcten Kocamaz, haftan\u0131n kalan di\u011fer g\u00fcnlerinde de Mersin&#8217;de vatanda\u015flarla bir araya gelerek sorunlar\u0131n\u0131 dinleyip \u00e7\u00f6z\u00fcm ar\u0131yor. Son olarak,  \u0130Y\u0130 Parti Mersin Milletvekili Burhanettin Kocamaz, Cumhuriyet Halk Partisinin tar\u0131mda ya\u015fanan sorunlara y\u00f6nelik olarak vermi\u015f oldu\u011fu \u00f6nerge \u00fczerine \u0130Y\u0130 Parti grubu ad\u0131na s\u00f6z ald\u0131.<\/p>\n<p>Mersin&#8217;de \u00fcreticilerin kendisine ula\u015ft\u0131\u011f\u0131n\u0131 ve ya\u015fad\u0131klar\u0131 ma\u011fduriyeti g\u00fcndeme getirilmesini istediklerini belirten Kocamaz, H\u00fck\u00fcmet bu y\u0131l gerekli tedbirleri almas\u0131 gerekti\u011fini, artan maliyetleri de g\u00f6z \u00f6n\u00fcnde bulundurup, \u00e7ift\u00e7ileri ma\u011fdur etmemesi gerekti\u011fini bir kez daha TBMM g\u00fcndemine ta\u015f\u0131d\u0131.<\/p>\n<p>&#8221; \u00dcLKEM\u0130Z, \u00dcRETEN \u00dcLKE KONUMUNDAN \u00c7IKIP, \u0130THAL EDEN \u00dcLKE KONUMUNA GELM\u0130\u015eT\u0130R &#8221;<\/p>\n<p>\u0130Y\u0130 Parti Mersin Milletvekili Burhanettin Kocamaz, aylard\u0131r ekonomik krizin ve hayat pahal\u0131l\u0131\u011f\u0131n\u0131n faturas\u0131n\u0131 farkl\u0131 sekt\u00f6rlere \u00e7\u0131karan AKP h\u00fck\u00fcmetinin, bu iktidar d\u00f6nemine kadar kendi kendine yetebilen 7 \u00fclkeden biri konumunda olan \u00fclkemizin; \u00fcreten \u00fclke konumundan \u00e7\u0131kt\u0131\u011f\u0131n\u0131, ithal eden \u00fclke konumuna geldi\u011fini ileri s\u00fcrd\u00fc.<\/p>\n<p>Kocamaz, Uygulanan yanl\u0131\u015f tar\u0131m politikalar\u0131 nedeniyle maliyetlerin artt\u0131\u011f\u0131na, \u00e7ift\u00e7ilerin ise bug\u00fcn \u00fcretemez ve al\u0131n terinin kar\u015f\u0131l\u0131\u011f\u0131n\u0131 alamaz bir duruma d\u00fc\u015ft\u00fc\u011f\u00fcne dikkati \u00e7ekti.<\/p>\n<p>\u0130la\u00e7, g\u00fcbre ve mazot gibi maliyetlerinde kar\u015f\u0131lanamaz hale geldi\u011fini belirten Milletvekili Kocamaz, eme\u011finin kar\u015f\u0131l\u0131\u011f\u0131n\u0131 alamayan \u00e7ift\u00e7ilerin, her ge\u00e7en g\u00fcn \u00fcretimden uzakla\u015fmakta oldu\u011funa de\u011findi.<\/p>\n<p>Kocamaz,&#8221;\u00c7ukurova&#8217;da \u00e7ift\u00e7iler topraklar\u0131n\u0131 satmaya ba\u015flam\u0131\u015f, tar\u0131m arazileri bir yat\u0131r\u0131m arac\u0131na d\u00f6n\u00fc\u015fm\u00fc\u015f, meslek d\u0131\u015f\u0131 ki\u015filer taraf\u0131ndan al\u0131nmaya, sat\u0131lmaya ve kiralanmaya ba\u015flanm\u0131\u015ft\u0131r. Buna ra\u011fmen, bu Mecliste AKP milletvekilleri hi\u00e7 s\u0131k\u0131lmadan millete maval anlatmaktad\u0131r. Yirmi iki y\u0131ll\u0131k iktidar d\u00f6neminde h\u00e2len tar\u0131m \u00fcretimi konusunda hi\u00e7bir planlama yap\u0131lamam\u0131\u015ft\u0131r&#8221; dedi.<\/p>\n<p>&#8220;\u00dcRET\u0130C\u0130 PEK \u00c7OK \u00dcR\u00dcNDE GE\u00c7EN YILLARDA OLDU\u011eU G\u0130B\u0130 BU YIL DA B\u00dcY\u00dcK ZARAR ETMEKTED\u0130R&#8221;<\/p>\n<p>Mersin&#8217;de limon \u00fcreticisinin peri\u015fan oldu\u011funu, limon al\u0131c\u0131 bulamad\u0131\u011f\u0131 i\u00e7in dal\u0131nda kald\u0131\u011f\u0131n\u0131 ve a\u011fa\u00e7lar\u0131n k\u00f6k\u00fcnden s\u00f6k\u00fcld\u00fc\u011f\u00fcn\u00fc hat\u0131rlatan Kocamaz; &#8220;\u00dcretici b\u0131rak\u0131n k\u00e2r etmeyi, masraflar\u0131n\u0131 bile kar\u015f\u0131layamamaktad\u0131r. Bug\u00fcn de nektarin \u00fcreticisi b\u00fcy\u00fck s\u0131k\u0131nt\u0131 i\u00e7indedir. Mut&#8217;ta erkenci kay\u0131s\u0131 para etmemi\u015ftir. Sadece dal\u0131ndan toplama maliyeti 9 TL olan erkenci kay\u0131s\u0131lar 7 TL&#8217;ye sat\u0131lmaktad\u0131r. \u00dcretici pek \u00e7ok \u00fcr\u00fcnde ge\u00e7en y\u0131llarda oldu\u011fu gibi bu y\u0131l da b\u00fcy\u00fck zarar etmektedir&#8221; dedi.<\/p>\n<p> &#8220;TARIM BAKANLI\u011eI TARAFINDAN A\u00c7IKLANAN TABAN F\u0130YAT YEN\u0130DEN G\u00d6ZDEN GE\u00c7\u0130R\u0130LMEL\u0130D\u0130R&#8221;<\/p>\n<p>Tar\u0131m Bakanl\u0131\u011f\u0131n\u0131n \u00e7ay \u00fcreticileri i\u00e7in a\u00e7\u0131klad\u0131\u011f\u0131 ya\u015f \u00e7ay fiyatlar\u0131na tepkilerin devam etti\u011fini hat\u0131rlatarak konu\u015fmas\u0131na devam eden \u0130Y\u0130 Partili Kocamaz, konu\u015fmas\u0131n\u0131 \u015fu \u015fekilde s\u00fcrd\u00fcrd\u00fc;<\/p>\n<p>&#8220;Bu\u011fday \u00fcreticisinin hasad\u0131n ba\u015flamas\u0131na ra\u011fmen taban fiyat beklerken, Tar\u0131m Bakanl\u0131\u011f\u0131n\u0131n \u00e7ay \u00fcreticileri i\u00e7in a\u00e7\u0131klad\u0131\u011f\u0131 2 TL&#8217;si prim olmak \u00fczere 19 TL&#8217;lik d\u00fc\u015f\u00fck ya\u015f \u00e7ay fiyatlar\u0131na tepkiler devam etmektedir. Maliyeti 17,5-18 TL&#8217;ye kadar y\u00fckselen ya\u015f \u00e7ay fiyatlar\u0131na Bakanl\u0131k taraf\u0131ndan 19 TL fiyat a\u00e7\u0131klanmas\u0131 ak\u0131llara zarar bir durumdur, bu durumda \u00fcreticinin eline ge\u00e7ecek para 17 TL&#8217;nin alt\u0131nda kalacakt\u0131r. 2 TL&#8217;lik prim ancak y\u0131l sonunda \u00fcreticilerin eline ge\u00e7ecek, bu fiyat kesinlikle kabul edilebilecek bir fiyat de\u011fildir. Halbuki, prim \u00f6demeleri \u00fcreticiye \u00f6nceden yap\u0131lmal\u0131 ve \u00fcretici \u00fcretirken bu paralar\u0131 kullanmal\u0131d\u0131r. \u00c7ay \u00fcreticisinin beklentisi 25 TL civar\u0131ndad\u0131r, Tar\u0131m Bakanl\u0131\u011f\u0131 taraf\u0131ndan a\u00e7\u0131klanan taban fiyat yeniden g\u00f6zden ge\u00e7irilmelidir. \u00c7ukurova&#8217;da bu\u011fday ve arpa hasad\u0131 ba\u015flam\u0131\u015f, bitmek \u00fczeredir, buna ra\u011fmen ortada ne bir fiyat ne de bir a\u00e7\u0131klama vard\u0131r. Ge\u00e7en y\u0131l hububat fiyatlar\u0131 Say\u0131n Cumhurba\u015fkan\u0131 taraf\u0131ndan ancak 6 Haziran da ve \u00e7ok ge\u00e7 a\u00e7\u0131klanm\u0131\u015f, a\u00e7\u0131klanan bu fiyatlar maalesef bu\u011fday \u00fcreticilerini memnun etmemi\u015fti&#8221;<\/p>\n<p>&#8220;H\u00dcK\u00dcMET BU YIL GEREKL\u0130 TEDB\u0130RLER\u0130 ALMALI VE ARTAN MAL\u0130YETLER\u0130 G\u00d6Z \u00d6N\u00dcNDE BULUNDURMALI&#8221;<\/p>\n<p>Konu\u015fmas\u0131n\u0131n sonunda Toprak Mahsulleri Ofisi&#8217;nde (TMO) ya\u015fanan randevu ve a\u011fz\u0131na kadar ithal bu\u011fdaylarla dolu olan depolar y\u00fcz\u00fcnden \u00e7ift\u00e7ilerin b\u00fcy\u00fck sorun ya\u015fad\u0131\u011f\u0131n\u0131 hat\u0131rlatan Kocamaz, &#8220;H\u00fck\u00fcmet bu y\u0131l gerekli tedbirleri al\u0131r, artan maliyetleri g\u00f6z \u00f6n\u00fcnde bulundurur ve \u00e7ift\u00e7ilerimizi ma\u011fdur etmez&#8221; \u015feklinde konu\u015ftu.<\/p>\n","protected":false},"excerpt":{"rendered":"<p>\u0130Y\u0130 Parti Mersin Milletvekili Burhanettin Kocamaz, hem se\u00e7im b\u00f6lgesi Mersin, hem de \u00fclke g\u00fcndemine ili\u015fkin sorunlar\u0131 g\u00fcndeme getirmeye devam ediyor. Tar\u0131m sekt\u00f6r\u00fcnde ya\u015fanan sorunlar\u0131 TBMM Genel Kurulunda konu\u015fan Milletvekili Kocamaz, Yirmi iki y\u0131ll\u0131k iktidar d\u00f6neminde halen tar\u0131m \u00fcretimi konusunda hi\u00e7bir planlama yap\u0131lmad\u0131\u011f\u0131n\u0131 ileri s\u00fcrd\u00fc. Ankara&#8217;da TBMM \u00e7al\u0131\u015fmalar\u0131n\u0131 y\u00fcr\u00fcten Kocamaz, haftan\u0131n kalan di\u011fer g\u00fcnlerinde de Mersin&#8217;de [&hellip;]<\/p>\n","protected":false},"author":2,"featured_media":32582,"comment_status":"open","ping_status":"open","sticky":false,"template":"","format":"standard","meta":{"footnotes":""},"categories":[2,3,6],"tags":[],"class_list":["post-32581","post","type-post","status-publish","format-standard","has-post-thumbnail","hentry","category-gundem","category-manset","category-siyaset-2"],"views":1,"_links":{"self":[{"href":"https:\/\/mersinkadingazetesi.com\/index.php?rest_route=\/wp\/v2\/posts\/32581"}],"collection":[{"href":"https:\/\/mersinkadingazetesi.com\/index.php?rest_route=\/wp\/v2\/posts"}],"about":[{"href":"https:\/\/mersinkadingazetesi.com\/index.php?rest_route=\/wp\/v2\/types\/post"}],"author":[{"embeddable":true,"href":"https:\/\/mersinkadingazetesi.com\/index.php?rest_route=\/wp\/v2\/users\/2"}],"replies":[{"embeddable":true,"href":"https:\/\/mersinkadingazetesi.com\/index.php?rest_route=%2Fwp%2Fv2%2Fcomments&post=32581"}],"version-history":[{"count":0,"href":"https:\/\/mersinkadingazetesi.com\/index.php?rest_route=\/wp\/v2\/posts\/32581\/revisions"}],"wp:featuredmedia":[{"embeddable":true,"href":"https:\/\/mersinkadingazetesi.com\/index.php?rest_route=\/wp\/v2\/media\/32582"}],"wp:attachment":[{"href":"https:\/\/mersinkadingazetesi.com\/index.php?rest_route=%2Fwp%2Fv2%2Fmedia&parent=32581"}],"wp:term":[{"taxonomy":"category","embeddable":true,"href":"https:\/\/mersinkadingazetesi.com\/index.php?rest_route=%2Fwp%2Fv2%2Fcategories&post=32581"},{"taxonomy":"post_tag","embeddable":true,"href":"https:\/\/mersinkadingazetesi.com\/index.php?rest_route=%2Fwp%2Fv2%2Ftags&post=32581"}],"curies":[{"name":"wp","href":"https:\/\/api.w.org\/{rel}","templated":true}]}}