{"id":32584,"date":"2024-05-15T12:40:26","date_gmt":"2024-05-15T09:40:26","guid":{"rendered":"http:\/\/mersinkadingazetesi.com\/?p=32584"},"modified":"2024-05-15T12:40:26","modified_gmt":"2024-05-15T09:40:26","slug":"ekmen-isci-emekli-ve-memurun-ekmegine-goz-dikerek-kamuda-tasarruf-saglanamaz","status":"publish","type":"post","link":"https:\/\/mersinkadingazetesi.com\/?p=32584","title":{"rendered":"Ekmen: \u201c\u0130\u015f\u00e7i, emekli ve memurun ekme\u011fine g\u00f6z dikerek kamuda tasarruf sa\u011flanamaz\u201d"},"content":{"rendered":"<p>DEVA Partisi Genel Ba\u015fkan Yard\u0131mc\u0131s\u0131 ve Mersin Milletvekili Mehmet Emin Ekmen, kamuoyuna duyurulan \u201cKamuda Tasarruf ve Verimlilik Paketi\u201d ile ilgili olarak TBMM\u2019de bir bas\u0131n toplant\u0131s\u0131 d\u00fczenledi. \u0130\u015f\u00e7i, emekli ve memurun ekme\u011fine g\u00f6z dikerek kamuda tasarruf sa\u011flanamayaca\u011f\u0131n\u0131 belirten Ekmen, b\u00fct\u00e7enin y\u00fczde birini dahi kar\u015f\u0131layamayacak tasarruf genelgeleriyle bir yere var\u0131lamayaca\u011f\u0131n\u0131 ifade etti.<\/p>\n<p>\u201cVatanda\u015f\u0131 tasarruf edece\u011finize ve ekonomiyi d\u00fczeltece\u011finize ikna edemezsiniz\u201d<\/p>\n<p>\u201cNas\u0131l ki enflasyonun d\u00fc\u015fece\u011fine vatanda\u015f\u0131 ikna edemiyorsunuz, tasarrufa da ikna edemezsiniz\u201d diyen Ekmen, daha \u00f6nce 2021 ve 2023 y\u0131l\u0131nda yay\u0131nlanan genelgeler ve bu konuda al\u0131nm\u0131\u015f benzer \u00f6nlemler oldu\u011funu, fakat elde edilen sonu\u00e7lara dair hi\u00e7bir verinin payla\u015f\u0131lmad\u0131\u011f\u0131n\u0131 ifade etti. Daha \u00f6nce hem Genel Kurul\u2019da hem de yaz\u0131l\u0131 soru \u00f6nergesi ile ilgili bakana \u00f6nceden al\u0131nm\u0131\u015f olan tasarruf tedbirlerinin sonu\u00e7lar\u0131n\u0131 sordu\u011funu fakat hala genelgelerin ak\u0131betlerini bilmediklerini belirten Ekmen, yeni yay\u0131nlanan paketin de belirsizlikler i\u00e7erdi\u011fini ve herhangi bir rakam zikredilmedi\u011fini s\u00f6yledi.<\/p>\n<p>Gaziantep B\u00fcy\u00fck\u015fehir Belediyesi gibi iktidar\u0131n elinde olan baz\u0131 belediyelerin tasarruf genelgesi yay\u0131nlanacak diye \u00f6nceden alelacele ara\u00e7 kiralama ihalesi yapt\u0131\u011f\u0131na dikkat \u00e7eken Ekmen, iktidar\u0131n eylemleri ve s\u00f6ylemleriyle g\u00fcven vermedi\u011fini ifade ederek tasarruf paketinin kusurlar\u0131n\u0131 \u015f\u00f6yle s\u0131ralad\u0131:<\/p>\n<p>\u201cBug\u00fcn geldi\u011fimiz noktada ekonomide birka\u00e7 ismi de\u011fi\u015ftirmekle, politika faizini be\u015f kat\u0131na art\u0131rmakla, dolayl\u0131 vergileri ac\u0131mas\u0131zca art\u0131rmakla, emeklinin k\u0131rk ya\u015f\u0131ndaki arabas\u0131na bir kez daha vergi salmak, bir annenin s\u00fcrekli t\u00fcketti\u011fi \u00e7ocuk bezine ek vergi koymak, her insan\u0131n zaruri olarak t\u00fcketti\u011fi hijyen malzemelerinin vergisini art\u0131rmakla bir yere gelemeyece\u011fimiz ortada. \u00c7\u00fcnk\u00fc bu bir y\u0131l i\u00e7erisinde Kur Koruma Mevduat Program\u0131 i\u00e7in \u00f6denen para yine 2 trilyon liray\u0131 a\u015fm\u0131\u015f durumda. Tarihimizde, belki de ilk kezdir, \u00f6dedi\u011fimiz faiz ana paran\u0131n \u00fcst\u00fcne \u00e7\u0131km\u0131\u015ft\u0131r. Yani faizleri durmadan \u00f6d\u00fcyoruz, bir t\u00fcrl\u00fc ana paray\u0131 bile eritebilir bir hale getiremiyoruz.\u201d<\/p>\n<p>\u201cAtt\u0131\u011f\u0131n\u0131z iftiralarla y\u00fczle\u015fmedi\u011finiz m\u00fcddet\u00e7e bir \u015feyleri yoluna koyamazs\u0131n\u0131z\u201d diyen Ekmen, s\u00f6zlerine \u015f\u00f6yle devam etti: \u201cD\u00fcn darbeci, PKK&#8217;l\u0131 veya ter\u00f6rist ilan etti\u011finiz, k\u00f6rfez \u00fclkeleriyle ili\u015fkilerinizi d\u00fczeltmenizin nas\u0131l ki vatanda\u015f vicdan\u0131nda bir kar\u015f\u0131l\u0131\u011f\u0131 yok, ekonomide de d\u00fcn hakk\u0131n\u0131 yediklerinizden \u00f6z\u00fcr dilemedik\u00e7e, d\u00fcn yapt\u0131\u011f\u0131n\u0131z yanl\u0131\u015flar\u0131 kamuoyunda a\u00e7\u0131klamad\u0131k\u00e7a enflasyonun d\u00fc\u015f\u00fcr\u00fclece\u011fine, tasarrufun yap\u0131laca\u011f\u0131na vatanda\u015f\u0131 ikna edemezsiniz.\u201d<\/p>\n<p>\u201cEkonomik ba\u015far\u0131 i\u00e7in y\u00f6netimde d\u00fcr\u00fcst ve \u015feffaf olunmal\u0131d\u0131r\u201d<\/p>\n<p>Say\u0131n \u015eim\u015fek, Hazine ile Merkez Bankas\u0131 aras\u0131ndaki arka kap\u0131 d\u00f6viz sat\u0131\u015flar\u0131na imk\u00e2n veren protokol\u00fc iptal ederse Merkez Bankas\u0131 y\u00fcz milyonlarca dolar tasarrufa ge\u00e7er diyen Ekmen, \u201cEn b\u00fcy\u00fck tasarruf bu de\u011fil midir\u201d diye sorarak, \u201cMemurun bindi\u011fi servis arac\u0131ndan, i\u015f\u00e7iye verilen giyim \u00e7ekinden tasarruf oluyor da Merkez Bankas\u0131&#8217;n\u0131n kafas\u0131na g\u00f6re y\u00fcz milyonlarca dolar satmas\u0131ndan m\u0131 tasarruf edemeyece\u011fiz diyen Ekmen, KKM i\u00e7in harcanan paralar \u015feffaf bir \u015fekilde ortaya konulmal\u0131d\u0131r\u201d ifadelerini kulland\u0131.<\/p>\n<p>Milletvekili Ekmen, T\u00dc\u0130K, ENAG, \u0130TO, T\u00dcRK\u0130\u015e enflasyon verileri aras\u0131ndaki \u00e7eli\u015fki toplumu ikna edecek bir \u015fekilde a\u00e7\u0131klanmal\u0131d\u0131r dedi. Ekmen, \u201cToplumun hissetti\u011fi enflasyon ile T\u00dc\u0130K&#8217;in bu halde dahi a\u00e7\u0131klam\u0131\u015f oldu\u011fu enflasyon ve ENAG&#8217;\u0131n, T\u00dcRK\u0130\u015e&#8217;in enflasyonu aras\u0131ndaki fark nas\u0131l ortaya \u00e7\u0131kmaktad\u0131r?\u201d diye sorarak, bu \u015feffafl\u0131k g\u00f6sterilmedi\u011fi m\u00fcddet\u00e7e hi\u00e7bir tasarruf politikas\u0131n\u0131n sonu\u00e7 vermeyece\u011fini ifade etti. D\u00fcr\u00fcst olal\u0131m Tasarruf Paketinde bir\u00e7ok \u015fey var diyen Ekmen, \u00f6nemli bir k\u0131sm\u0131 s\u0131radan memurun ve i\u015f\u00e7inin hayat\u0131nda sonu\u00e7 \u00fcretecek baz\u0131 kalemler d\u0131\u015f\u0131nda sonu\u00e7 \u00fcretecek bir\u00e7ok kalem bu pakette yok dedi.<\/p>\n<p>\u201cB\u00fct\u00fcn bunlar\u0131 denetleyecek sahici bir sistem kurmad\u0131k\u00e7a tasarruftan bahsedemezsiniz\u201d<\/p>\n<p>Genel Ba\u015fkan Yard\u0131mc\u0131s\u0131 Ekmen, tasarruftan bahsedilebilmesi i\u00e7in yap\u0131lmas\u0131 gerekenleri tek tek \u015f\u00f6yle s\u0131ralad\u0131:<\/p>\n<p>1. Bu tasarruf genelgesinden sonra Say\u0131n Cumhurba\u015fkan\u0131 Mardin&#8217;e veya Hatay&#8217;a gitti\u011finde Ankara&#8217;dan bine yak\u0131n polisin \u00f6zel u\u00e7aklarla oraya sevk edilmesinden vazge\u00e7ilecek mi?<\/p>\n<p>2. Say\u0131n Cumhurba\u015fkan\u0131 bu cuma namaza gitti\u011finde dakikalarca kamerayla kaydedilen y\u00fczlerce araca tekab\u00fcl eden konvoydan vazge\u00e7ilecek mi?<\/p>\n<p>3. Say\u0131n Cumhurba\u015fkan\u0131 K\u00fclliye uhdesinde bulunan, bir iddiaya g\u00f6re 8 ba\u015fka bir iddiaya g\u00f6re 17 u\u00e7aktan en az birini satacak m\u0131? Bakanlar yurt i\u00e7inde \u00f6zel u\u00e7a\u011fa binmekten vazge\u00e7ecek mi?<\/p>\n<p>4. Bunlar\u0131 yapmad\u0131k\u00e7a hangi tasarruftan bahsedebiliriz? Memurun bindi\u011fi servis arac\u0131na g\u00f6z koyan bir tasarruf anlay\u0131\u015f\u0131 ne kadar ba\u015far\u0131l\u0131 olabilir?  <\/p>\n<p>5. Milletvekillerini, belediye ba\u015fkanlar\u0131n\u0131, b\u00fcrokratlar\u0131 ba\u011flayacak siyasi etik yasas\u0131 \u00e7\u0131kmad\u0131k\u00e7a; kimin hangi kalemde yolsuzluk yapt\u0131\u011f\u0131n\u0131, tasarrufu yap\u0131p yapmad\u0131\u011f\u0131n\u0131 nereden tespit edeceksiniz?<\/p>\n<p>6. B\u00fcnyesine ald\u0131\u011f\u0131 t\u00fcm \u015firketlerin kardan zarara ge\u00e7ti\u011fi b\u00fcy\u00fck bir kara delik olan Varl\u0131k fonuna son vermedik\u00e7e tasarruftan bahsedemezsiniz. <\/p>\n<p>7. Kamu \u0130hale Kurumunun resmi raporlar\u0131na g\u00f6re rakamsal olarak y\u00fcz milyarlarca liray\u0131 ge\u00e7en davetiyeli ihale sistemine son vermedik\u00e7e tasarruftan bahsedemezsiniz. <\/p>\n<p>8. Cumhurba\u015fkan\u0131n\u0131n \u00f6zel \u00f6deneklerden hesaps\u0131z bir \u015fekilde para harcamas\u0131n\u0131 kontrol alt\u0131na almad\u0131k\u00e7a, servis ara\u00e7lar\u0131na son vererek tasarruf edemezsiniz. <\/p>\n<p>9. Say\u0131\u015ftay ger\u00e7ek bir denetim yapmad\u0131k\u00e7a, eski h\u00fcviyetine kavu\u015fmad\u0131k\u00e7a Say\u0131\u015ftay raporlar\u0131n\u0131n gere\u011fi yap\u0131lmad\u0131k\u00e7a, Say\u0131\u015ftay denet\u00e7ilerinin raporlar\u0131n\u0131n k\u0131rp\u0131lmas\u0131n\u0131 engellemedik\u00e7e tasarruftan bahsedemezsiniz. <\/p>\n<p>10. \u00d6zel hesap, \u00f6zel \u00f6denek, fon gibi denetimsiz ve \u015feffaf olmayan yollarla yap\u0131lan harcamalara son vermedik\u00e7e tasarruftan bahsedemezsiniz. <\/p>\n<p>11. Hazine d\u0131\u015f\u0131ndaki kurumlar\u0131n kafas\u0131na g\u00f6re kamu \u00f6zel i\u015f birli\u011fi kapsam\u0131nda devlet ad\u0131na garanti vermesini engellemedik\u00e7e tasarruftan bahsedemezsiniz.<\/p>\n<p>12. Kamu bor\u00e7lanmas\u0131ndaki kur, faiz, likidite, refinansman, kredi risklerinin basiretli bir \u015fekilde de\u011ferlendirmesi hususlar\u0131nda temel ilkeler koymad\u0131k\u00e7a tasarruftan bahsedemezsiniz.<\/p>\n","protected":false},"excerpt":{"rendered":"<p>DEVA Partisi Genel Ba\u015fkan Yard\u0131mc\u0131s\u0131 ve Mersin Milletvekili Mehmet Emin Ekmen, kamuoyuna duyurulan \u201cKamuda Tasarruf ve Verimlilik Paketi\u201d ile ilgili olarak TBMM\u2019de bir bas\u0131n toplant\u0131s\u0131 d\u00fczenledi. \u0130\u015f\u00e7i, emekli ve memurun ekme\u011fine g\u00f6z dikerek kamuda tasarruf sa\u011flanamayaca\u011f\u0131n\u0131 belirten Ekmen, b\u00fct\u00e7enin y\u00fczde birini dahi kar\u015f\u0131layamayacak tasarruf genelgeleriyle bir yere var\u0131lamayaca\u011f\u0131n\u0131 ifade etti. \u201cVatanda\u015f\u0131 tasarruf edece\u011finize ve ekonomiyi [&hellip;]<\/p>\n","protected":false},"author":2,"featured_media":32174,"comment_status":"open","ping_status":"open","sticky":false,"template":"","format":"standard","meta":{"footnotes":""},"categories":[3,6],"tags":[],"class_list":["post-32584","post","type-post","status-publish","format-standard","has-post-thumbnail","hentry","category-manset","category-siyaset-2"],"views":4,"_links":{"self":[{"href":"https:\/\/mersinkadingazetesi.com\/index.php?rest_route=\/wp\/v2\/posts\/32584"}],"collection":[{"href":"https:\/\/mersinkadingazetesi.com\/index.php?rest_route=\/wp\/v2\/posts"}],"about":[{"href":"https:\/\/mersinkadingazetesi.com\/index.php?rest_route=\/wp\/v2\/types\/post"}],"author":[{"embeddable":true,"href":"https:\/\/mersinkadingazetesi.com\/index.php?rest_route=\/wp\/v2\/users\/2"}],"replies":[{"embeddable":true,"href":"https:\/\/mersinkadingazetesi.com\/index.php?rest_route=%2Fwp%2Fv2%2Fcomments&post=32584"}],"version-history":[{"count":0,"href":"https:\/\/mersinkadingazetesi.com\/index.php?rest_route=\/wp\/v2\/posts\/32584\/revisions"}],"wp:featuredmedia":[{"embeddable":true,"href":"https:\/\/mersinkadingazetesi.com\/index.php?rest_route=\/wp\/v2\/media\/32174"}],"wp:attachment":[{"href":"https:\/\/mersinkadingazetesi.com\/index.php?rest_route=%2Fwp%2Fv2%2Fmedia&parent=32584"}],"wp:term":[{"taxonomy":"category","embeddable":true,"href":"https:\/\/mersinkadingazetesi.com\/index.php?rest_route=%2Fwp%2Fv2%2Fcategories&post=32584"},{"taxonomy":"post_tag","embeddable":true,"href":"https:\/\/mersinkadingazetesi.com\/index.php?rest_route=%2Fwp%2Fv2%2Ftags&post=32584"}],"curies":[{"name":"wp","href":"https:\/\/api.w.org\/{rel}","templated":true}]}}