{"id":32586,"date":"2024-05-15T12:44:11","date_gmt":"2024-05-15T09:44:11","guid":{"rendered":"http:\/\/mersinkadingazetesi.com\/?p=32586"},"modified":"2024-05-15T12:44:11","modified_gmt":"2024-05-15T09:44:11","slug":"toroslar-alevi-kultur-dernegine-onemli-ziyaret","status":"publish","type":"post","link":"https:\/\/mersinkadingazetesi.com\/?p=32586","title":{"rendered":"TOROSLAR ALEV\u0130 K\u00dcLT\u00dcR DERNE\u011e\u0130NE \u00d6NEML\u0130 Z\u0130YARET"},"content":{"rendered":"<p>Mersin \u0130l M\u00fcft\u00fcs\u00fc Ayd\u0131n Y\u0131\u011fman yan\u0131nda \u0130l M\u00fcft\u00fc yard\u0131mc\u0131s\u0131 Mehmet Akif Co\u015fkun ve \u0130l Vaizi Yasin G\u00fcng\u00f6r, Toroslar Alevi K\u00fclt\u00fcr Derne\u011fi Cemevini ziyaret etti.<br \/>\nGelen heyeti Dernek Ba\u015fkan\u0131 H\u00fcseyin De\u011ferli ve y\u00f6netim kurulu \u00fcyeleri kar\u015f\u0131lad\u0131.<br \/>\n\u0130l M\u00fcft\u00fcs\u00fcne derne\u011fin \u00e7al\u0131\u015fmalar\u0131 ve \u00fcyelerle olan m\u00fcnasebetleri, etkinlikleri anlat\u0131ld\u0131. Cemevinin konumu hizmetleri ve i\u015flevi hususunda m\u00fcft\u00fcye bilgi verildi.<br \/>\nYap\u0131lan sohbetlerde Cemevlerinin K\u00fclt\u00fcr Bakanl\u0131\u011f\u0131 \u00fczerinden Devletle olan ili\u015fkileri Cemevinin sorunlar\u0131 ihtiya\u00e7lar\u0131 konu\u015fuldu.<br \/>\nDevletin denetim ve g\u00f6zetimi d\u0131\u015f\u0131nda faaliyetler y\u00fcr\u00fctmek isteyen (FET\u00d6) tipi cemaatlerin topluma yans\u0131yan zararlar\u0131 ve \u00f6nlemler sohbet konular\u0131 aras\u0131nda yer ald\u0131.<br \/>\n\u0130l M\u00fcft\u00fcs\u00fc Ayd\u0131n Y\u0131\u011fman bu Cemevine ilk sefer gelmi\u015f olmas\u0131 sebebiyle, Halk e\u011fitimin Cemevinde a\u00e7t\u0131\u011f\u0131 kurs s\u0131n\u0131flar\u0131, Cemevinin katlardaki hizmet \u00fcniteleri; Cem yapma salonu, Dede odas\u0131, Semaha haz\u0131rl\u0131k odas\u0131, (fuaye) konferans salonu, k\u00fct\u00fcphane, cenaze hizmetlerinin yap\u0131ld\u0131\u011f\u0131 b\u00f6l\u00fcm ve morg, mutfak, yemekhane gezdirildi. M\u00fcft\u00fc, b\u00fct\u00fcn alanlar\u0131n son derece temiz ve d\u00fczenli \u0130slam inanc\u0131m\u0131za da bunun yak\u0131\u015ft\u0131\u011f\u0131na i\u015faret ederek Dernek y\u00f6neticilerine takdirlerini belirtti.<br \/>\nG\u00f6r\u00fc\u015fmede; Alevi ve S\u00fcnni karde\u015fli\u011finin peki\u015fmesi i\u00e7in \u201chepimizin bu karde\u015fli\u011fe kama sokmak isteyen d\u0131\u015f g\u00fc\u00e7 ve kaynaklara kar\u015f\u0131 durma\u201d ve i\u00e7eride bunlara alet olanlara da f\u0131rsat vermemek gerekti\u011fi konusunda mutab\u0131k kal\u0131nd\u0131. \u00c7\u00fcnk\u00fc ancak, vatan, millet, bayrak ve devlet sevgisiyle, inanc\u0131m\u0131z ve k\u00fclt\u00fcr\u00fcm\u00fcz\u00fc \u00f6zg\u00fcrce ya\u015fay\u0131p karde\u015fli\u011fimiz peki\u015fir, kanaatinde birle\u015fildi.<br \/>\n\u0130l M\u00fcft\u00fcs\u00fc ve beraberindeki heyetin Cemevi ziyareti dernek y\u00f6neticileriyle beraberce \u00e7ekilen foto\u011fraflarla son buldu.<\/p>\n","protected":false},"excerpt":{"rendered":"<p>Mersin \u0130l M\u00fcft\u00fcs\u00fc Ayd\u0131n Y\u0131\u011fman yan\u0131nda \u0130l M\u00fcft\u00fc yard\u0131mc\u0131s\u0131 Mehmet Akif Co\u015fkun ve \u0130l Vaizi Yasin G\u00fcng\u00f6r, Toroslar Alevi K\u00fclt\u00fcr Derne\u011fi Cemevini ziyaret etti. Gelen heyeti Dernek Ba\u015fkan\u0131 H\u00fcseyin De\u011ferli ve y\u00f6netim kurulu \u00fcyeleri kar\u015f\u0131lad\u0131. \u0130l M\u00fcft\u00fcs\u00fcne derne\u011fin \u00e7al\u0131\u015fmalar\u0131 ve \u00fcyelerle olan m\u00fcnasebetleri, etkinlikleri anlat\u0131ld\u0131. Cemevinin konumu hizmetleri ve i\u015flevi hususunda m\u00fcft\u00fcye bilgi verildi. Yap\u0131lan [&hellip;]<\/p>\n","protected":false},"author":2,"featured_media":32587,"comment_status":"open","ping_status":"open","sticky":false,"template":"","format":"standard","meta":{"footnotes":""},"categories":[2,3],"tags":[],"class_list":["post-32586","post","type-post","status-publish","format-standard","has-post-thumbnail","hentry","category-gundem","category-manset"],"views":2,"_links":{"self":[{"href":"https:\/\/mersinkadingazetesi.com\/index.php?rest_route=\/wp\/v2\/posts\/32586"}],"collection":[{"href":"https:\/\/mersinkadingazetesi.com\/index.php?rest_route=\/wp\/v2\/posts"}],"about":[{"href":"https:\/\/mersinkadingazetesi.com\/index.php?rest_route=\/wp\/v2\/types\/post"}],"author":[{"embeddable":true,"href":"https:\/\/mersinkadingazetesi.com\/index.php?rest_route=\/wp\/v2\/users\/2"}],"replies":[{"embeddable":true,"href":"https:\/\/mersinkadingazetesi.com\/index.php?rest_route=%2Fwp%2Fv2%2Fcomments&post=32586"}],"version-history":[{"count":0,"href":"https:\/\/mersinkadingazetesi.com\/index.php?rest_route=\/wp\/v2\/posts\/32586\/revisions"}],"wp:featuredmedia":[{"embeddable":true,"href":"https:\/\/mersinkadingazetesi.com\/index.php?rest_route=\/wp\/v2\/media\/32587"}],"wp:attachment":[{"href":"https:\/\/mersinkadingazetesi.com\/index.php?rest_route=%2Fwp%2Fv2%2Fmedia&parent=32586"}],"wp:term":[{"taxonomy":"category","embeddable":true,"href":"https:\/\/mersinkadingazetesi.com\/index.php?rest_route=%2Fwp%2Fv2%2Fcategories&post=32586"},{"taxonomy":"post_tag","embeddable":true,"href":"https:\/\/mersinkadingazetesi.com\/index.php?rest_route=%2Fwp%2Fv2%2Ftags&post=32586"}],"curies":[{"name":"wp","href":"https:\/\/api.w.org\/{rel}","templated":true}]}}