{"id":32595,"date":"2024-05-16T12:24:15","date_gmt":"2024-05-16T09:24:15","guid":{"rendered":"http:\/\/mersinkadingazetesi.com\/?p=32595"},"modified":"2024-05-16T12:24:15","modified_gmt":"2024-05-16T09:24:15","slug":"ekmen-corumda-maden-iscisi-zulmune-dur-deyin","status":"publish","type":"post","link":"https:\/\/mersinkadingazetesi.com\/?p=32595","title":{"rendered":"Ekmen: \u201c\u00c7orum\u2019da maden i\u015f\u00e7isi zulm\u00fcne dur deyin\u201d"},"content":{"rendered":"<p>DEVA Partisi Genel Ba\u015fkan Yard\u0131mc\u0131s\u0131 ve Mersin Milletvekili Mehmet Emin Ekmen, TBMM\u2019de bir bas\u0131n toplant\u0131s\u0131 d\u00fczenleyerek \u00c7orum\u2019un Dodurga il\u00e7esinde ODA\u015e Grubuna ba\u011fl\u0131 Yel Enerji \u015firketinin \u00e7al\u0131\u015ft\u0131rd\u0131\u011f\u0131 maden i\u015f\u00e7ilerinin sorunlar\u0131n\u0131 g\u00fcndeme getirdi.<\/p>\n<p>DEVA Partisi \u00c7orum \u0130l Ba\u015fkan\u0131 Zehra Benli\u2019nin 100\u2019e yak\u0131n i\u015f\u00e7iyi ziyaret edip kendisini g\u00f6r\u00fcnt\u00fcl\u00fc aramak suretiyle sorunlar\u0131 aktard\u0131\u011f\u0131n\u0131 belirten Ekmen, maden i\u015f\u00e7ilerinin ya\u015fad\u0131\u011f\u0131 sorunlar\u0131 g\u00fcndeme getirmek i\u00e7in kendilerine s\u00f6z verdi\u011fini ifade etti. <\/p>\n<p>Milletvekili Ekmen, i\u015f\u00e7ilerin sorunlar\u0131n\u0131 \u015f\u00f6yle dile getirdi:<\/p>\n<p>\u201c25 A\u011fustos 2017 tarihinde T\u00fcrkiye K\u00f6m\u00fcr \u0130\u015fletmeleri b\u00fcnyesindeki Alpagut Dodurga Linyitleri, imzalanan R\u00f6dovans s\u00f6zle\u015fmesi ile ODA\u015e Grubuna ba\u011fl\u0131 Yel Enerji Elektrik \u00dcretim A.\u015e. b\u00fcnyesine dahil edilerek k\u00f6m\u00fcr madenini i\u015fletmeye ba\u015flam\u0131\u015ft\u0131r. Fakat bug\u00fcn gelinen nokta itibariyle i\u015f\u00e7iler b\u00fcy\u00fck bir haks\u0131zl\u0131kla kar\u015f\u0131 kar\u015f\u0131ya kalm\u0131\u015ft\u0131r. \u00d6nce ya\u015fanan sorunu, sonra da nedenini a\u00e7\u0131klamak istiyorum. Yakla\u015f\u0131k 84 i\u015f\u00e7i 6 ay s\u00fcreyle \u00fccretsiz izne g\u00f6nderilmeye \u00e7al\u0131\u015f\u0131lmaktad\u0131r. \u00dccretsiz izne g\u00f6ndermek i\u00e7in de Hacettepe \u00dcniversitesi Teknoloji Transfer Merkezi\u2019nden uyduruk bir rapor al\u0131nm\u0131\u015ft\u0131r.\u201d<\/p>\n<p>Ekmen, sorunun kayna\u011f\u0131n\u0131 ve olaylar\u0131n geli\u015fimi \u015f\u00f6yle \u00f6zetledi:<\/p>\n<p>\u201cOradaki sorunun temel nedeni, buradaki i\u015f\u00e7ilerimizin anayasal bir hak olan, ulusal ve uluslararas\u0131 metinlerde kesin olarak tan\u0131nm\u0131\u015f, tart\u0131\u015fmas\u0131z bir hak olan sendikala\u015fma hakk\u0131n\u0131 kullanma istekleriyle ilgilidir. Bu arkada\u015flar Aral\u0131k 2023\u2019te D\u0130SK\u2019e ba\u011fl\u0131 dev maden sendikas\u0131na \u00fcye olmu\u015flar. Daha sonra \u00fcye olmalar\u0131 engellenmeye \u00e7al\u0131\u015f\u0131lm\u0131\u015ft\u0131r. \u0130\u015f\u00e7i diren\u00e7 g\u00f6stererek, \u0131srar ederek \u00fcye olduktan sonra bu kez yetkisiz bir mahkemede yersiz bir dava a\u00e7\u0131lm\u0131\u015ft\u0131r. Ni\u00e7in yetkisiz mahkemede a\u00e7\u0131l\u0131yor? \u00c7\u00fcnk\u00fc yetki tart\u0131\u015fmas\u0131yla zaman kazan\u0131lmaya \u00e7al\u0131\u015f\u0131l\u0131yor. B\u00fct\u00fcn buna ra\u011fmen mahkeme s\u00fcreci tamamlanm\u0131\u015f ve sonras\u0131nda i\u015f\u00e7iler istifaya zorlanm\u0131\u015ft\u0131r. \u0130\u015f sa\u011fl\u0131\u011f\u0131 g\u00fcvencesiyle ilgili olarak bir tak\u0131m bask\u0131 politikalar\u0131na maruz b\u0131rak\u0131lm\u0131\u015ft\u0131r. Ama buna ra\u011fmen i\u015f\u00e7iler geri ad\u0131m atmay\u0131nca \u015fimdi sendika \u00fcyesi olan 88 i\u015f\u00e7inin 84&#8217;\u00fc \u00fccretsiz izne \u00e7\u0131kart\u0131lmaktad\u0131r. \u0130lgin\u00e7tir ki, sendika \u00fcyesi olmayan i\u015f\u00e7iler i\u00e7in b\u00f6yle bir tasarruflar\u0131 olmam\u0131\u015ft\u0131r. Bunlar\u0131n bir k\u0131sm\u0131 da Fethiye&#8217;deki ba\u015fka bir in\u015faata g\u00f6nderilmeye \u00e7al\u0131\u015f\u0131lmaktad\u0131r.\u201d<\/p>\n<p>\u201cBu a\u00e7\u0131k\u00e7a bir Anayasa ihl\u00e2lidir.\u201d diyen Ekmen, \u00c7al\u0131\u015fma ve Sosyal G\u00fcvenlik Bakan\u0131 Say\u0131n Vedat I\u015f\u0131k Han&#8217;a seslendi:<\/p>\n<p>\u201c\u00c7orum\u2019un Dodurga il\u00e7esi Alpagut k\u00f6y\u00fcnde yeralt\u0131 k\u00f6m\u00fcr i\u015fletmesi \u00e7al\u0131\u015ft\u0131rmakta olan Yel Enerji \u015firketinin sendikal hakka kar\u015f\u0131 y\u00fcr\u00fctt\u00fc\u011f\u00fc bu bask\u0131 politikas\u0131n\u0131 Bakanl\u0131k olarak l\u00fctfen yak\u0131ndan inceleyiniz. Daha \u00f6nce TPAO i\u015f\u00e7ileri vesilesiyle de ifade ettim ki; her i\u015f\u00e7inin al\u0131n teri, onun anas\u0131ndan emdi\u011fi s\u00fct kadar hakt\u0131r, helalidir. Bug\u00fcn maden i\u015f\u00e7ilerinin hangi \u015fartlarda ve hangi zorluklarda \u00e7al\u0131\u015ft\u0131\u011f\u0131n\u0131 en son ya\u015fanan \u0130li\u00e7 Maden Kazas\u0131nda g\u00f6rd\u00fck ve anl\u0131yoruz. Bu kadar zor \u015fartlarda \u00e7al\u0131\u015fan i\u015f\u00e7ilerin ma\u011fdur edilmesi kabul edilemez.\u201d<\/p>\n<p>Buradan ODA\u015e gruba, Yel Elektrik A.\u015e yetkilerine de sesleniyorum diyen Ekmen, s\u00f6zlerini \u015f\u00f6yle s\u00fcrd\u00fcrd\u00fc:<\/p>\n<p>\u201cBu kadar zor \u015fartlarda \u00e7al\u0131\u015fan i\u015f\u00e7ilerin be\u015f kuru\u015funa g\u00f6z dikmeyiniz. \u0130\u015f g\u00fcvenli\u011fi ve sa\u011fl\u0131\u011f\u0131 a\u00e7\u0131s\u0131ndan, maa\u015f gelirleri a\u00e7\u0131s\u0131ndan kazand\u0131\u011f\u0131n\u0131z paran\u0131n bir k\u0131sm\u0131n\u0131 i\u015f\u00e7iye vermekten \u00e7ekinmeyiniz. Sendikala\u015fma hem i\u015fveren i\u00e7in hem i\u015f\u00e7i i\u00e7in yasal, anayasal ve uluslararas\u0131 belgelerde ge\u00e7en bir hakt\u0131r. Ak\u0131ll\u0131 bir i\u015fveren i\u00e7in sendikala\u015fma oradaki bir\u00e7ok konunun d\u00fczene girmesi demektir. Evet, bu \u00e7a\u011fr\u0131y\u0131 yineliyorum. 6 ayl\u0131k \u00fccretsiz izne \u00e7\u0131karma karar\u0131ndan vazge\u00e7in ve bu i\u015f\u00e7ileri hak etti\u011fi \u015fekliyle \u00e7al\u0131\u015ft\u0131rmaya devam edin. Sendikay\u0131 tan\u0131y\u0131n ve i\u015f sa\u011fl\u0131\u011f\u0131 ve g\u00fcvenli\u011fi kurallar\u0131na uyun. \u0130\u015f\u00e7i \u00fccretlerini de kazanc\u0131n\u0131zdan nisbi olarak feragat edecek \u015fekilde beklenen seviyelere \u00e7ekin.\u201d<\/p>\n","protected":false},"excerpt":{"rendered":"<p>DEVA Partisi Genel Ba\u015fkan Yard\u0131mc\u0131s\u0131 ve Mersin Milletvekili Mehmet Emin Ekmen, TBMM\u2019de bir bas\u0131n toplant\u0131s\u0131 d\u00fczenleyerek \u00c7orum\u2019un Dodurga il\u00e7esinde ODA\u015e Grubuna ba\u011fl\u0131 Yel Enerji \u015firketinin \u00e7al\u0131\u015ft\u0131rd\u0131\u011f\u0131 maden i\u015f\u00e7ilerinin sorunlar\u0131n\u0131 g\u00fcndeme getirdi. DEVA Partisi \u00c7orum \u0130l Ba\u015fkan\u0131 Zehra Benli\u2019nin 100\u2019e yak\u0131n i\u015f\u00e7iyi ziyaret edip kendisini g\u00f6r\u00fcnt\u00fcl\u00fc aramak suretiyle sorunlar\u0131 aktard\u0131\u011f\u0131n\u0131 belirten Ekmen, maden i\u015f\u00e7ilerinin ya\u015fad\u0131\u011f\u0131 sorunlar\u0131 [&hellip;]<\/p>\n","protected":false},"author":2,"featured_media":32174,"comment_status":"open","ping_status":"open","sticky":false,"template":"","format":"standard","meta":{"footnotes":""},"categories":[3,6],"tags":[],"class_list":["post-32595","post","type-post","status-publish","format-standard","has-post-thumbnail","hentry","category-manset","category-siyaset-2"],"views":1,"_links":{"self":[{"href":"https:\/\/mersinkadingazetesi.com\/index.php?rest_route=\/wp\/v2\/posts\/32595"}],"collection":[{"href":"https:\/\/mersinkadingazetesi.com\/index.php?rest_route=\/wp\/v2\/posts"}],"about":[{"href":"https:\/\/mersinkadingazetesi.com\/index.php?rest_route=\/wp\/v2\/types\/post"}],"author":[{"embeddable":true,"href":"https:\/\/mersinkadingazetesi.com\/index.php?rest_route=\/wp\/v2\/users\/2"}],"replies":[{"embeddable":true,"href":"https:\/\/mersinkadingazetesi.com\/index.php?rest_route=%2Fwp%2Fv2%2Fcomments&post=32595"}],"version-history":[{"count":0,"href":"https:\/\/mersinkadingazetesi.com\/index.php?rest_route=\/wp\/v2\/posts\/32595\/revisions"}],"wp:featuredmedia":[{"embeddable":true,"href":"https:\/\/mersinkadingazetesi.com\/index.php?rest_route=\/wp\/v2\/media\/32174"}],"wp:attachment":[{"href":"https:\/\/mersinkadingazetesi.com\/index.php?rest_route=%2Fwp%2Fv2%2Fmedia&parent=32595"}],"wp:term":[{"taxonomy":"category","embeddable":true,"href":"https:\/\/mersinkadingazetesi.com\/index.php?rest_route=%2Fwp%2Fv2%2Fcategories&post=32595"},{"taxonomy":"post_tag","embeddable":true,"href":"https:\/\/mersinkadingazetesi.com\/index.php?rest_route=%2Fwp%2Fv2%2Ftags&post=32595"}],"curies":[{"name":"wp","href":"https:\/\/api.w.org\/{rel}","templated":true}]}}