{"id":32612,"date":"2024-05-16T16:50:43","date_gmt":"2024-05-16T13:50:43","guid":{"rendered":"http:\/\/mersinkadingazetesi.com\/?p=32612"},"modified":"2024-05-16T16:50:43","modified_gmt":"2024-05-16T13:50:43","slug":"mhp-mersin-milletvekili-uysal-gazzede-yasananlara-sessiz-kalmak-insanlik-ayibidir","status":"publish","type":"post","link":"https:\/\/mersinkadingazetesi.com\/?p=32612","title":{"rendered":"MHP MERS\u0130N M\u0130LLETVEK\u0130L\u0130 UYSAL: GAZZE\u2019DE YA\u015eANANLARA SESS\u0130Z KALMAK \u0130NSANLIK AYIBIDIR"},"content":{"rendered":"<p>Milliyet\u00e7i Hareket Partisi Mersin Milletvekili ve Akdeniz Parlamenter Asamblesi T\u00fcrk Delegasyon \u00dcyesi Dr. Levent Uysal, Portekiz\u2019in Braga kentinde bu y\u0131l 18\u2019incisi d\u00fczenlenen Akdeniz Parlamenter Asamblesi Genel Kurulu\u2019nda t\u00fcm d\u00fcnyaya Filistin\u2019deki sald\u0131r\u0131lar\u0131n son bulmas\u0131 i\u00e7in \u00e7a\u011fr\u0131da bulundu. Milletvekili Uysal \u201cB\u00fct\u00fcn d\u00fcnya \u00fclkeleri T\u00fcrkiye gibi ter\u00f6re ve ter\u00f6rist devletlere kar\u015f\u0131 yapt\u0131r\u0131mlar uygulamal\u0131, tepkisini ortaya koymal\u0131d\u0131r.\u201d \u015feklinde konu\u015ftu.<br \/>\nD\u00fcnya Filistin\u2019de ya\u015fanan insanl\u0131k dram\u0131na seyirci kal\u0131rken T\u00fcrkiye, b\u00f6lgedeki katliam\u0131 bitirmek i\u00e7in ad\u0131mlar atmaya \u00e7a\u011fr\u0131da bulunmaya devam ediyor. Milliyet\u00e7i Hareket Partisi Mersin Milletvekili Levent Uysal da Portekiz Braga\u2019da d\u00fczenlenen Akdeniz Parlamenter Asamblesi 18\u2019inci Genel Kurulu\u2019nda \u00fclkeleri, bu soyk\u0131r\u0131m ve vah\u015feti durdurmak i\u00e7in duyarl\u0131 davranmaya davet etti. Milletvekili Uysal \u201cAkdeniz Parlamenter Asamblesi 18. Genel Kurulu&#8217;nda \u00dclkemizi temsil etmek \u00fczere Portekiz Braga&#8217;day\u0131z. T\u00fcrkiye Cumhuriyeti Devleti olarak d\u00fcnyan\u0131n neresinde olursak olal\u0131m ter\u00f6re kar\u015f\u0131 duru\u015fumuzu dile getirecek, mazlumlar\u0131n sesi olmaya devam edece\u011fiz. 7 Ekim 2023 tarihinden beri her g\u00fcn Gazze\u2019de \u00e7ocuklar, kad\u0131nlar, masum insanlar katlediliyor. \u00c7ocuklar\u0131n\u0131n cans\u0131z bedenlerini annelerine aratan vicdans\u0131z zihniyetler sadece g\u00fc\u00e7s\u00fcz, silahs\u0131z ve mazlum insanlarla sava\u015f\u0131yorlar. Filistin\u2019de mazlumlar\u0131n hayatta kalma m\u00fccadelesine t\u00fcm d\u00fcnya olarak \u015fahit oluyoruz. T\u00fcrkiye\u2019nin bu vah\u015feti durdurmadaki kararl\u0131 duru\u015fu di\u011fer \u00fclkelere \u00f6rnek olmal\u0131. \u00dclkemiz Gazze\u2019deki katliama sessiz kalmad\u0131\u011f\u0131 gibi \u0130srail\u2019e somut yapt\u0131r\u0131mlar da uyguluyor. Kad\u0131nlar\u0131n ve \u00e7ocuklar\u0131n kan\u0131n\u0131 ellerine bula\u015ft\u0131ranlar, samimiyetsiz davranarak \u2018sava\u015fa kar\u015f\u0131y\u0131z\u2019 diyorlar.\u201d ifadelerine yer verdi.<br \/>\nMilletvekili Uysal, d\u00fcnya bar\u0131\u015f\u0131 i\u00e7in hep birlikte ter\u00f6re kar\u015f\u0131 koyulmazsa, Filistin\u2019de ya\u015fanan hadiselerin yar\u0131n pek \u00e7ok \u00fclkede de ya\u015fanabilece\u011fini vurgulayarak s\u00f6zlerini \u015f\u00f6yle s\u00fcrd\u00fcrd\u00fc;<br \/>\n\u201cMazlumlar\u0131n ve ma\u011fdurlar\u0131n yan\u0131nda olmak isteyenlere sesleniyorum. Gazze\u2019de ya\u015fananlara sessiz kalmak, s\u0131rt \u00e7evirmek, g\u00f6rmezden gelmek bir insanl\u0131k ay\u0131b\u0131d\u0131r ve bir insanl\u0131k su\u00e7udur. Filistin\u2019de anneler \u00e7ocuksuz, \u00e7ocuklar ailesiz kal\u0131yor. Bu zulme bizler ancak,  ortak ak\u0131lla ve ter\u00f6re kar\u015f\u0131 i\u015f birli\u011fi ile dur diyebiliriz. Ter\u00f6r; nerede, ne zaman ve kim taraf\u0131ndan yap\u0131l\u0131rsa yap\u0131ls\u0131n hi\u00e7bir zaman kabul edilemez. \u00c7ocuklar\u0131 ve kad\u0131nlar\u0131 hedef alan, ya\u015fama hakk\u0131n\u0131 yok eden sald\u0131r\u0131lar asla affedilemez. B\u00fct\u00fcn d\u00fcnya \u00fclkeleri, T\u00fcrkiye gibi ter\u00f6re ve ter\u00f6rist devletlere kar\u015f\u0131 yapt\u0131r\u0131mlar uygulamal\u0131, tepkisini ortaya koymal\u0131d\u0131r. D\u00fcnya bar\u0131\u015f\u0131 i\u00e7in Hep Birlikte ter\u00f6re kar\u015f\u0131 koymazsak, bug\u00fcn Filistin\u2019de oldu\u011fu gibi yar\u0131n kendi \u00fclkelerinizde de su\u00e7suz insanlar bedel \u00f6deyecektir. Gazze\u2019de ya\u015fanan ac\u0131ya son vermek hepimizin insanl\u0131k g\u00f6revidir. Vicdan sahibi birey olarak, AKDEN\u0130Z PA \u00fcyesi \u00fclkelerin milletvekilleri olarak bu soyk\u0131r\u0131ma g\u00fc\u00e7l\u00fc bir sesle DUR demeliyiz. Sessiz kalmamal\u0131y\u0131z. Bu vah\u015fet kar\u015f\u0131s\u0131nda susmak, zulme ortak olmakt\u0131r. T\u00fcrkiye Cumhuriyeti Devleti olarak Bizler, asla susmayaca\u011f\u0131z.\u201d<br \/>\nAkdeniz Parlamenter Asamblesi (AKDEN\u0130Z PA): Akdeniz b\u00f6lgesindeki devletlerin 15 y\u0131ll\u0131k i\u015f birli\u011fi sonucunda 2005 y\u0131l\u0131nda kurulmu\u015f uluslararas\u0131 bir organizasyondur. AKDEN\u0130Z PA\u2019n\u0131n kurulma s\u00fcreci, 1990 y\u0131l\u0131nda Akdeniz\u2019de G\u00fcvenlik ve \u0130\u015f Birli\u011fi Konferans\u0131 (CSCM) ve Parlamentolar Aras\u0131 Birlik (IPU) himayesinde ba\u015flayarak geli\u015fmi\u015ftir. TBMM Genel Kurulu 2 Mart 2005 tarihli 65. Birle\u015fiminde Akdeniz Parlamenter Asamblesi\u2019ne TBMM\u2019nin \u00fcye olmas\u0131n\u0131 kararla\u015ft\u0131rm\u0131\u015ft\u0131r. Akdeniz Parlamenter Asamblesi\u2019nin 23-24 Ekim 2009 tarihleri aras\u0131nda ger\u00e7ekle\u015ftirilen AKDEN\u0130Z PA 4. Genel Kurul Toplant\u0131s\u0131 \u0130stanbul\u2019da ger\u00e7ekle\u015ftirilmi\u015ftir.<\/p>\n","protected":false},"excerpt":{"rendered":"<p>Milliyet\u00e7i Hareket Partisi Mersin Milletvekili ve Akdeniz Parlamenter Asamblesi T\u00fcrk Delegasyon \u00dcyesi Dr. Levent Uysal, Portekiz\u2019in Braga kentinde bu y\u0131l 18\u2019incisi d\u00fczenlenen Akdeniz Parlamenter Asamblesi Genel Kurulu\u2019nda t\u00fcm d\u00fcnyaya Filistin\u2019deki sald\u0131r\u0131lar\u0131n son bulmas\u0131 i\u00e7in \u00e7a\u011fr\u0131da bulundu. Milletvekili Uysal \u201cB\u00fct\u00fcn d\u00fcnya \u00fclkeleri T\u00fcrkiye gibi ter\u00f6re ve ter\u00f6rist devletlere kar\u015f\u0131 yapt\u0131r\u0131mlar uygulamal\u0131, tepkisini ortaya koymal\u0131d\u0131r.\u201d \u015feklinde konu\u015ftu. [&hellip;]<\/p>\n","protected":false},"author":2,"featured_media":32613,"comment_status":"open","ping_status":"open","sticky":false,"template":"","format":"standard","meta":{"footnotes":""},"categories":[7,2,3],"tags":[],"class_list":["post-32612","post","type-post","status-publish","format-standard","has-post-thumbnail","hentry","category-dunya","category-gundem","category-manset"],"views":2,"_links":{"self":[{"href":"https:\/\/mersinkadingazetesi.com\/index.php?rest_route=\/wp\/v2\/posts\/32612"}],"collection":[{"href":"https:\/\/mersinkadingazetesi.com\/index.php?rest_route=\/wp\/v2\/posts"}],"about":[{"href":"https:\/\/mersinkadingazetesi.com\/index.php?rest_route=\/wp\/v2\/types\/post"}],"author":[{"embeddable":true,"href":"https:\/\/mersinkadingazetesi.com\/index.php?rest_route=\/wp\/v2\/users\/2"}],"replies":[{"embeddable":true,"href":"https:\/\/mersinkadingazetesi.com\/index.php?rest_route=%2Fwp%2Fv2%2Fcomments&post=32612"}],"version-history":[{"count":0,"href":"https:\/\/mersinkadingazetesi.com\/index.php?rest_route=\/wp\/v2\/posts\/32612\/revisions"}],"wp:featuredmedia":[{"embeddable":true,"href":"https:\/\/mersinkadingazetesi.com\/index.php?rest_route=\/wp\/v2\/media\/32613"}],"wp:attachment":[{"href":"https:\/\/mersinkadingazetesi.com\/index.php?rest_route=%2Fwp%2Fv2%2Fmedia&parent=32612"}],"wp:term":[{"taxonomy":"category","embeddable":true,"href":"https:\/\/mersinkadingazetesi.com\/index.php?rest_route=%2Fwp%2Fv2%2Fcategories&post=32612"},{"taxonomy":"post_tag","embeddable":true,"href":"https:\/\/mersinkadingazetesi.com\/index.php?rest_route=%2Fwp%2Fv2%2Ftags&post=32612"}],"curies":[{"name":"wp","href":"https:\/\/api.w.org\/{rel}","templated":true}]}}