{"id":32643,"date":"2024-05-17T12:52:35","date_gmt":"2024-05-17T09:52:35","guid":{"rendered":"http:\/\/mersinkadingazetesi.com\/?p=32643"},"modified":"2024-05-17T12:52:35","modified_gmt":"2024-05-17T09:52:35","slug":"baskan-secerden-19-mayis-ataturku-anma-genclik-ve-spor-bayrami-mesaji","status":"publish","type":"post","link":"https:\/\/mersinkadingazetesi.com\/?p=32643","title":{"rendered":"BA\u015eKAN SE\u00c7ER&#8217;DEN &#8217;19 MAYIS ATAT\u00dcRK&#8217;\u00dc ANMA, GEN\u00c7L\u0130K VE SPOR BAYRAMI&#8217; MESAJI"},"content":{"rendered":"<p>Mersin B\u00fcy\u00fck\u015fehir Belediye Ba\u015fkan\u0131 Vahap Se\u00e7er, &#8217;19 May\u0131s Atat\u00fcrk&#8217;\u00fc Anma, Gen\u00e7lik ve Spor Bayram\u0131&#8217; dolay\u0131s\u0131yla bir mesaj yay\u0131nlad\u0131.<\/p>\n<p>Ba\u015fkan Se\u00e7er mesaj\u0131na \u015fu ifadelere yer verdi:<\/p>\n<p>&#8220;De\u011ferli gen\u00e7ler; 19 May\u0131s Atat\u00fcrk&#8217;\u00fc Anma, Gen\u00e7lik ve Spor Bayram\u0131n\u0131 kutlaman\u0131n co\u015fkusunu ve heyecan\u0131n\u0131 ya\u015f\u0131yoruz.<\/p>\n<p>Bu b\u00fcy\u00fck bayram, T\u00fcrkiye Cumhuriyeti&#8217;nin temellerinin at\u0131ld\u0131\u011f\u0131, gen\u00e7lerimizin \u00f6zg\u00fcrl\u00fck ve ba\u011f\u0131ms\u0131zl\u0131k m\u00fccadelesinin sembol\u00fcd\u00fcr. Bug\u00fcn, ulusal birli\u011fimizi ve beraberli\u011fimizi g\u00fc\u00e7lendiren en \u00f6nemli g\u00fcnlerden biridir.<\/p>\n<p>Yine 15-21 May\u0131s Gen\u00e7lik Haftas\u0131, gen\u00e7lerimizin gelece\u011fe umutla bakmas\u0131n\u0131, hayallerini ger\u00e7ekle\u015ftirmek i\u00e7in gerekli olan bilgi ve becerilere sahip olmalar\u0131n\u0131 desteklemek i\u00e7in ayr\u0131 bir anlam ta\u015f\u0131yor. Gen\u00e7lerimiz, \u00fclkemizin gelece\u011finin teminat\u0131d\u0131r ve onlar\u0131n yarat\u0131c\u0131l\u0131\u011f\u0131, \u00f6zverisi ve \u00e7al\u0131\u015fkanl\u0131\u011f\u0131; daha g\u00fc\u00e7l\u00fc, daha ayd\u0131nl\u0131k bir yar\u0131n i\u00e7in bizi umutland\u0131rmaktad\u0131r.<\/p>\n<p>Bu anlaml\u0131 g\u00fcn vesilesiyle, Mersin&#8217;in de\u011ferli gen\u00e7leriyle bir araya gelmek, onlar\u0131n dinamizmini, heyecan\u0131n\u0131 ve enerjisini payla\u015fmak i\u00e7in Mersin B\u00fcy\u00fck\u015fehir Belediyesi olarak hafta boyunca \u00e7e\u015fitli konserler, spor ve k\u00fclt\u00fcr etkinlikleri organize ettik. T\u00fcm gen\u00e7lerimizi bu etkinliklerimize davet ediyorum. Mersin B\u00fcy\u00fck\u015fehir Belediyesi olarak gen\u00e7lerimizin her zaman yan\u0131nda oldu\u011fumuzu, onlar\u0131n ba\u015far\u0131lar\u0131 i\u00e7in her t\u00fcrl\u00fc deste\u011fi vermeye haz\u0131r oldu\u011fumu bir kez daha vurgulamak isterim.<\/p>\n<p>19 May\u0131s Atat\u00fcrk&#8217;\u00fc Anma, Gen\u00e7lik ve Spor Bayram\u0131n\u0131z\u0131 en i\u00e7ten duygular\u0131mla kutlar, Mersin&#8217;in ve \u00fclkemizin her k\u00f6\u015fesinde ya\u015fayan gen\u00e7lerimize ba\u015far\u0131lar ve mutluluklar dilerim.&#8221;<\/p>\n","protected":false},"excerpt":{"rendered":"<p>Mersin B\u00fcy\u00fck\u015fehir Belediye Ba\u015fkan\u0131 Vahap Se\u00e7er, &#8217;19 May\u0131s Atat\u00fcrk&#8217;\u00fc Anma, Gen\u00e7lik ve Spor Bayram\u0131&#8217; dolay\u0131s\u0131yla bir mesaj yay\u0131nlad\u0131. Ba\u015fkan Se\u00e7er mesaj\u0131na \u015fu ifadelere yer verdi: &#8220;De\u011ferli gen\u00e7ler; 19 May\u0131s Atat\u00fcrk&#8217;\u00fc Anma, Gen\u00e7lik ve Spor Bayram\u0131n\u0131 kutlaman\u0131n co\u015fkusunu ve heyecan\u0131n\u0131 ya\u015f\u0131yoruz. Bu b\u00fcy\u00fck bayram, T\u00fcrkiye Cumhuriyeti&#8217;nin temellerinin at\u0131ld\u0131\u011f\u0131, gen\u00e7lerimizin \u00f6zg\u00fcrl\u00fck ve ba\u011f\u0131ms\u0131zl\u0131k m\u00fccadelesinin sembol\u00fcd\u00fcr. Bug\u00fcn, ulusal [&hellip;]<\/p>\n","protected":false},"author":2,"featured_media":32644,"comment_status":"open","ping_status":"open","sticky":false,"template":"","format":"standard","meta":{"footnotes":""},"categories":[3],"tags":[],"class_list":["post-32643","post","type-post","status-publish","format-standard","has-post-thumbnail","hentry","category-manset"],"views":6,"_links":{"self":[{"href":"https:\/\/mersinkadingazetesi.com\/index.php?rest_route=\/wp\/v2\/posts\/32643"}],"collection":[{"href":"https:\/\/mersinkadingazetesi.com\/index.php?rest_route=\/wp\/v2\/posts"}],"about":[{"href":"https:\/\/mersinkadingazetesi.com\/index.php?rest_route=\/wp\/v2\/types\/post"}],"author":[{"embeddable":true,"href":"https:\/\/mersinkadingazetesi.com\/index.php?rest_route=\/wp\/v2\/users\/2"}],"replies":[{"embeddable":true,"href":"https:\/\/mersinkadingazetesi.com\/index.php?rest_route=%2Fwp%2Fv2%2Fcomments&post=32643"}],"version-history":[{"count":0,"href":"https:\/\/mersinkadingazetesi.com\/index.php?rest_route=\/wp\/v2\/posts\/32643\/revisions"}],"wp:featuredmedia":[{"embeddable":true,"href":"https:\/\/mersinkadingazetesi.com\/index.php?rest_route=\/wp\/v2\/media\/32644"}],"wp:attachment":[{"href":"https:\/\/mersinkadingazetesi.com\/index.php?rest_route=%2Fwp%2Fv2%2Fmedia&parent=32643"}],"wp:term":[{"taxonomy":"category","embeddable":true,"href":"https:\/\/mersinkadingazetesi.com\/index.php?rest_route=%2Fwp%2Fv2%2Fcategories&post=32643"},{"taxonomy":"post_tag","embeddable":true,"href":"https:\/\/mersinkadingazetesi.com\/index.php?rest_route=%2Fwp%2Fv2%2Ftags&post=32643"}],"curies":[{"name":"wp","href":"https:\/\/api.w.org\/{rel}","templated":true}]}}