{"id":32654,"date":"2024-05-17T16:53:32","date_gmt":"2024-05-17T13:53:32","guid":{"rendered":"http:\/\/mersinkadingazetesi.com\/?p=32654"},"modified":"2024-05-17T16:53:32","modified_gmt":"2024-05-17T13:53:32","slug":"mhp-mersin-milletvekili-dr-levent-uysaldan-19-mayis-kutlama-mesaji","status":"publish","type":"post","link":"https:\/\/mersinkadingazetesi.com\/?p=32654","title":{"rendered":"MHP MERS\u0130N M\u0130LLETVEK\u0130L\u0130 DR. LEVENT UYSAL\u2019DAN 19 MAYIS KUTLAMA MESAJI"},"content":{"rendered":"<p>Milliyet\u00e7i Hareket Partisi Mersin Milletvekili ve MYK \u00dcyesi Dr. Levent Uysal, 19 May\u0131s Atat\u00fcrk\u2019\u00fc Anma Gen\u00e7lik ve Spor Bayram\u0131 vesilesiyle yaz\u0131l\u0131 a\u00e7\u0131klama yapt\u0131.<br \/>\nMilletvekili Uysal a\u00e7\u0131klamas\u0131nda \u015fu ifadelere yer verdi;<br \/>\n\u201c19 May\u0131s 1919 tarihinde \u2018Ya \u0130stiklal Ya \u00d6l\u00fcm\u2019 d\u00fc\u015f\u00fcncesiyle Samsun\u2019dan ba\u015flat\u0131lan; \u00fclkemizin bar\u0131\u015f\u0131 ve huzuru i\u00e7in kutsal olan bu m\u00fccadele, zaferle sonu\u00e7lanm\u0131\u015ft\u0131r. Kurtulu\u015f Sava\u015f\u0131\u2019n\u0131n ba\u015flang\u0131c\u0131 say\u0131lan kutlu s\u00fcre\u00e7ten sonra T\u00fcrkiye Cumhuriyeti Devleti kurulmu\u015ftur. Ayr\u0131ca 19 May\u0131s 1919, kendisini T\u00fcrkiye Cumhuriyeti ile \u00f6zde\u015fle\u015ftiren Mustafa Kemal Atat\u00fcrk\u2019\u00fcn \u2018Ben o g\u00fcn do\u011fdum\u2019 dedi\u011fi mukaddes bir g\u00fcnd\u00fcr. Gazi Mustafa Kemal Atat\u00fcrk, silah arkada\u015flar\u0131 ile Aziz milletimizin inanc\u0131 ve vatan sevgisiyle kurulan Cumhuriyetimiz gen\u00e7lerimize emanet edilmi\u015f ve ilelebet payidar kalaca\u011f\u0131 vurgulanm\u0131\u015ft\u0131r. \u2018Milletin ba\u011fr\u0131ndan temiz bir nesil yeti\u015fiyor. Bu eseri, T\u00fcrkiye Cumhuriyeti\u2019ni ona b\u0131rakaca\u011f\u0131m ve g\u00f6z\u00fcm arkada kalmayacak\u2019 diyen Atat\u00fcrk bu s\u00f6z\u00fcyle gen\u00e7lere olan g\u00fcvenini anlatm\u0131\u015ft\u0131r. Biz de i\u00e7inde bulundu\u011fumuz T\u00fcrk ve T\u00fcrkiye y\u00fczy\u0131l\u0131nda en \u00e7ok gen\u00e7lerimizin fikirlerini \u00f6n planda tutuyor, onlar\u0131n hayatlar\u0131n\u0131 \u015fekillendirmesinde do\u011fru yolu se\u00e7ebilmeleri i\u00e7in gayret ediyoruz. Cumhuriyetimizin ikinci y\u00fczy\u0131l\u0131nda da ayd\u0131nl\u0131k yar\u0131nlar\u0131m\u0131z\u0131n teminat\u0131 gen\u00e7lerimizi dinleyerek, onlarla ortak \u00e7al\u0131\u015fmalar yapaca\u011f\u0131z. 19 May\u0131s, gen\u00e7lik; gen\u00e7lik gelecek demektir. T\u00fcrk genci, T\u00fcrk \u0130stiklali ve T\u00fcrkiye Cumhuriyeti&#8217;nin y\u0131lmaz bek\u00e7isi, bug\u00fcn ve yar\u0131nlar\u0131n g\u00fcvencesidir. Milli de\u011ferlerin \u0131\u015f\u0131\u011f\u0131nda T\u00fcrk istiklalini ve T\u00fcrk Cumhuriyeti\u2019ni sonsuza dek koruma g\u00f6revi emanet edilen T\u00fcrk gen\u00e7li\u011finin 19 May\u0131s Atat\u00fcrk\u2019\u00fc Anma Gen\u00e7lik ve Spor Bayram\u0131\u2019n\u0131 kutluyorum.\u201d<\/p>\n","protected":false},"excerpt":{"rendered":"<p>Milliyet\u00e7i Hareket Partisi Mersin Milletvekili ve MYK \u00dcyesi Dr. Levent Uysal, 19 May\u0131s Atat\u00fcrk\u2019\u00fc Anma Gen\u00e7lik ve Spor Bayram\u0131 vesilesiyle yaz\u0131l\u0131 a\u00e7\u0131klama yapt\u0131. Milletvekili Uysal a\u00e7\u0131klamas\u0131nda \u015fu ifadelere yer verdi; \u201c19 May\u0131s 1919 tarihinde \u2018Ya \u0130stiklal Ya \u00d6l\u00fcm\u2019 d\u00fc\u015f\u00fcncesiyle Samsun\u2019dan ba\u015flat\u0131lan; \u00fclkemizin bar\u0131\u015f\u0131 ve huzuru i\u00e7in kutsal olan bu m\u00fccadele, zaferle sonu\u00e7lanm\u0131\u015ft\u0131r. Kurtulu\u015f Sava\u015f\u0131\u2019n\u0131n ba\u015flang\u0131c\u0131 [&hellip;]<\/p>\n","protected":false},"author":2,"featured_media":32655,"comment_status":"open","ping_status":"open","sticky":false,"template":"","format":"standard","meta":{"footnotes":""},"categories":[3],"tags":[],"class_list":["post-32654","post","type-post","status-publish","format-standard","has-post-thumbnail","hentry","category-manset"],"views":32,"_links":{"self":[{"href":"https:\/\/mersinkadingazetesi.com\/index.php?rest_route=\/wp\/v2\/posts\/32654"}],"collection":[{"href":"https:\/\/mersinkadingazetesi.com\/index.php?rest_route=\/wp\/v2\/posts"}],"about":[{"href":"https:\/\/mersinkadingazetesi.com\/index.php?rest_route=\/wp\/v2\/types\/post"}],"author":[{"embeddable":true,"href":"https:\/\/mersinkadingazetesi.com\/index.php?rest_route=\/wp\/v2\/users\/2"}],"replies":[{"embeddable":true,"href":"https:\/\/mersinkadingazetesi.com\/index.php?rest_route=%2Fwp%2Fv2%2Fcomments&post=32654"}],"version-history":[{"count":0,"href":"https:\/\/mersinkadingazetesi.com\/index.php?rest_route=\/wp\/v2\/posts\/32654\/revisions"}],"wp:featuredmedia":[{"embeddable":true,"href":"https:\/\/mersinkadingazetesi.com\/index.php?rest_route=\/wp\/v2\/media\/32655"}],"wp:attachment":[{"href":"https:\/\/mersinkadingazetesi.com\/index.php?rest_route=%2Fwp%2Fv2%2Fmedia&parent=32654"}],"wp:term":[{"taxonomy":"category","embeddable":true,"href":"https:\/\/mersinkadingazetesi.com\/index.php?rest_route=%2Fwp%2Fv2%2Fcategories&post=32654"},{"taxonomy":"post_tag","embeddable":true,"href":"https:\/\/mersinkadingazetesi.com\/index.php?rest_route=%2Fwp%2Fv2%2Ftags&post=32654"}],"curies":[{"name":"wp","href":"https:\/\/api.w.org\/{rel}","templated":true}]}}