{"id":32666,"date":"2024-05-19T10:41:58","date_gmt":"2024-05-19T07:41:58","guid":{"rendered":"http:\/\/mersinkadingazetesi.com\/?p=32666"},"modified":"2024-05-19T10:41:58","modified_gmt":"2024-05-19T07:41:58","slug":"mersinde-orman-benim-kampanyasi-devam-ediyor","status":"publish","type":"post","link":"https:\/\/mersinkadingazetesi.com\/?p=32666","title":{"rendered":"Mersin\u2019de \u201cOrman Benim\u201d Kampanyas\u0131 Devam Ediyor"},"content":{"rendered":"<p>Tar\u0131m ve Orman Bakanl\u0131\u011f\u0131m\u0131zca 3 May\u0131s\u2019ta \u00fclke genelinde e\u015f zamanl\u0131 d\u00fczenlenen \u201cOrman Benim\u201d kampanyas\u0131, ilimiz genelinde Mersin Valili\u011finin talimatlar\u0131yla devam ediyor.<br \/>\nBu kapsamda bu hafta Bozyaz\u0131 ve Erdemli Orman \u0130\u015fletme M\u00fcd\u00fcrl\u00fcklerince devam eden kampanyada Bozyaz\u0131 Kaymakam\u0131 Tucay Topsakalo\u011flu, kurum amirleri, i\u015fletme m\u00fcd\u00fcrleri ve i\u015fletme personelleri, \u00f6\u011frenciler, \u00f6\u011fretmenler, sivil toplum kurulu\u015flar\u0131 ve vatanda\u015flar taraf\u0131ndan orman yang\u0131nlar\u0131na kar\u015f\u0131 duyarl\u0131l\u0131\u011f\u0131n\u0131n art\u0131r\u0131larak fark\u0131ndal\u0131k olu\u015fturulmas\u0131 kapsam\u0131nda, ormanl\u0131k alanlarda yan\u0131c\u0131 maddeler azalt\u0131larak (\u00e7al\u0131,diri \u00f6rt\u00fc temizli\u011fi ve alt dal budamas\u0131), \u00e7\u00f6pler temizlenmi\u015ftir.<br \/>\nOrman benim diyerek ormanlar\u0131m\u0131z\u0131 hep birlikte koruyal\u0131m, kollayal\u0131m.<\/p>\n","protected":false},"excerpt":{"rendered":"<p>Tar\u0131m ve Orman Bakanl\u0131\u011f\u0131m\u0131zca 3 May\u0131s\u2019ta \u00fclke genelinde e\u015f zamanl\u0131 d\u00fczenlenen \u201cOrman Benim\u201d kampanyas\u0131, ilimiz genelinde Mersin Valili\u011finin talimatlar\u0131yla devam ediyor. Bu kapsamda bu hafta Bozyaz\u0131 ve Erdemli Orman \u0130\u015fletme M\u00fcd\u00fcrl\u00fcklerince devam eden kampanyada Bozyaz\u0131 Kaymakam\u0131 Tucay Topsakalo\u011flu, kurum amirleri, i\u015fletme m\u00fcd\u00fcrleri ve i\u015fletme personelleri, \u00f6\u011frenciler, \u00f6\u011fretmenler, sivil toplum kurulu\u015flar\u0131 ve vatanda\u015flar taraf\u0131ndan orman yang\u0131nlar\u0131na [&hellip;]<\/p>\n","protected":false},"author":2,"featured_media":32667,"comment_status":"open","ping_status":"open","sticky":false,"template":"","format":"standard","meta":{"footnotes":""},"categories":[3],"tags":[],"class_list":["post-32666","post","type-post","status-publish","format-standard","has-post-thumbnail","hentry","category-manset"],"views":3,"_links":{"self":[{"href":"https:\/\/mersinkadingazetesi.com\/index.php?rest_route=\/wp\/v2\/posts\/32666"}],"collection":[{"href":"https:\/\/mersinkadingazetesi.com\/index.php?rest_route=\/wp\/v2\/posts"}],"about":[{"href":"https:\/\/mersinkadingazetesi.com\/index.php?rest_route=\/wp\/v2\/types\/post"}],"author":[{"embeddable":true,"href":"https:\/\/mersinkadingazetesi.com\/index.php?rest_route=\/wp\/v2\/users\/2"}],"replies":[{"embeddable":true,"href":"https:\/\/mersinkadingazetesi.com\/index.php?rest_route=%2Fwp%2Fv2%2Fcomments&post=32666"}],"version-history":[{"count":0,"href":"https:\/\/mersinkadingazetesi.com\/index.php?rest_route=\/wp\/v2\/posts\/32666\/revisions"}],"wp:featuredmedia":[{"embeddable":true,"href":"https:\/\/mersinkadingazetesi.com\/index.php?rest_route=\/wp\/v2\/media\/32667"}],"wp:attachment":[{"href":"https:\/\/mersinkadingazetesi.com\/index.php?rest_route=%2Fwp%2Fv2%2Fmedia&parent=32666"}],"wp:term":[{"taxonomy":"category","embeddable":true,"href":"https:\/\/mersinkadingazetesi.com\/index.php?rest_route=%2Fwp%2Fv2%2Fcategories&post=32666"},{"taxonomy":"post_tag","embeddable":true,"href":"https:\/\/mersinkadingazetesi.com\/index.php?rest_route=%2Fwp%2Fv2%2Ftags&post=32666"}],"curies":[{"name":"wp","href":"https:\/\/api.w.org\/{rel}","templated":true}]}}