{"id":32669,"date":"2024-05-19T10:43:21","date_gmt":"2024-05-19T07:43:21","guid":{"rendered":"http:\/\/mersinkadingazetesi.com\/?p=32669"},"modified":"2024-05-19T10:43:21","modified_gmt":"2024-05-19T07:43:21","slug":"meskinin-egitimleri-ile-engeller-asiliyor","status":"publish","type":"post","link":"https:\/\/mersinkadingazetesi.com\/?p=32669","title":{"rendered":"MESK\u0130&#8217;N\u0130N E\u011e\u0130T\u0130MLER\u0130 \u0130LE ENGELLER A\u015eILIYOR"},"content":{"rendered":"<p>Mersin B\u00fcy\u00fck\u015fehir Belediyesi Mersin Su ve Kanalizasyon \u0130daresi (MESK\u0130) Genel M\u00fcd\u00fcrl\u00fc\u011f\u00fc, 10-16 May\u0131s Engelliler Haftas\u0131 kapsam\u0131nda \u00f6zel gereksinimli \u00f6\u011frencilere su tasarrufu e\u011fitimi verdi. Sunumu dikkatle izleyen \u00f6\u011frenciler yeni bilgiler \u00f6\u011frenirken ayn\u0131 zamanda keyifli bir vakit ge\u00e7irmi\u015f oldu.<\/p>\n<p>Mersin B\u00fcy\u00fck\u015fehir Belediye Ba\u015fkan\u0131 Vahap Se\u00e7er&#8217;in \u00f6nc\u00fcl\u00fc\u011f\u00fcnde Mersin&#8217;in t\u00fcm mahallelerini kaliteli altyap\u0131 a\u011flar\u0131yla donatan MESK\u0130 Genel M\u00fcd\u00fcrl\u00fc\u011f\u00fc, sosyal ve k\u00fclt\u00fcrel etkinliklerini de h\u0131z kesmeden s\u00fcrd\u00fcr\u00fcyor. MESK\u0130 Bas\u0131n Yay\u0131n ve Halkla \u0130li\u015fkiler \u015eube M\u00fcd\u00fcrl\u00fc\u011f\u00fc, 7&#8217;den 70&#8217;e t\u00fcm vatanda\u015flara su tasarrufu e\u011fitimleri vermeye aral\u0131ks\u0131z devam ediyor. Bas\u0131n Yay\u0131n ve Halkla \u0130li\u015fkiler \u015eube M\u00fcd\u00fcr\u00fc \u00d6zge G\u00fcnde\u015f ile \u0130\u015f Sa\u011fl\u0131\u011f\u0131 ve G\u00fcvenli\u011fi \u015eube M\u00fcd\u00fcrl\u00fc\u011f\u00fc&#8217;nde g\u00f6rev yapan Sevgi Temel, 10-16 May\u0131s Engelliler Haftas\u0131 dolay\u0131s\u0131yla \u00f6zel gereksinimli \u00f6\u011frencilere ve ailelerine suyun \u00f6nemi, tasarruf ve \u00e7evre bilinci hakk\u0131nda geni\u015f kapsaml\u0131 bir sunum ger\u00e7ekle\u015ftirdi.<\/p>\n<p>MESK\u0130, vatanda\u015flar\u0131 su tasarrufu konusunda bilin\u00e7lendirmeye devam ediyor<\/p>\n<p>E\u011fitimlerde yap\u0131lan sunumla birlikte MESK\u0130&#8217;nin bilin\u00e7li su t\u00fcketimini yayg\u0131nla\u015ft\u0131rmak ve su israf\u0131n\u0131 \u00f6nlemek amac\u0131yla yapt\u0131\u011f\u0131 \u00e7al\u0131\u015fmalar da \u00f6\u011frencilere anlat\u0131l\u0131yor. Su tasarrufu, suyun ve \u00e7evrenin korunmas\u0131n\u0131n \u00f6nemi konular\u0131nda bilin\u00e7lendirme e\u011fitimlerinin yan\u0131 s\u0131ra su kullan\u0131m k\u00fclt\u00fcr\u00fcn\u00fcn olu\u015fmas\u0131na katk\u0131 sunuluyor. Su kullan\u0131m\u0131nda bilin\u00e7li, \u00e7evreye duyarl\u0131 bireyler yeti\u015ftirmeyi ama\u00e7layan MESK\u0130, ger\u00e7ekle\u015ftirdi\u011fi e\u011fitimler sayesinde \u00f6\u011frencilerin ailelerine de ula\u015fmay\u0131 planl\u0131yor.<\/p>\n","protected":false},"excerpt":{"rendered":"<p>Mersin B\u00fcy\u00fck\u015fehir Belediyesi Mersin Su ve Kanalizasyon \u0130daresi (MESK\u0130) Genel M\u00fcd\u00fcrl\u00fc\u011f\u00fc, 10-16 May\u0131s Engelliler Haftas\u0131 kapsam\u0131nda \u00f6zel gereksinimli \u00f6\u011frencilere su tasarrufu e\u011fitimi verdi. Sunumu dikkatle izleyen \u00f6\u011frenciler yeni bilgiler \u00f6\u011frenirken ayn\u0131 zamanda keyifli bir vakit ge\u00e7irmi\u015f oldu. Mersin B\u00fcy\u00fck\u015fehir Belediye Ba\u015fkan\u0131 Vahap Se\u00e7er&#8217;in \u00f6nc\u00fcl\u00fc\u011f\u00fcnde Mersin&#8217;in t\u00fcm mahallelerini kaliteli altyap\u0131 a\u011flar\u0131yla donatan MESK\u0130 Genel M\u00fcd\u00fcrl\u00fc\u011f\u00fc, sosyal [&hellip;]<\/p>\n","protected":false},"author":2,"featured_media":32670,"comment_status":"open","ping_status":"open","sticky":false,"template":"","format":"standard","meta":{"footnotes":""},"categories":[3,9],"tags":[],"class_list":["post-32669","post","type-post","status-publish","format-standard","has-post-thumbnail","hentry","category-manset","category-saglik"],"views":7,"_links":{"self":[{"href":"https:\/\/mersinkadingazetesi.com\/index.php?rest_route=\/wp\/v2\/posts\/32669"}],"collection":[{"href":"https:\/\/mersinkadingazetesi.com\/index.php?rest_route=\/wp\/v2\/posts"}],"about":[{"href":"https:\/\/mersinkadingazetesi.com\/index.php?rest_route=\/wp\/v2\/types\/post"}],"author":[{"embeddable":true,"href":"https:\/\/mersinkadingazetesi.com\/index.php?rest_route=\/wp\/v2\/users\/2"}],"replies":[{"embeddable":true,"href":"https:\/\/mersinkadingazetesi.com\/index.php?rest_route=%2Fwp%2Fv2%2Fcomments&post=32669"}],"version-history":[{"count":0,"href":"https:\/\/mersinkadingazetesi.com\/index.php?rest_route=\/wp\/v2\/posts\/32669\/revisions"}],"wp:featuredmedia":[{"embeddable":true,"href":"https:\/\/mersinkadingazetesi.com\/index.php?rest_route=\/wp\/v2\/media\/32670"}],"wp:attachment":[{"href":"https:\/\/mersinkadingazetesi.com\/index.php?rest_route=%2Fwp%2Fv2%2Fmedia&parent=32669"}],"wp:term":[{"taxonomy":"category","embeddable":true,"href":"https:\/\/mersinkadingazetesi.com\/index.php?rest_route=%2Fwp%2Fv2%2Fcategories&post=32669"},{"taxonomy":"post_tag","embeddable":true,"href":"https:\/\/mersinkadingazetesi.com\/index.php?rest_route=%2Fwp%2Fv2%2Ftags&post=32669"}],"curies":[{"name":"wp","href":"https:\/\/api.w.org\/{rel}","templated":true}]}}