{"id":32672,"date":"2024-05-19T10:44:35","date_gmt":"2024-05-19T07:44:35","guid":{"rendered":"http:\/\/mersinkadingazetesi.com\/?p=32672"},"modified":"2024-05-19T10:44:35","modified_gmt":"2024-05-19T07:44:35","slug":"mersin-buyuksehirin-engelliler-haftasi-etkinlikleri-suruyor","status":"publish","type":"post","link":"https:\/\/mersinkadingazetesi.com\/?p=32672","title":{"rendered":"MERS\u0130N B\u00dcY\u00dcK\u015eEH\u0130R&#8217;\u0130N &#8216;ENGELL\u0130LER HAFTASI&#8217; ETK\u0130NL\u0130KLER\u0130 S\u00dcR\u00dcYOR"},"content":{"rendered":"<p>Mersin B\u00fcy\u00fck\u015fehir Belediyesi Sa\u011fl\u0131k \u0130\u015fleri Dairesi&#8217;nin &#8217;10-16 May\u0131s Engelliler Haftas\u0131&#8217; kapsam\u0131nda d\u00fczenledi\u011fi etkinlikler devam ediyor. Hem ebeveynler, hem de \u00f6zel gereksinimli bireyler i\u00e7in d\u00fczenlenen etkinliklerin biri de &#8216;\u00d6zel \u00c7ocuk Anneleri ile Beden ve Ruh Sa\u011fl\u0131\u011f\u0131 At\u00f6lyesi&#8217; oldu.<\/p>\n<p>At\u00f6lye program\u0131nda ilk olarak Opr. Dr. Sezin Sayg\u0131 \u00d6zyurt, kad\u0131n sa\u011fl\u0131\u011f\u0131na y\u00f6nelik bilgilendirici sunum yapt\u0131. Jinekolojik muayenenin \u00f6nemini anlatan \u00d6zyurt; muayene s\u0131kl\u0131\u011f\u0131, rahim a\u011fz\u0131 kanserine kar\u015f\u0131 HPV taramas\u0131n\u0131n \u00f6nemi ve testlerin s\u0131kl\u0131\u011f\u0131 ile ilgili \u00f6nemli bilgiler verdi.<\/p>\n<p>Uzman Psikolog Dila Aslan, \u00f6z \u015fefkat at\u00f6lyesi ger\u00e7ekle\u015ftirdi. \u00d6zel gereksinimli ailelerin, kar\u015f\u0131s\u0131ndakine sundu\u011fu anlay\u0131\u015f ve ilgiyi kendilerine de g\u00f6stermeleri gerekti\u011fi konusunda kar\u015f\u0131l\u0131kl\u0131 sohbet havas\u0131nda ge\u00e7en at\u00f6lyenin ard\u0131ndan, Fizyoterapist ve Yoga E\u011fitmeni Merve Soydan yoga dersi verdi. Anneler program\u0131n sonunda hem ruhen, hem de bedenen rahatlad\u0131klar\u0131n\u0131 belirttiler.<\/p>\n<p>Opr. Dr. \u00d6zyurt: &#8220;Kad\u0131nlar\u0131m\u0131za, d\u00fczenli jinekolojik kontrollerin \u00f6nemini anlatt\u0131k&#8221;<\/p>\n<p>Kad\u0131n Hastal\u0131klar\u0131 ve Do\u011fum Uzman\u0131 Opr. Dr. Sezin Sayg\u0131 \u00d6zyurt, kad\u0131n sa\u011fl\u0131\u011f\u0131 konusunda \u00e7e\u015fitli konularda bilgilendirmede bulunarak, &#8220;\u00d6zel \u00e7ocuklar\u0131m\u0131z\u0131n annelerine, d\u00fczenli jinekolojik kontrollerin \u00f6nemini anlatt\u0131k. Kad\u0131nlar\u0131m\u0131z bazen, g\u00fcnl\u00fck hayat\u0131n ko\u015fturmacas\u0131 i\u00e7inde kendilerini unutabiliyorlar. D\u00fczenli jinekolojik kontrollerin \u00f6nemi, kad\u0131n sa\u011fl\u0131\u011f\u0131, hastal\u0131klar olu\u015fmadan onu engelleyebilmek ve \u00f6zellikle HPV ile ilgili bilgilendirmede bulunduk. Rahim a\u011fz\u0131 kanserinden korunma yollar\u0131, bunun a\u015f\u0131s\u0131 ve taramalar\u0131 konusu ile kad\u0131n hastal\u0131klar\u0131ndaki di\u011fer sorunlara da de\u011findik&#8221;  diye konu\u015ftu.<\/p>\n<p>Aslan: &#8220;\u00d6zel \u00e7ocuklar\u0131m\u0131z da, anneleri de bizler i\u00e7in \u00e7ok k\u0131ymetliler&#8221;<\/p>\n<p>B\u00fcy\u00fck\u015fehir Belediyesi Otizm Aile Dan\u0131\u015fma Merkezi&#8217;nde g\u00f6rev yapan Uzman Psikolog Dila Aslan, &#8217;10-16 May\u0131s Engelliler Haftas\u0131&#8217; dolay\u0131s\u0131yla, her g\u00fcn \u00f6zel \u00e7ocuklara ve ebeveynlere y\u00f6nelik etkinlikler d\u00fczenlediklerini anlatarak, &#8220;Bug\u00fcn sadece \u00f6zel \u00e7ocuklar\u0131m\u0131z\u0131n annelerine y\u00f6nelik &#8216;Ruh ve Beden Sa\u011fl\u0131\u011f\u0131 At\u00f6lyesi&#8217;ni yapt\u0131k. Annelerimize \u00f6z \u015fefkat at\u00f6lyesi ger\u00e7ekle\u015ftirdik. \u00d6zel \u00e7ocuklar\u0131m\u0131z da anneleri de bizler i\u00e7in \u00e7ok k\u0131ymetliler. Dolay\u0131s\u0131yla onlar i\u00e7in dolu dolu ge\u00e7en bir g\u00fcn oldu&#8221; dedi.<\/p>\n<p>Soydan: &#8220;G\u00fcnl\u00fck hayatta ya\u015fad\u0131\u011f\u0131m\u0131z bir\u00e7ok \u015fey, beden \u00fczerinden tezah\u00fcr ediyor&#8221;<\/p>\n<p>Fizyoterapist ve Yoga E\u011fitmeni Merve Soydan, yogan\u0131n bedenen rahatlama sa\u011flayaca\u011f\u0131n\u0131 s\u00f6yleyerek, &#8220;Yoga prati\u011fiyle, \u00f6zel gereksinimli bireylerin aileleri i\u00e7in kendi bedenleri \u00fczerinden kendilerine bakmalar\u0131n\u0131 hedefleyen bir pratik yapt\u0131k. G\u00fcnl\u00fck hayatta ya\u015fad\u0131\u011f\u0131m\u0131z bir\u00e7ok \u015fey, beden \u00fczerinden tezah\u00fcr ediyor. Biz de beden \u00fczerinden baz\u0131 pratiklerle, okumalarla rahatlat\u0131c\u0131 \u015fekilde onlara bir nebze de olsa iyi gelmeye \u00e7al\u0131\u015f\u0131yoruz. Bir st\u00fcdyoya gitmelerine gerek kalmadan, kendi hayatlar\u0131nda uygulayabilecekleri basit birka\u00e7 hareket g\u00f6sterdik ve onu d\u00fczenli olarak tekrar ederlerse, bir nebze de olsa rahatlayacaklar\u0131n\u0131 d\u00fc\u015f\u00fcn\u00fcyorum&#8221; ifadelerine yer verdi.<\/p>\n<p>\u00d6zel birey anneleri at\u00f6lyelerden memnun kald\u0131lar<\/p>\n<p>\u00d6zel gereksinimli birey annesi Berrin Tulumbac\u0131, kad\u0131n sa\u011fl\u0131\u011f\u0131 ile ilgili sunumun kendisi i\u00e7in \u00e7ok faydal\u0131 oldu\u011funu ifade ederek, &#8220;O kadar g\u00fczel \u015feyler anlat\u0131ld\u0131 ki&#8230; Bir kanser vir\u00fcs\u00fcndeki iyile\u015fmeyi ilk defa burada \u00f6\u011freniyorum. Yani onun \u00f6l\u00fcmc\u00fcl olmayaca\u011f\u0131n\u0131, bir i\u011fne ile dahi tedavi edilebilece\u011fini \u00f6\u011frendim. Bunlar\u0131n bilhassa \u00f6zel \u00e7ocuk anneleri taraf\u0131ndan \u00f6\u011frenilmesi gerekiyor. Mesela benim k\u0131z\u0131m 30 ya\u015f\u0131nda. O&#8217;nun da g\u00f6t\u00fcr\u00fclmesinin ne kadar do\u011fru oldu\u011funu \u00f6\u011frenmek \u00e7ok g\u00fczel&#8221; dedi.<\/p>\n<p>Etkinlikte \u00f6nemli konulara de\u011finildi\u011fini ve akl\u0131ndaki bir\u00e7ok sorunun yan\u0131t\u0131n\u0131 buldu\u011funu kaydeden Ece Bolat, &#8220;Yap\u0131lan baz\u0131 testlerin s\u00fcrelerini yanl\u0131\u015f biliyormu\u015fum. Onlar\u0131n do\u011frusunu \u00f6\u011frendim. Geldi\u011fim \u00e7ok iyi oldu. G\u00fczel bir seminer oldu. Te\u015fekk\u00fcr ediyorum&#8221; diye konu\u015ftu.<\/p>\n<p>Uzman Psikolog taraf\u0131ndan \u00f6z \u015fefkatle ilgili bilgiler verildi\u011fini ve herhangi bir sorun kar\u015f\u0131s\u0131nda kendileri i\u00e7in neler yapabilecekleri konusunda ayd\u0131nland\u0131klar\u0131n\u0131 ifade eden bir ba\u015fka \u00f6zel birey annesi Deniz Kara ise, &#8220;Bir problem kar\u015f\u0131s\u0131nda nas\u0131l davranmam\u0131z gerekti\u011fini ve kendimize de\u011fer vermemiz gerekti\u011fi anlat\u0131ld\u0131&#8221; dedi. Ard\u0131ndan yoga prati\u011fi yapt\u0131klar\u0131n\u0131 s\u00f6zlerine ekleyen Kara, &#8220;Yoga ile hem zihinsel, hem de bedensel b\u00fcy\u00fck bir rahatlama ve hafifleme hissettik. Ki\u015fi kendini iyi hissediyorsa onun devam\u0131n\u0131 getirmeli&#8221; ifadelerini kulland\u0131.<\/p>\n","protected":false},"excerpt":{"rendered":"<p>Mersin B\u00fcy\u00fck\u015fehir Belediyesi Sa\u011fl\u0131k \u0130\u015fleri Dairesi&#8217;nin &#8217;10-16 May\u0131s Engelliler Haftas\u0131&#8217; kapsam\u0131nda d\u00fczenledi\u011fi etkinlikler devam ediyor. Hem ebeveynler, hem de \u00f6zel gereksinimli bireyler i\u00e7in d\u00fczenlenen etkinliklerin biri de &#8216;\u00d6zel \u00c7ocuk Anneleri ile Beden ve Ruh Sa\u011fl\u0131\u011f\u0131 At\u00f6lyesi&#8217; oldu. At\u00f6lye program\u0131nda ilk olarak Opr. Dr. Sezin Sayg\u0131 \u00d6zyurt, kad\u0131n sa\u011fl\u0131\u011f\u0131na y\u00f6nelik bilgilendirici sunum yapt\u0131. Jinekolojik muayenenin \u00f6nemini [&hellip;]<\/p>\n","protected":false},"author":2,"featured_media":32673,"comment_status":"open","ping_status":"open","sticky":false,"template":"","format":"standard","meta":{"footnotes":""},"categories":[3,9],"tags":[],"class_list":["post-32672","post","type-post","status-publish","format-standard","has-post-thumbnail","hentry","category-manset","category-saglik"],"views":19,"_links":{"self":[{"href":"https:\/\/mersinkadingazetesi.com\/index.php?rest_route=\/wp\/v2\/posts\/32672"}],"collection":[{"href":"https:\/\/mersinkadingazetesi.com\/index.php?rest_route=\/wp\/v2\/posts"}],"about":[{"href":"https:\/\/mersinkadingazetesi.com\/index.php?rest_route=\/wp\/v2\/types\/post"}],"author":[{"embeddable":true,"href":"https:\/\/mersinkadingazetesi.com\/index.php?rest_route=\/wp\/v2\/users\/2"}],"replies":[{"embeddable":true,"href":"https:\/\/mersinkadingazetesi.com\/index.php?rest_route=%2Fwp%2Fv2%2Fcomments&post=32672"}],"version-history":[{"count":0,"href":"https:\/\/mersinkadingazetesi.com\/index.php?rest_route=\/wp\/v2\/posts\/32672\/revisions"}],"wp:featuredmedia":[{"embeddable":true,"href":"https:\/\/mersinkadingazetesi.com\/index.php?rest_route=\/wp\/v2\/media\/32673"}],"wp:attachment":[{"href":"https:\/\/mersinkadingazetesi.com\/index.php?rest_route=%2Fwp%2Fv2%2Fmedia&parent=32672"}],"wp:term":[{"taxonomy":"category","embeddable":true,"href":"https:\/\/mersinkadingazetesi.com\/index.php?rest_route=%2Fwp%2Fv2%2Fcategories&post=32672"},{"taxonomy":"post_tag","embeddable":true,"href":"https:\/\/mersinkadingazetesi.com\/index.php?rest_route=%2Fwp%2Fv2%2Ftags&post=32672"}],"curies":[{"name":"wp","href":"https:\/\/api.w.org\/{rel}","templated":true}]}}