{"id":32675,"date":"2024-05-19T10:46:11","date_gmt":"2024-05-19T07:46:11","guid":{"rendered":"http:\/\/mersinkadingazetesi.com\/?p=32675"},"modified":"2024-05-19T10:46:11","modified_gmt":"2024-05-19T07:46:11","slug":"mezitli-belediye-baskani-ahmet-serkan-tuncerden-19-mayis-ataturku-anma-genclik-ve-spor-bayrami-mesaji","status":"publish","type":"post","link":"https:\/\/mersinkadingazetesi.com\/?p=32675","title":{"rendered":"Mezitli Belediye Ba\u015fkan\u0131 Ahmet Serkan Tuncer&#8217;den 19 May\u0131s Atat\u00fcrk&#8217;\u00fc Anma, Gen\u00e7lik ve Spor Bayram\u0131 Mesaj\u0131"},"content":{"rendered":"<p>Mezitli Belediye Ba\u015fkan\u0131 Ahmet Serkan Tuncer, 19 May\u0131s Atat\u00fcrk&#8217;\u00fc Anma, Gen\u00e7lik ve Spor Bayram\u0131 dolay\u0131s\u0131yla bir kutlama mesaj\u0131 yay\u0131mlad\u0131. Ba\u015fkan Tuncer mesaj\u0131nda, Gazi Mustafa Kemal Atat\u00fcrk&#8217;\u00fcn Samsun&#8217;a \u00e7\u0131karak ba\u011f\u0131ms\u0131zl\u0131k m\u00fccadelesini ba\u015flatt\u0131\u011f\u0131 bu \u00f6nemli g\u00fcn\u00fcn, T\u00fcrk milletinin ba\u011f\u0131ms\u0131zl\u0131k ve \u00f6zg\u00fcrl\u00fck yolundaki kararl\u0131l\u0131\u011f\u0131n\u0131 simgeledi\u011fini vurgulad\u0131.<\/p>\n<p>Ba\u015fkan Tuncer mesaj\u0131nda \u015fu ifadelere yer verdi: &#8220;Atat\u00fcrk&#8217;\u00fcn gen\u00e7li\u011fe olan g\u00fcveni ve spora verdi\u011fi \u00f6nem, bizlere her zaman ilham kayna\u011f\u0131 olmu\u015ftur. O, gen\u00e7li\u011fi \u00fclkemizin gelece\u011fi olarak g\u00f6rm\u00fc\u015f ve sporun, sa\u011fl\u0131kl\u0131 bir nesil yeti\u015ftirmedeki rol\u00fcn\u00fc her f\u0131rsatta vurgulam\u0131\u015ft\u0131r. Bu anlay\u0131\u015fla biz de Mezitli Belediyesi olarak, gen\u00e7lerimizin geli\u015fimine katk\u0131da bulunacak etkinlikler d\u00fczenlemeye ve sporun yayg\u0131nla\u015fmas\u0131n\u0131 sa\u011flamaya gayret ediyoruz. Gen\u00e7lerimiz, bu \u00fclkenin ayd\u0131nl\u0131k yar\u0131nlar\u0131d\u0131r. Atat\u00fcrk&#8217;\u00fcn gen\u00e7lerimize emanet etti\u011fi bu g\u00fczel vatan\u0131, onun g\u00f6sterdi\u011fi yolda ilerleyerek daha da ileriye ta\u015f\u0131yacaklar\u0131na olan inanc\u0131m tamd\u0131r. Ba\u011f\u0131ms\u0131zl\u0131k ve \u00f6zg\u00fcrl\u00fck m\u00fccadelemizin ba\u015flang\u0131c\u0131n\u0131 anmaktan onur ve mutluluk duyuyoruz. 19 May\u0131s Atat\u00fcrk&#8217;\u00fc Anma, Gen\u00e7lik ve Spor Bayram\u0131&#8217;m\u0131z kutlu olsun.&#8221;<\/p>\n","protected":false},"excerpt":{"rendered":"<p>Mezitli Belediye Ba\u015fkan\u0131 Ahmet Serkan Tuncer, 19 May\u0131s Atat\u00fcrk&#8217;\u00fc Anma, Gen\u00e7lik ve Spor Bayram\u0131 dolay\u0131s\u0131yla bir kutlama mesaj\u0131 yay\u0131mlad\u0131. Ba\u015fkan Tuncer mesaj\u0131nda, Gazi Mustafa Kemal Atat\u00fcrk&#8217;\u00fcn Samsun&#8217;a \u00e7\u0131karak ba\u011f\u0131ms\u0131zl\u0131k m\u00fccadelesini ba\u015flatt\u0131\u011f\u0131 bu \u00f6nemli g\u00fcn\u00fcn, T\u00fcrk milletinin ba\u011f\u0131ms\u0131zl\u0131k ve \u00f6zg\u00fcrl\u00fck yolundaki kararl\u0131l\u0131\u011f\u0131n\u0131 simgeledi\u011fini vurgulad\u0131. Ba\u015fkan Tuncer mesaj\u0131nda \u015fu ifadelere yer verdi: &#8220;Atat\u00fcrk&#8217;\u00fcn gen\u00e7li\u011fe olan g\u00fcveni ve [&hellip;]<\/p>\n","protected":false},"author":2,"featured_media":32676,"comment_status":"open","ping_status":"open","sticky":false,"template":"","format":"standard","meta":{"footnotes":""},"categories":[1],"tags":[],"class_list":["post-32675","post","type-post","status-publish","format-standard","has-post-thumbnail","hentry","category-genel"],"views":9,"_links":{"self":[{"href":"https:\/\/mersinkadingazetesi.com\/index.php?rest_route=\/wp\/v2\/posts\/32675"}],"collection":[{"href":"https:\/\/mersinkadingazetesi.com\/index.php?rest_route=\/wp\/v2\/posts"}],"about":[{"href":"https:\/\/mersinkadingazetesi.com\/index.php?rest_route=\/wp\/v2\/types\/post"}],"author":[{"embeddable":true,"href":"https:\/\/mersinkadingazetesi.com\/index.php?rest_route=\/wp\/v2\/users\/2"}],"replies":[{"embeddable":true,"href":"https:\/\/mersinkadingazetesi.com\/index.php?rest_route=%2Fwp%2Fv2%2Fcomments&post=32675"}],"version-history":[{"count":0,"href":"https:\/\/mersinkadingazetesi.com\/index.php?rest_route=\/wp\/v2\/posts\/32675\/revisions"}],"wp:featuredmedia":[{"embeddable":true,"href":"https:\/\/mersinkadingazetesi.com\/index.php?rest_route=\/wp\/v2\/media\/32676"}],"wp:attachment":[{"href":"https:\/\/mersinkadingazetesi.com\/index.php?rest_route=%2Fwp%2Fv2%2Fmedia&parent=32675"}],"wp:term":[{"taxonomy":"category","embeddable":true,"href":"https:\/\/mersinkadingazetesi.com\/index.php?rest_route=%2Fwp%2Fv2%2Fcategories&post=32675"},{"taxonomy":"post_tag","embeddable":true,"href":"https:\/\/mersinkadingazetesi.com\/index.php?rest_route=%2Fwp%2Fv2%2Ftags&post=32675"}],"curies":[{"name":"wp","href":"https:\/\/api.w.org\/{rel}","templated":true}]}}