{"id":32678,"date":"2024-05-19T10:49:18","date_gmt":"2024-05-19T07:49:18","guid":{"rendered":"http:\/\/mersinkadingazetesi.com\/?p=32678"},"modified":"2024-05-19T10:49:18","modified_gmt":"2024-05-19T07:49:18","slug":"yenisehir-belediyesi-guven-parkini-bastan-asagi-yeniliyor","status":"publish","type":"post","link":"https:\/\/mersinkadingazetesi.com\/?p=32678","title":{"rendered":"Yeni\u015fehir Belediyesi G\u00fcven Park\u0131\u2019n\u0131 ba\u015ftan a\u015fa\u011f\u0131 yeniliyor"},"content":{"rendered":"<p>Mersin Yeni\u015fehir Belediyesi taraf\u0131ndan G\u00fcvenevler Mahallesi\u2019nde bulunan G\u00fcven Park\u0131\u2019nda s\u00fcrd\u00fcr\u00fclen yenileme \u00e7al\u0131\u015fmalar\u0131nda sona gelindi. Parkta devam eden \u00e7al\u0131\u015fmalar\u0131 yerinde inceleyerek, ekiplerden bilgi alan Ba\u015fkan Abdullah \u00d6zyi\u011fit, park\u0131n yenilenen y\u00fcz\u00fcyle b\u00f6lge sakinlerine daha iyi bir hizmet sunaca\u011f\u0131n\u0131 s\u00f6yledi.<br \/>\nToplamda 2 bin metrekarelik alana sahip olan G\u00fcven Park\u0131, Yeni\u015fehir Belediyesi taraf\u0131ndan kapsaml\u0131 bir yenileme s\u00fcrecine tabi tutuldu. \u00c7al\u0131\u015fmalar kapsam\u0131nda park\u0131n yer d\u00f6\u015femeleri, spor aletleri ve di\u011fer t\u00fcm donat\u0131lar\u0131 yenilendi. Yeniden d\u00fczenlenen park, modern donat\u0131lar\u0131yla vatanda\u015flar\u0131n hizmetine sunulacak. Yeni\u015fehir Belediyesi, park i\u00e7inde in\u015fa edilecek olan Emekli Evi ile emeklilerin sosyal aktivitelerde bulunabilece\u011fi, dinlenip vakit ge\u00e7irebilece\u011fi bir alan da olu\u015fturacak.<br \/>\nYeni\u015fehir Belediyesi Park ve Bah\u00e7eler M\u00fcd\u00fcrl\u00fc\u011f\u00fc ekipleri \u00e7al\u0131\u015fmalar\u0131n\u0131 h\u0131z kesmeden s\u00fcrd\u00fcrerek park\u0131n k\u0131sa s\u00fcrede tamamlanmas\u0131 i\u00e7in yo\u011fun \u00e7aba sarf ediyor. Parkta \u00e7ocuklar i\u00e7in oyun alanlar\u0131, spor yapmak isteyenler i\u00e7in modern spor aletleri ve y\u00fcr\u00fcy\u00fc\u015f yollar\u0131 da yer alacak.<br \/>\n\u00d6zyi\u011fit, \u201cVatanda\u015flar\u0131m\u0131z\u0131n park\u0131n yeni y\u00fcz\u00fcn\u00fc \u00e7ok sevecek.\u201d<br \/>\nParktaki \u00e7al\u0131\u015fmalar\u0131 yerinde inceleyen Yeni\u015fehir Belediye Ba\u015fkan\u0131 Abdullah \u00d6zyi\u011fit, yapt\u0131\u011f\u0131 a\u00e7\u0131klamada \u015fu ifadeleri kulland\u0131: \u201cG\u00fcven Park\u0131\u2019ndaki yenileme \u00e7al\u0131\u015fmalar\u0131 ile vatanda\u015flar\u0131m\u0131z\u0131n daha modern ve kullan\u0131\u015fl\u0131 bir alanda vakit ge\u00e7irmelerini sa\u011flamay\u0131 hedefliyoruz. Bir kent, sadece binalar ve yollarla de\u011fil, ayn\u0131 zamanda insanlar\u0131n sosyal, k\u00fclt\u00fcrel ve fiziksel ihtiya\u00e7lar\u0131n\u0131 kar\u015f\u0131layacak alanlarla da g\u00fczelle\u015fir ve anlam kazan\u0131r. G\u00fcven Park\u0131, i\u015fte bu anlamda Yeni\u015fehir il\u00e7emizin kalbinde yer alan, vatanda\u015flar\u0131m\u0131z\u0131n nefes alabildi\u011fi, dinlenebildi\u011fi ve sosyalle\u015febildi\u011fi \u00f6nemli bir ya\u015fam alan\u0131. G\u00fcven Park\u2019\u0131 yenilerken, modern donat\u0131lar\u0131yla her ya\u015ftan vatanda\u015f\u0131m\u0131z\u0131n ihtiya\u00e7lar\u0131n\u0131 kar\u015f\u0131layacak bir mek\u00e2n yaratmay\u0131 hedefledik. Vatanda\u015flar\u0131m\u0131z\u0131n park\u0131n yeni y\u00fcz\u00fcn\u00fc \u00e7ok sevecek. Burada in\u015fa edece\u011fimiz Emekli Evi projesi ise ya\u015f alm\u0131\u015f vatanda\u015flar\u0131m\u0131z\u0131n sosyal ya\u015famlar\u0131n\u0131 zenginle\u015ftirmek i\u00e7in \u00f6nemli bir ad\u0131m olacak. Park\u0131m\u0131z t\u00fcm vatanda\u015flar\u0131m\u0131za \u015fimdiden hay\u0131rl\u0131 olsun\u201d <\/p>\n","protected":false},"excerpt":{"rendered":"<p>Mersin Yeni\u015fehir Belediyesi taraf\u0131ndan G\u00fcvenevler Mahallesi\u2019nde bulunan G\u00fcven Park\u0131\u2019nda s\u00fcrd\u00fcr\u00fclen yenileme \u00e7al\u0131\u015fmalar\u0131nda sona gelindi. Parkta devam eden \u00e7al\u0131\u015fmalar\u0131 yerinde inceleyerek, ekiplerden bilgi alan Ba\u015fkan Abdullah \u00d6zyi\u011fit, park\u0131n yenilenen y\u00fcz\u00fcyle b\u00f6lge sakinlerine daha iyi bir hizmet sunaca\u011f\u0131n\u0131 s\u00f6yledi. Toplamda 2 bin metrekarelik alana sahip olan G\u00fcven Park\u0131, Yeni\u015fehir Belediyesi taraf\u0131ndan kapsaml\u0131 bir yenileme s\u00fcrecine tabi tutuldu. [&hellip;]<\/p>\n","protected":false},"author":2,"featured_media":32679,"comment_status":"open","ping_status":"open","sticky":false,"template":"","format":"standard","meta":{"footnotes":""},"categories":[2,3],"tags":[],"class_list":["post-32678","post","type-post","status-publish","format-standard","has-post-thumbnail","hentry","category-gundem","category-manset"],"views":7,"_links":{"self":[{"href":"https:\/\/mersinkadingazetesi.com\/index.php?rest_route=\/wp\/v2\/posts\/32678"}],"collection":[{"href":"https:\/\/mersinkadingazetesi.com\/index.php?rest_route=\/wp\/v2\/posts"}],"about":[{"href":"https:\/\/mersinkadingazetesi.com\/index.php?rest_route=\/wp\/v2\/types\/post"}],"author":[{"embeddable":true,"href":"https:\/\/mersinkadingazetesi.com\/index.php?rest_route=\/wp\/v2\/users\/2"}],"replies":[{"embeddable":true,"href":"https:\/\/mersinkadingazetesi.com\/index.php?rest_route=%2Fwp%2Fv2%2Fcomments&post=32678"}],"version-history":[{"count":0,"href":"https:\/\/mersinkadingazetesi.com\/index.php?rest_route=\/wp\/v2\/posts\/32678\/revisions"}],"wp:featuredmedia":[{"embeddable":true,"href":"https:\/\/mersinkadingazetesi.com\/index.php?rest_route=\/wp\/v2\/media\/32679"}],"wp:attachment":[{"href":"https:\/\/mersinkadingazetesi.com\/index.php?rest_route=%2Fwp%2Fv2%2Fmedia&parent=32678"}],"wp:term":[{"taxonomy":"category","embeddable":true,"href":"https:\/\/mersinkadingazetesi.com\/index.php?rest_route=%2Fwp%2Fv2%2Fcategories&post=32678"},{"taxonomy":"post_tag","embeddable":true,"href":"https:\/\/mersinkadingazetesi.com\/index.php?rest_route=%2Fwp%2Fv2%2Ftags&post=32678"}],"curies":[{"name":"wp","href":"https:\/\/api.w.org\/{rel}","templated":true}]}}