{"id":32681,"date":"2024-05-19T10:51:26","date_gmt":"2024-05-19T07:51:26","guid":{"rendered":"http:\/\/mersinkadingazetesi.com\/?p=32681"},"modified":"2024-05-19T10:51:26","modified_gmt":"2024-05-19T07:51:26","slug":"mersin-buyuksehir-mercekte-isaret-dili-kursu-baslatti","status":"publish","type":"post","link":"https:\/\/mersinkadingazetesi.com\/?p=32681","title":{"rendered":"MERS\u0130N B\u00dcY\u00dcK\u015eEH\u0130R MERCEK&#8217;TE \u0130\u015eARET D\u0130L\u0130 KURSU BA\u015eLATTI"},"content":{"rendered":"<p>Mersin B\u00fcy\u00fck\u015fehir Belediyesi Sosyal Hizmetler Dairesi b\u00fcnyesinde hizmet veren Yeni\u015fehir MERCEK Mesleki E\u011fitim Merkezi&#8217;nde &#8216;\u0130\u015faret Dili&#8217; kursu veriliyor. E\u011fitimde vatanda\u015flar\u0131n g\u00fcnl\u00fck hayatta i\u015fitme engelli bireylerle rahat\u00e7a ileti\u015fim kurmas\u0131 ama\u00e7lan\u0131yor.<\/p>\n<p>Ba\u015fkan Vahap Se\u00e7er \u00f6nc\u00fcl\u00fc\u011f\u00fcnde engelleri a\u015fan bir\u00e7ok projeyi hayata ge\u00e7iren B\u00fcy\u00fck\u015fehir, kendi b\u00fcnyesinde personele y\u00f6nelik ger\u00e7ekle\u015ftirdi\u011fi i\u015faret dili e\u011fitimlerinin yan\u0131 s\u0131ra, MERCEK&#8217;te vatanda\u015flar i\u00e7in de i\u015faret dili kurslar\u0131 a\u00e7\u0131yor. \u015eimdiye kadar bir\u00e7ok kez i\u015faret dili kursu a\u00e7\u0131lan MERCEK&#8217;te e\u011fitimi Yeminli \u0130\u015faret Dili Terc\u00fcman&#8217;\u0131 Esen \u00c7ay veriyor. Sa\u011fl\u0131k alan\u0131nda \u00e7e\u015fitli b\u00f6l\u00fcmlerde e\u011fitim alan bir \u00f6\u011frenci grubunun kat\u0131l\u0131m sa\u011flad\u0131\u011f\u0131 kurs program\u0131nda \u00f6\u011frenciler \u015fu ana kadar, temel kelimelerin yan\u0131 s\u0131ra bir\u00e7ok ilk ileti\u015fim c\u00fcmlelerini de \u00f6\u011frendiler. \u00dccretsiz olarak verilen e\u011fitimde; i\u015fitme engelli vatanda\u015flar\u0131n ileti\u015fim kurma \u015fekilleri, i\u015faret dili ile beden dili aras\u0131ndaki uyum ve T\u00fcrk \u0130\u015faret Dili&#8217;nin temel kurallar\u0131 \u00f6\u011fretiliyor.<\/p>\n<p>\u00c7ay: &#8220;\u0130\u015faret dili \u00f6\u011frenmelerini herkese \u00f6neriyorum&#8221;<\/p>\n<p>Yeminli \u0130\u015faret Dili Terc\u00fcman\u0131 Esen \u00c7ay, MERCEK&#8217;te Yeni\u015fehir Halk E\u011fitim&#8217;e ba\u011fl\u0131 olarak yakla\u015f\u0131k 3 y\u0131ld\u0131r i\u015faret dili kurslar\u0131 verdi\u011fini anlatarak, &#8220;\u0130nsanlar\u0131n i\u015fitme engelli bireyler ile ileti\u015fime girebilmeleri ad\u0131na temel e\u011fitimler veriyorum. \u0130\u015faret Dili kursuna gelmek isteyen ki\u015filer mercek.mersin.bel.tr adresinden ba\u015fvurarak i\u015faret kursuna gelebilirler. Ba\u015fvuru yapan ki\u015filerin uygun oldu\u011fu saatlere g\u00f6re kurs ayarlanabiliyor. Biz de ona g\u00f6re e\u011fitim veriyoruz&#8221; dedi.<\/p>\n<p>Sa\u011fl\u0131k alan\u0131nda \u00e7e\u015fitli b\u00f6l\u00fcmlerde okuyan \u00f6\u011frenci grubu ile derslere devam etti\u011fini aktaran \u00c7ay, &#8220;Temel e\u011fitimin y\u00fczde 80&#8217;lik k\u0131sm\u0131n\u0131 tamamlad\u0131lar. Art\u0131k c\u00fcmle olu\u015fturma ve ileti\u015fime ge\u00e7me k\u0131sm\u0131nday\u0131z. \u00c7e\u015fitli aktivitelerle birbirleriyle diyalog \u015feklinde kurslar\u0131m\u0131za devam ettiriyoruz&#8221; diye konu\u015ftu. \u00c7ay, i\u015faret dilini temel d\u00fczeyde t\u00fcm vatanda\u015flar\u0131n bilmesi gerekti\u011fine vurgu yaparak, &#8220;Bir merhaban\u0131n ya da y\u00fczde olu\u015fan bir mimi\u011fin bile onlar ad\u0131na \u00e7ok \u015fey ifade etti\u011fini s\u00f6yleyebiliriz. \u0130\u015faret dili \u00f6\u011frenmelerini herkese \u00f6neriyorum&#8221; ifadelerine yer verdi.<\/p>\n<p>G\u00fcrb\u00fcz: &#8220;Temel kelimeleri ve temel c\u00fcmle kurmay\u0131 \u00f6\u011frendik&#8221;<\/p>\n<p>Optisyenlik b\u00f6l\u00fcm\u00fc \u00f6\u011frencisi Tunahan G\u00fcrb\u00fcz, &#8220;Temel kelimeleri ve temel c\u00fcmle kurmay\u0131 \u00f6\u011frendik. \u0130\u015fitme engelli biriyle kar\u015f\u0131la\u015ft\u0131\u011f\u0131m\u0131z zaman temel d\u00fczeyde ileti\u015fim kurabilece\u011fimizi, ona yard\u0131mc\u0131 olmak istedi\u011fimizi ve e\u011fer \u00e7ok h\u0131zl\u0131 konu\u015fursa yava\u015flamas\u0131 gerekti\u011fini anlatabilecek d\u00fczeydeyiz. Yakla\u015f\u0131k \u00fc\u00e7 haftada bu d\u00fczeye geldik. \u0130lerleyen s\u00fcre\u00e7lerde bunu daha da ilerletece\u011fimizi d\u00fc\u015f\u00fcn\u00fcyoruz. Meslek hayat\u0131mda b\u00f6yle bir \u015feyle kar\u015f\u0131la\u015fmad\u0131m ama asla kar\u015f\u0131la\u015fmayaca\u011f\u0131m diye de bir \u015fey yok. Neye ihtiyac\u0131 oldu\u011funu, ne istedi\u011fini temel d\u00fczeyde neler yap\u0131lmas\u0131 gerekti\u011fini anlatabilecek d\u00fczeydeyiz&#8221; dedi.<\/p>\n<p>Samsunluo\u011flu: &#8220;Onlar\u0131 tam anlam\u0131yla anlamak i\u00e7in ders ald\u0131m&#8221;<\/p>\n<p>Fizik Tedavi ve Rehabilitasyon B\u00f6l\u00fcm\u00fc \u00f6\u011frencisi G\u00fclnur Samsunluo\u011flu,  &#8220;\u0130\u015faret dili dersi al\u0131yorum. \u00dc\u00e7 haftad\u0131r temel kelimeleri tam anlam\u0131yla \u00f6\u011frendim, anla\u015fabiliyorum. Burada oldu\u011fum i\u00e7in \u00e7ok mutluyum. Kendilerini ifade ediyorlar fakat biz anlayam\u0131yoruz onlar\u0131 tam anlam\u0131yla anlamak i\u00e7in ders ald\u0131m. B\u00fcy\u00fck\u015fehir Belediyesi&#8217;ne te\u015fekk\u00fcr ederim&#8221; diye konu\u015ftu.<\/p>\n<p>\u00d6\u011frencilerden Havva \u00d6zmen ise &#8220;3 haftad\u0131r buraday\u0131m. \u0130\u015faret dili \u00f6\u011frenmek i\u00e7in geldim. Kar\u015f\u0131ndakinin neye ihtiyac\u0131 oldu\u011funu \u00f6\u011frenebilmek temel e\u011fitim ile oluyor&#8221; dedi.<\/p>\n","protected":false},"excerpt":{"rendered":"<p>Mersin B\u00fcy\u00fck\u015fehir Belediyesi Sosyal Hizmetler Dairesi b\u00fcnyesinde hizmet veren Yeni\u015fehir MERCEK Mesleki E\u011fitim Merkezi&#8217;nde &#8216;\u0130\u015faret Dili&#8217; kursu veriliyor. E\u011fitimde vatanda\u015flar\u0131n g\u00fcnl\u00fck hayatta i\u015fitme engelli bireylerle rahat\u00e7a ileti\u015fim kurmas\u0131 ama\u00e7lan\u0131yor. Ba\u015fkan Vahap Se\u00e7er \u00f6nc\u00fcl\u00fc\u011f\u00fcnde engelleri a\u015fan bir\u00e7ok projeyi hayata ge\u00e7iren B\u00fcy\u00fck\u015fehir, kendi b\u00fcnyesinde personele y\u00f6nelik ger\u00e7ekle\u015ftirdi\u011fi i\u015faret dili e\u011fitimlerinin yan\u0131 s\u0131ra, MERCEK&#8217;te vatanda\u015flar i\u00e7in de i\u015faret [&hellip;]<\/p>\n","protected":false},"author":2,"featured_media":32682,"comment_status":"open","ping_status":"open","sticky":false,"template":"","format":"standard","meta":{"footnotes":""},"categories":[3,9],"tags":[],"class_list":["post-32681","post","type-post","status-publish","format-standard","has-post-thumbnail","hentry","category-manset","category-saglik"],"views":3,"_links":{"self":[{"href":"https:\/\/mersinkadingazetesi.com\/index.php?rest_route=\/wp\/v2\/posts\/32681"}],"collection":[{"href":"https:\/\/mersinkadingazetesi.com\/index.php?rest_route=\/wp\/v2\/posts"}],"about":[{"href":"https:\/\/mersinkadingazetesi.com\/index.php?rest_route=\/wp\/v2\/types\/post"}],"author":[{"embeddable":true,"href":"https:\/\/mersinkadingazetesi.com\/index.php?rest_route=\/wp\/v2\/users\/2"}],"replies":[{"embeddable":true,"href":"https:\/\/mersinkadingazetesi.com\/index.php?rest_route=%2Fwp%2Fv2%2Fcomments&post=32681"}],"version-history":[{"count":0,"href":"https:\/\/mersinkadingazetesi.com\/index.php?rest_route=\/wp\/v2\/posts\/32681\/revisions"}],"wp:featuredmedia":[{"embeddable":true,"href":"https:\/\/mersinkadingazetesi.com\/index.php?rest_route=\/wp\/v2\/media\/32682"}],"wp:attachment":[{"href":"https:\/\/mersinkadingazetesi.com\/index.php?rest_route=%2Fwp%2Fv2%2Fmedia&parent=32681"}],"wp:term":[{"taxonomy":"category","embeddable":true,"href":"https:\/\/mersinkadingazetesi.com\/index.php?rest_route=%2Fwp%2Fv2%2Fcategories&post=32681"},{"taxonomy":"post_tag","embeddable":true,"href":"https:\/\/mersinkadingazetesi.com\/index.php?rest_route=%2Fwp%2Fv2%2Ftags&post=32681"}],"curies":[{"name":"wp","href":"https:\/\/api.w.org\/{rel}","templated":true}]}}