{"id":32684,"date":"2024-05-19T10:53:19","date_gmt":"2024-05-19T07:53:19","guid":{"rendered":"http:\/\/mersinkadingazetesi.com\/?p=32684"},"modified":"2024-05-19T10:53:19","modified_gmt":"2024-05-19T07:53:19","slug":"19-mayis-coskusu-mersin-buyuksehir-ile-zirveye-ulasti","status":"publish","type":"post","link":"https:\/\/mersinkadingazetesi.com\/?p=32684","title":{"rendered":"19 MAYIS CO\u015eKUSU MERS\u0130N B\u00dcY\u00dcK\u015eEH\u0130R \u0130LE Z\u0130RVEYE ULA\u015eTI"},"content":{"rendered":"<p>Mersin B\u00fcy\u00fck\u015fehir Belediyesi, 19 May\u0131s Atat\u00fcrk&#8217;\u00fc Anma Gen\u00e7lik ve Spor Bayram\u0131 dolay\u0131s\u0131yla &#8216;Gen\u00e7lik \u015eehri Mersin&#8217;e yak\u0131\u015f\u0131r birbirinden g\u00fczel organizasyonlar ger\u00e7ekle\u015ftirdi. Hafta boyunca s\u00fcren etkinlikler Mersin merkezdeki \u00d6zgecan Aslan Bar\u0131\u015f Meydan\u0131&#8217;nda popun sevilen ismi Mabel Matiz ve Tarsus&#8217;ta d\u00fczenlenen Manu\u015f Baba konseriyle zirveye ula\u015ft\u0131. Hafta boyunca birbirinden renkli etkinliklerle bayramlar\u0131n\u0131n tad\u0131n\u0131 doyas\u0131ya \u00e7\u0131karan gen\u00e7ler, e\u011flencelerini konserlerle ikiye katlad\u0131.<\/p>\n<p>Se\u00e7er&#8217;den gen\u00e7lere; &#8220;Sizler bizim gelece\u011fimizsiniz&#8221;<\/p>\n<p>Mersin B\u00fcy\u00fck\u015fehir Belediye Ba\u015fkan\u0131 Vahap Se\u00e7er de merkezde ger\u00e7ekle\u015fen Mabel Matiz konseri \u00f6ncesinde gen\u00e7lere ve Mersinlilere seslenerek herkesin 19 May\u0131s Atat\u00fcrk&#8217;\u00fc Anma Gen\u00e7lik ve Spor Bayram\u0131&#8217;n\u0131 kutlad\u0131. Ba\u015fkan Se\u00e7er konu\u015fmas\u0131nda gen\u00e7lere seslenerek; &#8220;Bizim memleketimizi, Mersinimizi, sizlerin, gen\u00e7lerimizin enerjisi ve havam\u0131z\u0131 sizler g\u00fczelle\u015ftiriyorsunuz. Sizlerin sevgisi, sizlerin kalbinin g\u00fczelli\u011fi Mersin&#8217;e yans\u0131yor. Hepinizi seviyoruz. Sizler bizim gelece\u011fimizsiniz. Sizleri g\u00f6z\u00fcm\u00fcz gibi koruyaca\u011f\u0131z. Bir as\u0131rd\u0131r Mustafa Kemal Atat\u00fcrk&#8217;\u00fcn izinden gidiyoruz. O \u00fclkemizi; gen\u00e7li\u011fimiz \u00e7al\u0131\u015fs\u0131n, \u00e7a\u011fda\u015f, uygar ve bar\u0131\u015fsever olsun, sava\u015f\u0131 reddetsin diye gen\u00e7li\u011fe emanet etti. T\u00fcm Anadolu topraklar\u0131nda, Do\u011fu&#8217;dan Bat\u0131&#8217;ya, Kuzey&#8217;den G\u00fcney&#8217;e kadar T\u00fcrkiye&#8217;de bu s\u0131n\u0131rlar i\u00e7erisinde, kadim Anadolu topraklar\u0131nda T\u00fcrk&#8217;\u00fcyle K\u00fcrt&#8217;\u00fcyle, Arap&#8217;\u0131yla, \u00c7erkez&#8217;iyle herkesi bir \u00e7at\u0131 alt\u0131nda toplad\u0131. Ulusal Kurtulu\u015f M\u00fccadelesi verdi ve T\u00fcrkiye Cumhuriyeti&#8217;ni kurdu. Hepimiz O&#8217;nunla \u00f6v\u00fcn\u00fcyoruz&#8221; dedi.<\/p>\n<p>&#8220;19 May\u0131s; kurtulu\u015f ve ba\u011f\u0131ms\u0131zl\u0131k me\u015falesinin ate\u015flendi\u011fi g\u00fcn\u00fcn ad\u0131d\u0131r&#8221;<\/p>\n<p>19 May\u0131s&#8217;\u0131n Cumhuriyet tarihimizin ve Ulusal Kurtulu\u015f M\u00fccadelesi&#8217;nin \u00e7ok \u00f6nemli bir g\u00fcn\u00fc oldu\u011funu vurgulayan Se\u00e7er, &#8220;19 May\u0131s; kurtulu\u015f ve ba\u011f\u0131ms\u0131zl\u0131k me\u015falesinin ate\u015flendi\u011fi g\u00fcn\u00fcn ad\u0131d\u0131r. Bayram\u0131n\u0131z kutlu olsun. \u00dclkemizi daha da g\u00fczel noktalara getirece\u011fiz. Atat\u00fcrk&#8217;\u00fcm\u00fcze lay\u0131k olaca\u011f\u0131z, \u00e7a\u011fda\u015f uygarl\u0131\u011f\u0131 yakalayaca\u011f\u0131z. \u0130limle, bilimle, k\u00fclt\u00fcrle ve sanatla d\u00fcnyada rekabet edece\u011fiz. Kavga etmeyece\u011fiz, birbirimizi daha \u00e7ok sevece\u011fiz, birbirimize sar\u0131laca\u011f\u0131z ve birbirimize destek olaca\u011f\u0131z. \u00dclkeler ve toplumlar sevgiyle ve sayg\u0131yla geli\u015fecek&#8221; diye konu\u015ftu.<\/p>\n<p>Gen\u00e7lere Mabel Matiz konserinin tad\u0131n\u0131 \u00e7\u0131karmalar\u0131n\u0131 ve doyas\u0131ya e\u011flenmelerini s\u00f6yleyen Se\u00e7er, &#8220;Biliyorsunuz Mabel Matiz bizim hem\u015ferimizdir, kendisi Erdemlili. Mersin&#8217;den b\u00f6yle cevherler de \u00e7\u0131k\u0131yor. Sizlerden de bekliyoruz, Mersin&#8217;den, Mersin&#8217;in gen\u00e7lerinden d\u00fcnyada sayg\u0131n sanat\u00e7\u0131lar, sporcular ve bilim insanlar\u0131 bekliyoruz. \u00c7al\u0131\u015farak ve azmederek bunu kazanacaks\u0131n\u0131z. Sizlere g\u00fcveniyoruz&#8221; ifadelerini kulland\u0131.<\/p>\n<p>&#8220;Her \u015fey sizler i\u00e7in&#8221;<\/p>\n<p>Gen\u00e7leri \u00e7ok sevdi\u011finden s\u00f6z eden Se\u00e7er, &#8220;Her \u015fey sizler i\u00e7in. Mersin, gen\u00e7lerin ve \u00f6\u011frencilerin kenti olsun. Mersin&#8217;de gen\u00e7ler huzurlu olsun ve y\u00fczleri g\u00fcls\u00fcn diye \u00e7al\u0131\u015f\u0131yoruz. Mersinliler de son se\u00e7imde hakk\u0131n\u0131 verdi, te\u015fekk\u00fcr ediyoruz. Biz de onlara lay\u0131k olaca\u011f\u0131z. Bayram\u0131n\u0131z kutlu olsun. T\u00fcrkiyemiz daha g\u00fczel ve g\u00fc\u00e7l\u00fc olsun. Bar\u0131\u015f ve karde\u015flik i\u00e7erisinde olal\u0131m. Hepinizi seviyorum&#8221; dedi.<\/p>\n<p>Se\u00e7er&#8217;in konu\u015fmas\u0131n\u0131n ard\u0131ndan gen\u00e7ler elleri ile kalp yapt\u0131 ve Ba\u015fkan Se\u00e7er de sahneden gen\u00e7lerle foto\u011fraf \u00e7ekildi. Ba\u015fkan Se\u00e7er ayr\u0131ca gen\u00e7lerle hep bir a\u011f\u0131zdan elinde T\u00fcrk Bayra\u011f\u0131 ile &#8216;Parla&#8217; par\u00e7as\u0131n\u0131 s\u00f6ylerken, gen\u00e7lerle dolan \u00d6zgecan Aslan Bar\u0131\u015f Meydan\u0131 al y\u0131ld\u0131zl\u0131 T\u00fcrk Bayraklar\u0131 ile k\u0131rm\u0131z\u0131ya boyand\u0131.<\/p>\n<p>Mabel Matiz konseri \u00f6ncesinde de Dj Emir Saltaba\u015f performans sergiledi. Tarsus Cumhuriyet Meydan\u0131&#8217;nda ger\u00e7ekle\u015fen etkinliklerde de Manu\u015f Baba \u00f6ncesinde Dj Umut K\u0131l\u0131\u00e7 ile Refresh Band performanslar\u0131 ile izleyenleri b\u00fcy\u00fcledi. Mersinlilerin uzun zamand\u0131r bekledi\u011fi sevilen sanat\u00e7\u0131 Mabel Matiz konseri ile \u00d6zgecan Aslan Bar\u0131\u015f Meydan\u0131&#8217;nda bayram ruhu doruklara \u00e7\u0131kt\u0131. &#8216;Gel&#8217;, &#8216;Sar\u0131\u015f\u0131n&#8217;, &#8216;M\u00fcphem&#8217;, &#8216;Antidepresan&#8217;, &#8216;Numarac\u0131&#8217;, &#8216;Karakol&#8217;, &#8216;Ya\u015f\u0131m \u00e7ocuk&#8217;, &#8216;Ya bu i\u015fler ne&#8217; gibi hit \u015fark\u0131lar\u0131n\u0131 s\u00f6yleyen sevilen sanat\u00e7\u0131, bayram ruhunu Mersinlilere bir kez daha ya\u015fatt\u0131.<\/p>\n<p>Matiz: &#8220;B\u00f6yle g\u00fczel bir g\u00fcnde toplanm\u0131\u015f olmam\u0131z beni \u00e7ok mutlu etti&#8221;<\/p>\n<p>Farkl\u0131 tarz\u0131 ve sesi ile her \u015fark\u0131s\u0131 hit olan ve milyonlar taraf\u0131ndan dinlenilen pop m\u00fczi\u011fin sevilen ismi Mabel Matiz, hayranlar\u0131na seslenerek, &#8220;Mersin&#8217;im, \u00e7ok te\u015fekk\u00fcr ediyorum. O kadar heyecanl\u0131y\u0131m ki, \u00e7ok da uzun zaman oldu beraber konser yapmayal\u0131 ve beraber \u015fark\u0131 s\u00f6ylemeyeli. Bir meydanda b\u00f6yle g\u00fczel bir g\u00fcnde toplanm\u0131\u015f olmam\u0131z beni \u00e7ok mutlu etti. B\u00fcy\u00fck\u015fehir Belediye&#8217;mizin katk\u0131lar\u0131yla tabi ki. 19 May\u0131s Atat\u00fcrk&#8217;\u00fc Anma, Gen\u00e7lik ve Spor Bayram\u0131&#8217;m\u0131z kutlu olsun. Nice nice y\u0131llar huzurla ve mutlulukla kutlayabilelim&#8221; ifadelerini kulland\u0131.<\/p>\n<p>Mabel Matiz konseri Mersinlilere m\u00fczik ziyafeti ya\u015fatt\u0131<\/p>\n<p>Gen\u00e7lerden Muhammed Ali Erin, etkinlikte \u00e7ok g\u00fczel zaman ge\u00e7irdi\u011fini dile getirerek, &#8220;B\u00f6yle etkinliklerin devam etmesini istiyorum. Mersin&#8217;de ya\u015fad\u0131\u011f\u0131m i\u00e7in mutluyum. \u00c7ok iyi bir Ba\u015fkan\u0131m\u0131z var. Bize gen\u00e7li\u011fimizi ya\u015fatt\u0131r\u0131yor resmen. Onu \u00e7ok seviyoruz, iyi ki var&#8221; dedi.<\/p>\n<p>Mabel Matiz&#8217;in hayranlar\u0131ndan Hatice El\u00e7i de &#8220;Onun konserine gelmek ve onu dinlemek apayr\u0131 g\u00fczel. Ba\u015fkan\u0131m\u0131z bizi \u00e7ok mutlu etti. Ba\u015fkan\u0131m\u0131z\u0131n gen\u00e7lere g\u00fczel bir gelecek sunmas\u0131, bizimle bu kadar yak\u0131ndan ilgilenmesi, bizi \u00e7ok mutlu etti. Buraya ko\u015fa ko\u015fa geldim. \u015eark\u0131lar\u0131n\u0131 \u00e7ok seviyorum. Kendisi \u00e7ok ayr\u0131 bir sanat\u00e7\u0131. Burada olmaktan dolay\u0131 \u00e7ok mutluyum. Birlikte beraber \u00e7ok g\u00fczel bir bayram ge\u00e7iyoruz. Bunu hissettirmek \u00e7ok \u00f6nemli ve milli duygular\u0131m\u0131z peki\u015fti&#8221; s\u00f6zlerine yer verdi.<\/p>\n<p>Etkinli\u011fe e\u015fiyle birlikte gelen Mustafa Karako\u00e7, Mabel Matiz&#8217;i \u00e7ok sevdi\u011fini belirterek, &#8220;19 May\u0131s Atat\u00fcrk&#8217;\u00fc Anma, Gen\u00e7lik ve Spor Bayram\u0131&#8217;n\u0131 \u00e7ok co\u015fkulu bir \u015fekilde kutlad\u0131k. Mabel Matiz&#8217;i dinlemek i\u00e7in geldik. Mersin B\u00fcy\u00fck\u015fehir Belediyesi, benim i\u00e7in \u00e7ok g\u00fczel bir belediye, \u00e7al\u0131\u015fkan bir belediye oldu\u011fu i\u00e7in&#8221; diye konu\u015ftu.<\/p>\n<p>Mabel Matiz konserini dinlemek i\u00e7in Adana&#8217;dan geldi\u011fini s\u00f6yleyen Tu\u011f\u00e7e \u015eahin,&#8221;\u00c7ok sevdi\u011fim bir sanat\u00e7\u0131. Arkada\u015flar\u0131m\u0131zla \u00e7ok keyifli zaman ge\u00e7irdik. Ben normalde. Adanal\u0131y\u0131m ama Ba\u015fkan Vahap Se\u00e7er&#8217;i ger\u00e7ekten \u00e7ok seviyorum. \u00c7ok g\u00fczel bir Ba\u015fkan&#8221; dedi.<\/p>\n<p>Nurg\u00fcl Karaca, etkinlik sayesinde birlik ve beraberlik duygular\u0131n\u0131n daha \u00e7ok artt\u0131\u011f\u0131n\u0131 kaydederek, &#8220;Milli de\u011ferlerimizi hissederek ya\u015f\u0131yoruz. Memnunuz yani. Mersin genel olarak sosyal bir \u015fehir. Vahap Ba\u015fkan\u0131m\u0131 sayesinde \u015fehir daha da g\u00fczelle\u015fiyor&#8221; dedi.<\/p>\n<p>Gen\u00e7lerden Esma E\u015f, konserde \u00e7ok g\u00fczel zaman ge\u00e7irdi\u011fini belirterek, &#8220;Ba\u015fkan\u0131m\u0131z bizi \u00e7ok mutlu ediyor. Mabel Matiz \u00e7ok sevdi\u011fim bir sanat\u00e7\u0131. Uzun zamand\u0131r gelmesini bekliyordum. Geldi ve bizi \u00e7ok mutlu etti&#8221; diye konu\u015ftu.<\/p>\n<p>Tarsus&#8217;ta da 19 May\u0131s co\u015fkusu Manu\u015f Baba konseriyle zirve yapt\u0131!<\/p>\n<p>Tarsus&#8217;ta da 19 May\u0131s dolay\u0131s\u0131yla d\u00fczenlenen konserde Manu\u015f Baba sahne ald\u0131. B\u00fcy\u00fck\u015fehir Belediyesi ile Tarsus Belediyesi&#8217;nin birlikte ger\u00e7ekle\u015ftirdikleri konserde, \u00f6zellikle gen\u00e7ler doyas\u0131ya e\u011flenme \u015fans\u0131 buldular. Cumhuriyet Meydan\u0131&#8217;nda ger\u00e7ekle\u015fen konser DJ Umut K\u0131l\u0131\u00e7 ve ard\u0131ndan Grup Refresh Band&#8217;\u0131n sahne almas\u0131yla ba\u015flad\u0131. Gecenin ilerleyen dakikalar\u0131nda sahneye \u00e7\u0131kan Manu\u015f Baba ise alan\u0131 dolduran binlerce vatanda\u015fa unutamayacaklar\u0131 bir gece ya\u015fatt\u0131. Tarsus Belediye Ba\u015fkan\u0131 Ali Bolta\u00e7 sahneye \u00e7\u0131karak, Manu\u015f Baya&#8217;ya \u00e7i\u00e7ek verdi.<\/p>\n<p>Ba\u015fkan Bolta\u00e7: &#8220;\u00d6zg\u00fcrl\u00fck\u00e7\u00fc bir kent olan Tarsus&#8217;la yola devam edece\u011fiz&#8221;<\/p>\n<p>Tarsus Belediye Ba\u015fkan\u0131 Ali Bolta\u00e7, 19 May\u0131s Atat\u00fcrk&#8217;\u00fc Anma, Gen\u00e7lik ve Spor Bayram\u0131 co\u015fkusunu Tarsuslularla bir arada kutluyor olmaktan dolay\u0131 onur duydu\u011funu ifade ederek &#8220;Sizlere de \u015f\u00fckran duyuyorum. Mersin B\u00fcy\u00fck\u015fehir Belediye Ba\u015fkan\u0131&#8217;m\u0131zla birlikte, O&#8217;da bir Tarsuslu Manu\u015f Baba&#8217;y\u0131 getirdik. Bundan sonra hi\u00e7 merak etmeyin. 7 g\u00fcn 24 saat ya\u015fayan, festivalleri ile konu\u015fulan, k\u00fclt\u00fcr\u00fcyle, tarihiyle konu\u015fulan \u00f6zg\u00fcrl\u00fck\u00e7\u00fc bir kent olan Tarsus&#8217;la yola devam edece\u011fiz&#8221; dedi.<\/p>\n<p>Manu\u015f Baba: &#8220;Tarsus&#8217;ta olmak \u00e7ok heyecan verici&#8221;<\/p>\n<p>Aslen Tarsuslu olan ve Tarsus&#8217;ta oldu\u011fu i\u00e7in \u00e7ok heyecanl\u0131 oldu\u011funu s\u00f6yleyen sevilen sanat\u00e7\u0131 Manu\u015f Baba ise &#8220;Tarsus&#8217;ta olmak \u00e7ok heyecan verici. Burada b\u00fcy\u00fcmenin, burada do\u011fman\u0131n heyecan\u0131 asl\u0131nda. Ayr\u0131ca 19 May\u0131s Atat\u00fcrk&#8217;\u00fc Anma, Gen\u00e7lik ve Spor Bayram\u0131&#8217;nda b\u00f6yle bir \u00f6zel bir g\u00fcnde burada olmak bizim i\u00e7in fazlas\u0131yla g\u00fczel. Tarsuslu olman\u0131n anlam\u0131 daha da y\u00fckseliyor benim i\u00e7in Eme\u011fi ge\u00e7en b\u00fct\u00fcn dostlara, Mersin B\u00fcy\u00fck\u015fehir Belediye Ba\u015fkan\u0131&#8217;m\u0131za, Tarsus Belediye Ba\u015fkan\u0131&#8217;m\u0131za, hepsine te\u015fekk\u00fcr ederim&#8221; ifadelerini kulland\u0131.<\/p>\n<p>Tarsuslular Manu\u015f Baba konseri ile bayram co\u015fkusunu doyas\u0131ya ya\u015fad\u0131<\/p>\n<p>Tarsus \u00dcniversitesi&#8217;nde okuyan Neslihan Ar\u0131kan, d\u00fczenlenen programdan dolay\u0131 olduk\u00e7a mutlu oldu\u011funu ifade ederek, &#8220;Hem sosyal hayat a\u00e7\u0131s\u0131ndan hem de motivasyon a\u00e7\u0131s\u0131ndan \u00e7ok iyi bir etkinlik olmu\u015f. Sonradan zaten s\u0131navlar var ve s\u0131navlar i\u00e7in iyi bir motive oldu\u011funu d\u00fc\u015f\u00fcn\u00fcyorum&#8221; dedi.<\/p>\n<p>Konsere arkada\u015flar\u0131yla birlikte gelen Fatma G\u00fcne\u015f ise &#8220;B\u00f6yle etkinliklerin olmas\u0131n\u0131 \u00fcniversiteliler a\u00e7\u0131s\u0131ndan \u00e7ok g\u00fczel oldu\u011funu d\u00fc\u015f\u00fcn\u00fcyorum. \u00c7\u00fcnk\u00fc zaten \u00fcniversite \u015fartlar\u0131 \u00e7ok zor. Onlar i\u00e7in iyi bir aktivite ve e\u011flence oldu\u011funu d\u00fc\u015f\u00fcn\u00fcyorum. Daha da fazla olmas\u0131n\u0131 istiyorum&#8221; diye konu\u015ftu.<\/p>\n<p>Konseri \u00e7ok g\u00fczel buldu\u011funu belirten gen\u00e7lerden Umay Tar\u0131mc\u0131&#8217;da &#8220;A\u00e7\u0131k\u00e7as\u0131 ben DJ&#8217;yi \u00e7ok sevdim. \u015eark\u0131lar\u0131 \u00e7ok g\u00fczel. Konser de \u00e7ok g\u00fczel. Bu tarz etkinliklerin daha \u00e7ok olmas\u0131n\u0131 isteriz. Bizim i\u00e7in de motive oluyor. \u00c7ok mutlu oldum&#8221; diye belirtti.<\/p>\n<p>Vatanda\u015flardan Duriye Ery\u0131lmaz, Ba\u015fkan Vahap Se\u00e7er&#8217;in kentte bir\u00e7ok yenilik yapt\u0131\u011f\u0131n\u0131 belirterek &#8220;\u00d6nceki Belediyelerden g\u00f6rmedi\u011fimiz \u015feyleri biz Vahap Ba\u015fkan&#8217;da g\u00f6rd\u00fck. \u00c7ok iyi \u015feyler yap\u0131yor. Tarsus&#8217;un konsere ve e\u011flenceye ihtiyac\u0131 var&#8221; dedi.<\/p>\n","protected":false},"excerpt":{"rendered":"<p>Mersin B\u00fcy\u00fck\u015fehir Belediyesi, 19 May\u0131s Atat\u00fcrk&#8217;\u00fc Anma Gen\u00e7lik ve Spor Bayram\u0131 dolay\u0131s\u0131yla &#8216;Gen\u00e7lik \u015eehri Mersin&#8217;e yak\u0131\u015f\u0131r birbirinden g\u00fczel organizasyonlar ger\u00e7ekle\u015ftirdi. Hafta boyunca s\u00fcren etkinlikler Mersin merkezdeki \u00d6zgecan Aslan Bar\u0131\u015f Meydan\u0131&#8217;nda popun sevilen ismi Mabel Matiz ve Tarsus&#8217;ta d\u00fczenlenen Manu\u015f Baba konseriyle zirveye ula\u015ft\u0131. Hafta boyunca birbirinden renkli etkinliklerle bayramlar\u0131n\u0131n tad\u0131n\u0131 doyas\u0131ya \u00e7\u0131karan gen\u00e7ler, e\u011flencelerini konserlerle [&hellip;]<\/p>\n","protected":false},"author":2,"featured_media":32685,"comment_status":"open","ping_status":"open","sticky":false,"template":"","format":"standard","meta":{"footnotes":""},"categories":[1],"tags":[],"class_list":["post-32684","post","type-post","status-publish","format-standard","has-post-thumbnail","hentry","category-genel"],"views":0,"_links":{"self":[{"href":"https:\/\/mersinkadingazetesi.com\/index.php?rest_route=\/wp\/v2\/posts\/32684"}],"collection":[{"href":"https:\/\/mersinkadingazetesi.com\/index.php?rest_route=\/wp\/v2\/posts"}],"about":[{"href":"https:\/\/mersinkadingazetesi.com\/index.php?rest_route=\/wp\/v2\/types\/post"}],"author":[{"embeddable":true,"href":"https:\/\/mersinkadingazetesi.com\/index.php?rest_route=\/wp\/v2\/users\/2"}],"replies":[{"embeddable":true,"href":"https:\/\/mersinkadingazetesi.com\/index.php?rest_route=%2Fwp%2Fv2%2Fcomments&post=32684"}],"version-history":[{"count":0,"href":"https:\/\/mersinkadingazetesi.com\/index.php?rest_route=\/wp\/v2\/posts\/32684\/revisions"}],"wp:featuredmedia":[{"embeddable":true,"href":"https:\/\/mersinkadingazetesi.com\/index.php?rest_route=\/wp\/v2\/media\/32685"}],"wp:attachment":[{"href":"https:\/\/mersinkadingazetesi.com\/index.php?rest_route=%2Fwp%2Fv2%2Fmedia&parent=32684"}],"wp:term":[{"taxonomy":"category","embeddable":true,"href":"https:\/\/mersinkadingazetesi.com\/index.php?rest_route=%2Fwp%2Fv2%2Fcategories&post=32684"},{"taxonomy":"post_tag","embeddable":true,"href":"https:\/\/mersinkadingazetesi.com\/index.php?rest_route=%2Fwp%2Fv2%2Ftags&post=32684"}],"curies":[{"name":"wp","href":"https:\/\/api.w.org\/{rel}","templated":true}]}}