{"id":32703,"date":"2024-05-20T12:42:01","date_gmt":"2024-05-20T09:42:01","guid":{"rendered":"http:\/\/mersinkadingazetesi.com\/?p=32703"},"modified":"2024-05-20T12:42:01","modified_gmt":"2024-05-20T09:42:01","slug":"chpli-dincer-kucuk-esnaf-ve-sanatkar-sermaye-gruplarina-yem-ediliyor","status":"publish","type":"post","link":"https:\/\/mersinkadingazetesi.com\/?p=32703","title":{"rendered":"CHP&#8217;li Din\u00e7er: &#8221; K\u00fc\u00e7\u00fck esnaf ve sanatk\u00e2r sermaye gruplar\u0131na yem ediliyor\u201d"},"content":{"rendered":"<p>Cumhuriyet Halk Partisi (CHP) Mersin Milletvekili Talat Din\u00e7er, TBMM Genel Kurulunda T\u00fcrk Ticaret Kanunu ile baz\u0131 kanunlarda de\u011fi\u015fiklik yapan kanun teklifi \u00fczerine konu\u015ftu. Konu\u015fmas\u0131nda, mevcut kanun teklifinin beklentileri kar\u015f\u0131lamad\u0131\u011f\u0131n\u0131 ve sadece cezalardan, yasaklardan ve tan\u0131m\u0131 belirsiz y\u00fck\u00fcml\u00fcl\u00fcklerden olu\u015ftu\u011funu vurgulad\u0131.<br \/>\nCHP Mersin Milletvekili Din\u00e7er, &#8221; \u00dcretici kazanam\u0131yor, t\u00fcketici alam\u0131yor; sorun aradaki tedarik zincirinde.\u201d dedi<br \/>\nK\u00fc\u00e7\u00fck esnaf ve sanatkarlar\u0131n b\u00fcy\u00fck sermaye gruplar\u0131na kar\u015f\u0131 korunmad\u0131\u011f\u0131n\u0131 dile getiren Din\u00e7er, 1990&#8217;l\u0131 y\u0131llardan bu yana AVM&#8217;lerin yerli esnaf\u0131 zor duruma soktu\u011funu ve bu s\u00fcre\u00e7te gerekli d\u00fczenlemelerin yap\u0131lmad\u0131\u011f\u0131n\u0131 vurgulad\u0131. Ayr\u0131ca, son be\u015f y\u0131lda 550 binin \u00fczerinde esnaf\u0131n kepenk kapatt\u0131\u011f\u0131n\u0131 ve esnaf\u0131n b\u00fcy\u00fck zorluklar ya\u015fad\u0131\u011f\u0131n\u0131 s\u00f6yledi.<br \/>\nKanun teklifinin ceza odakl\u0131 oldu\u011funu belirten Talat Din\u00e7er, KOOPB\u0130S sistemine giri\u015fin uzat\u0131lmas\u0131 gibi maddelerin sadece cezalarla desteklendi\u011fini ve bunun yanl\u0131\u015f bir yakla\u015f\u0131m oldu\u011funu ifade etti. Stok\u00e7uluk ve pazarc\u0131larla ilgili d\u00fczenlemelerin de yetersiz ve net olmad\u0131\u011f\u0131n\u0131 dile getirdi.<br \/>\nHal Kanunu&#8217;nun mevcut haliyle kay\u0131t d\u0131\u015f\u0131l\u0131\u011f\u0131 art\u0131rd\u0131\u011f\u0131n\u0131 ve fahi\u015f fiyatlar\u0131n ortaya \u00e7\u0131kmas\u0131na neden oldu\u011funu s\u00f6yleyen Din\u00e7er, \u00fcreticinin mallar\u0131n\u0131n b\u00fcy\u00fck \u00f6l\u00e7\u00fcde \u015firketlerin ve zincir marketlerin eline ge\u00e7ti\u011fini dile getirdi ve \u015fu ifadeleri kulland\u0131:<br \/>\n\u201cOrtada fiyat\u0131 art\u0131ran bir neden varsa emin olun ki bu, \u00fcretici de\u011fil zincir marketler. E\u011fer \u015fu an fahi\u015f fiyat uygulamas\u0131 varsa o zaman \u00fcreticinin \u00e7ok iyi para kazanmas\u0131 laz\u0131m. \u00dcretici a\u011fl\u0131yor, 3 bin liral\u0131k mazotunu deposuna koyup tarlas\u0131na gidemiyor.<br \/>\nFiyatlar tamamen \u015firketlerin kontrol\u00fcnde ve fiyatlar gittik\u00e7e de y\u00fckseliyor. \u00dcretici kazanam\u0131yor, t\u00fcketici alam\u0131yor; b\u00f6yle bir durum var. Niye? O zaman aradaki tedarik zincirini d\u00fczeltmek laz\u0131m, sorun burada, bunlar\u0131 gidermek laz\u0131m\u201d. dedi.<\/p>\n","protected":false},"excerpt":{"rendered":"<p>Cumhuriyet Halk Partisi (CHP) Mersin Milletvekili Talat Din\u00e7er, TBMM Genel Kurulunda T\u00fcrk Ticaret Kanunu ile baz\u0131 kanunlarda de\u011fi\u015fiklik yapan kanun teklifi \u00fczerine konu\u015ftu. Konu\u015fmas\u0131nda, mevcut kanun teklifinin beklentileri kar\u015f\u0131lamad\u0131\u011f\u0131n\u0131 ve sadece cezalardan, yasaklardan ve tan\u0131m\u0131 belirsiz y\u00fck\u00fcml\u00fcl\u00fcklerden olu\u015ftu\u011funu vurgulad\u0131. CHP Mersin Milletvekili Din\u00e7er, &#8221; \u00dcretici kazanam\u0131yor, t\u00fcketici alam\u0131yor; sorun aradaki tedarik zincirinde.\u201d dedi K\u00fc\u00e7\u00fck esnaf [&hellip;]<\/p>\n","protected":false},"author":2,"featured_media":32704,"comment_status":"open","ping_status":"open","sticky":false,"template":"","format":"standard","meta":{"footnotes":""},"categories":[3],"tags":[],"class_list":["post-32703","post","type-post","status-publish","format-standard","has-post-thumbnail","hentry","category-manset"],"views":1,"_links":{"self":[{"href":"https:\/\/mersinkadingazetesi.com\/index.php?rest_route=\/wp\/v2\/posts\/32703"}],"collection":[{"href":"https:\/\/mersinkadingazetesi.com\/index.php?rest_route=\/wp\/v2\/posts"}],"about":[{"href":"https:\/\/mersinkadingazetesi.com\/index.php?rest_route=\/wp\/v2\/types\/post"}],"author":[{"embeddable":true,"href":"https:\/\/mersinkadingazetesi.com\/index.php?rest_route=\/wp\/v2\/users\/2"}],"replies":[{"embeddable":true,"href":"https:\/\/mersinkadingazetesi.com\/index.php?rest_route=%2Fwp%2Fv2%2Fcomments&post=32703"}],"version-history":[{"count":0,"href":"https:\/\/mersinkadingazetesi.com\/index.php?rest_route=\/wp\/v2\/posts\/32703\/revisions"}],"wp:featuredmedia":[{"embeddable":true,"href":"https:\/\/mersinkadingazetesi.com\/index.php?rest_route=\/wp\/v2\/media\/32704"}],"wp:attachment":[{"href":"https:\/\/mersinkadingazetesi.com\/index.php?rest_route=%2Fwp%2Fv2%2Fmedia&parent=32703"}],"wp:term":[{"taxonomy":"category","embeddable":true,"href":"https:\/\/mersinkadingazetesi.com\/index.php?rest_route=%2Fwp%2Fv2%2Fcategories&post=32703"},{"taxonomy":"post_tag","embeddable":true,"href":"https:\/\/mersinkadingazetesi.com\/index.php?rest_route=%2Fwp%2Fv2%2Ftags&post=32703"}],"curies":[{"name":"wp","href":"https:\/\/api.w.org\/{rel}","templated":true}]}}