{"id":32710,"date":"2024-05-20T17:34:55","date_gmt":"2024-05-20T14:34:55","guid":{"rendered":"http:\/\/mersinkadingazetesi.com\/?p=32710"},"modified":"2024-05-20T17:34:55","modified_gmt":"2024-05-20T14:34:55","slug":"turk-bayraklariyla-19-mayisi-hep-birlikte-cosku-icinde-kutladilar","status":"publish","type":"post","link":"https:\/\/mersinkadingazetesi.com\/?p=32710","title":{"rendered":"T\u00fcrk bayraklar\u0131yla 19 May\u0131s\u2019\u0131 hep birlikte co\u015fku i\u00e7inde kutlad\u0131lar."},"content":{"rendered":"<p>Mysup Mersin Spor Kul\u00fcb\u00fc \u00fcyeleri Ezel \u00c7elik ve Yakup G\u00fcvel hoca e\u015fli\u011finde gen\u00e7ler Tisan koyunda bir araya gelerek ATA\u2019s\u0131na olan sayg\u0131s\u0131n\u0131 sevgisini g\u00f6sterdi.  Gen\u00e7ler T\u00fcrk Bayra\u011f\u0131 logolu k\u0131rm\u0131z\u0131 ti\u015f\u00f6rt giyerek ellerinde T\u00fcrk bayraklar\u0131yla 19 May\u0131s\u2019\u0131 hep birlikte co\u015fku i\u00e7inde kutlad\u0131lar.<\/p>\n<p>\u201cSUP, AYAKTA K\u00dcREK S\u00d6RF\u00dc\u201d<\/p>\n<p>Mysup Mersin Spor Kul\u00fcb\u00fc hocalar\u0131 Ezel \u00c7elik ve Yakup G\u00fcvel sup sporu konusunda yapt\u0131klar\u0131 a\u00e7\u0131klamada, \u201cMysup bir spor kul\u00fcb\u00fcd\u00fcr, ayakta k\u00fcrek s\u00f6rf\u00fc olarak bilinen bir spor dal\u0131d\u0131r, ayr\u0131ca son d\u00f6nemde \u00e7ok sevilen bir spor dal\u0131d\u0131r. 19 May\u0131s Atat\u00fcrk\u2019\u00fc Anma ve Gen\u00e7lik Bayram\u0131 nedeniyle Mersin\u2019in \u00e7evre il ve il\u00e7elerdeki bu spora g\u00f6n\u00fcl veren sup\u00e7ularla ortak etkinlik yap\u0131p g\u00f6rsel \u015f\u00f6len haz\u0131rlamay\u0131 planlad\u0131k. Etkinli\u011fimize Adana, Antalya illerinden Silifke ve Mersin\u2019den kat\u0131lan sporcular ile yapt\u0131\u011f\u0131m\u0131z olan bu g\u00f6rsel \u015f\u00f6lende Atat\u00fcrk\u2019\u00fc and\u0131k. 19 May\u0131s Gen\u00e7lik ve Spor Bayram\u0131\u2019n\u0131 en iyi \u015fekilde kutlamak hedefimizdi. Onu ger\u00e7ekle\u015ftirdik.\u201d dedi.<\/p>\n<p><img loading=\"lazy\" decoding=\"async\" src=\"http:\/\/mersinkadingazetesi.com\/wp-content\/uploads\/2024\/05\/PHOTO-2024-05-20-12-48-50-225x300.jpg\" alt=\"\" width=\"225\" height=\"300\" class=\"alignnone size-medium wp-image-32712\" srcset=\"https:\/\/mersinkadingazetesi.com\/wp-content\/uploads\/2024\/05\/PHOTO-2024-05-20-12-48-50-225x300.jpg 225w, https:\/\/mersinkadingazetesi.com\/wp-content\/uploads\/2024\/05\/PHOTO-2024-05-20-12-48-50-768x1024.jpg 768w, https:\/\/mersinkadingazetesi.com\/wp-content\/uploads\/2024\/05\/PHOTO-2024-05-20-12-48-50-1152x1536.jpg 1152w, https:\/\/mersinkadingazetesi.com\/wp-content\/uploads\/2024\/05\/PHOTO-2024-05-20-12-48-50-1536x2048.jpg 1536w, https:\/\/mersinkadingazetesi.com\/wp-content\/uploads\/2024\/05\/PHOTO-2024-05-20-12-48-50-scaled.jpg 1920w\" sizes=\"(max-width: 225px) 100vw, 225px\" \/><\/p>\n<p>\u201cV\u00dcCUTTAK\u0130 T\u00dcM KASLARI \u00c7ALI\u015eTIRIYOR\u201d<\/p>\n<p>Mysup Mersin hakk\u0131nda bilgi veren Ezel \u00c7elik ve Yakup G\u00fcvel, \u201cBu y\u0131l ikinci sezonunu ya\u015fayan Mysup Mersin Spor Kul\u00fcb\u00fcm\u00fcz yakla\u015f\u0131k 200 \u00fcyesi ile birlikte Mersin\u2019in birbirinden g\u00fczel \u00e7e\u015fitli koylar\u0131nda etkinlik d\u00fczenleyerek spora g\u00f6n\u00fcl verenlere g\u00fczel anlar ya\u015fatmak i\u00e7in kurulmu\u015f bir spor kul\u00fcb\u00fc. Bu sporu yapabilmek ve kul\u00fcb\u00fcm\u00fcze kat\u0131lmak i\u00e7in birinci kural\u0131m\u0131z y\u00fczme bilmek olmas\u0131 gerekiyor. \u0130kinci kural\u0131m\u0131z da dengede durabilmek. \u00dc\u00e7\u00fcnc\u00fc kural\u0131m\u0131z da sporcumuzun elenmeyi de bilmesi gerekmektedir. Spor kul\u00fcb\u00fcm\u00fcze ya\u015f s\u0131n\u0131r\u0131 kesinlikle yoktur, y\u00fczmeyi bilen ve dengede durabilen herkes i\u00e7in zevkle yap\u0131lan ve \u00e7ok sevilen bir spordur. Sup, v\u00fccuttaki b\u00fct\u00fcn kaslar\u0131 \u00e7al\u0131\u015ft\u0131ran, ayak ucundan omuza kadar b\u00fct\u00fcn kaslar\u0131 \u00e7al\u0131\u015ft\u0131ran kapsaml\u0131 bir spordur. Dalgas\u0131z denizde yap\u0131lan, dalgal\u0131 olmayan denizde ve gollerde yap\u0131lan bir spordur. T\u00fcrkiye bu sporu \u00e7ok sevdi \u015fu an her ge\u00e7en g\u00fcn yeni bir kat\u0131l\u0131mc\u0131 yeni bir \u00fcyemiz aram\u0131za kat\u0131l\u0131yor. \u00d6zellikle gen\u00e7lerden \u00e7ok iyi d\u00f6n\u00fc\u015fler ve fazla bir \u015fekilde talepler al\u0131yoruz.\u201d diye konu\u015ftu.<\/p>\n<p><img loading=\"lazy\" decoding=\"async\" src=\"http:\/\/mersinkadingazetesi.com\/wp-content\/uploads\/2024\/05\/IMG_5311-300x225.jpg\" alt=\"\" width=\"300\" height=\"225\" class=\"alignnone size-medium wp-image-32713\" srcset=\"https:\/\/mersinkadingazetesi.com\/wp-content\/uploads\/2024\/05\/IMG_5311-300x225.jpg 300w, https:\/\/mersinkadingazetesi.com\/wp-content\/uploads\/2024\/05\/IMG_5311-1024x768.jpg 1024w, https:\/\/mersinkadingazetesi.com\/wp-content\/uploads\/2024\/05\/IMG_5311-768x576.jpg 768w, https:\/\/mersinkadingazetesi.com\/wp-content\/uploads\/2024\/05\/IMG_5311-1536x1152.jpg 1536w, https:\/\/mersinkadingazetesi.com\/wp-content\/uploads\/2024\/05\/IMG_5311-2048x1536.jpg 2048w\" sizes=\"(max-width: 300px) 100vw, 300px\" \/><\/p>\n<p>ANTALYA\u2019DA DA<br \/>\nULUSLARARASI \u00c7APTA YAPILMAKTA<\/p>\n<p>Y\u0131lda bir kez Antalya\u2019da sup sporunun uluslararas\u0131 bazda farkl\u0131 k\u00fclt\u00fcrlerden insanlar\u0131n da kat\u0131ld\u0131\u011f\u0131 geni\u015f \u00e7apl\u0131 sup board yar\u0131\u015fmas\u0131 yap\u0131lmakta. Bu sporun as\u0131l amac\u0131 gen\u00e7leri birle\u015ftirmek, bir arada olmas\u0131n\u0131 sa\u011flamak birlik ve b\u00fct\u00fcnl\u00fckle dayan\u0131\u015fma i\u00e7erisinde olmak.<br \/>\nMysup Mersin Spor Kul\u00fcb\u00fc ba\u015fta olmak \u00fczere di\u011fer sup kul\u00fcp \u00fcyeleri yakla\u015f\u0131k 150 adet board ile deniz \u00fczerinde ve iki adet tekne ile T\u00fcrk bayraklar\u0131 a\u00e7t\u0131lar ve hep birlikte sayg\u0131 duru\u015funda bulunup \u0130stiklal Mar\u015f\u0131\u2019n\u0131 okudular. Sahil g\u00fcvenlik Komutanl\u0131\u011f\u0131 botlar\u0131 da etkinli\u011fe siren sesleri ile destek vererek renk katt\u0131.<\/p>\n<p><img loading=\"lazy\" decoding=\"async\" src=\"http:\/\/mersinkadingazetesi.com\/wp-content\/uploads\/2024\/05\/IMG_5371-300x225.jpg\" alt=\"\" width=\"300\" height=\"225\" class=\"alignnone size-medium wp-image-32714\" srcset=\"https:\/\/mersinkadingazetesi.com\/wp-content\/uploads\/2024\/05\/IMG_5371-300x225.jpg 300w, https:\/\/mersinkadingazetesi.com\/wp-content\/uploads\/2024\/05\/IMG_5371-1024x768.jpg 1024w, https:\/\/mersinkadingazetesi.com\/wp-content\/uploads\/2024\/05\/IMG_5371-768x576.jpg 768w, https:\/\/mersinkadingazetesi.com\/wp-content\/uploads\/2024\/05\/IMG_5371-1536x1152.jpg 1536w, https:\/\/mersinkadingazetesi.com\/wp-content\/uploads\/2024\/05\/IMG_5371-2048x1536.jpg 2048w\" sizes=\"(max-width: 300px) 100vw, 300px\" \/><\/p>\n<p>S\u0130L\u0130FKE SUP DA ETK\u0130NL\u0130\u011eE RENK KATTI<\/p>\n<p>Tisan koyununda d\u00fczenlenen 19 May\u0131s Gen\u00e7lik ve Spor Bayram\u0131 T\u00f6reni\u2019ne Silifke Sup Spor Kul\u00fcb\u00fc \u00fcyeleri de kat\u0131larak etkinli\u011fe renk katt\u0131.<br \/>\nEtkinlik ile ilgili bilgi veren Silifke Sup Spor Kul\u00fcb\u00fc Ba\u015fkan\u0131 Emre Pekel, \u201cBen, Onur Candan ile birlikte kurduk grubumuzu. Silifke Sup 2023 y\u0131l\u0131nda e\u011flenmek ve sportif ama\u00e7lar do\u011frultusunda kurulan Bir spor kul\u00fcb\u00fcd\u00fcr. Bu s\u00fcre\u00e7te 16 etkinlik yapt\u0131k ve daha fazla etkinli\u011fe de ev sahipli\u011finde bulunduk. Sup sadece spor de\u011fil ayn\u0131 zamanda bir sosyalle\u015fme arac\u0131d\u0131r. Bu s\u00fcre\u00e7te kat\u0131l\u0131mc\u0131lar\u0131m\u0131z\u0131 do\u011fayla bulu\u015fturmu\u015f olduk. \u00c7evre turizminine de b\u00fcy\u00fck katk\u0131 sa\u011flad\u0131k. Silifke Sup Spor Kul\u00fcb\u00fc olarak \u00e7evre illerle de etkile\u015fim ve i\u015f birli\u011fi ile b\u00fcy\u00fck etkinlikler planlamaktay\u0131z. Sup, ya\u015f s\u0131n\u0131r\u0131 olmayan bu faliyetlerlerde gen\u00e7lik enerjisini herkesle payla\u015fmak ve daha da b\u00fcy\u00fcmeyi hedeflemektedir. Silifke il\u00e7esinde faliyet g\u00f6steren Silifke Sup Spor Kul\u00fcb\u00fcm\u00fcz Akdeniz\u2019in t\u00fcm g\u00fczel koylar\u0131n\u0131 tan\u0131tmakla kalm\u0131yor, ayn\u0131 zamanda e\u011flenerek k\u00fcrek \u00e7ekmesine ve insanlar\u0131m\u0131z\u0131n sosyalle\u015fmesine katk\u0131da bulunuyor.\u201d \u015feklinde konu\u015ftu.<\/p>\n<p>\u00d6ZG\u00dcRCE SUP TA\u015eUCU DA B\u00dcY\u00dcMEYE DEVAM ED\u0130YOR<\/p>\n<p>19 May\u0131s Atat\u00fcrk\u2019\u00fc Anma ve Gen\u00e7lik ve Spor Bayram\u0131 etkinliklerine \u00fcyeleri ile birlikte kat\u0131lan, \u00d6zg\u00fcrce Sup Ta\u015fucu\u2019nun b\u00fcy\u00fcmeye devam etti\u011fini, T\u00fcrkiye olarak ortak hedeflerde bulu\u015fmam\u0131z\u0131n gerekli oldu\u011funa inand\u0131\u011f\u0131n\u0131 da vurgulayan \u00d6zg\u00fcrce Sup Ta\u015fucu Spor Kul\u00fcb\u00fc Ba\u015fkan\u0131 \u00d6zg\u00fcr Ceridhan, \u201cBen \u00d6zg\u00fcr Ceridhan, asl\u0131nda gelece\u011fim ve gururum olan iki o\u011flum G\u00f6kt\u00fcrk ve Mustafa Kemal\u2019in spor yapmas\u0131 i\u00e7in ald\u0131\u011f\u0131m\u0131z tek bir Sup Board ile ba\u015flayan ser\u00fcvenimiz, ba\u015fta e\u015fim \u00d6znur ve g\u00f6n\u00fcl ba\u011f\u0131 kurdu\u011fumuz dostlar\u0131m\u0131z\u0131n deste\u011fi ile \u00d6zg\u00fcrce Sup Ta\u015fucu (ozgurce_sup_tasucu ) ekibi asl\u0131nda ailesine d\u00f6n\u00fc\u015ft\u00fc. Birinci y\u0131l\u0131m\u0131z\u0131 tamamlamaya yakla\u015ft\u0131\u011f\u0131m\u0131z ve ger\u00e7ekten \u00f6rnek olmaya \u00e7al\u0131\u015ft\u0131\u011f\u0131m\u0131z ekibimiz d\u00fczenli olarak b\u00fcy\u00fcmeye devam ediyor. Sporun her t\u00fcr\u00fcn\u00fc seven ve \u00f6zellikle her ya\u015f grubuna, her sosyal stat\u00fcde insana hitap eden, samimi ve d\u00fcr\u00fcst olan her insana kucak a\u00e7an yap\u0131m\u0131zla, k\u0131sa s\u00fcrede g\u00fczel bir \u00e7evre edindik. Geli\u015fiyor ama ba\u015flad\u0131\u011f\u0131m\u0131z yeri de unutmuyoruz. \u015eu an ya\u015fad\u0131\u011f\u0131m\u0131z co\u011frafyay\u0131 \u00e7ok seviyoruz. Ta\u015fucu, Silifke, Mersin, Akdeniz ve g\u00fczel \u00fclkemiz T\u00fcrkiye\u2019yi haketti\u011fi geli\u015fmi\u015f \u00fclkeler seviyesine y\u00fckseltmek ve marka de\u011feri kazand\u0131rmak i\u00e7in tek bir birey olarak yapabilece\u011fimiz katk\u0131lar\u0131 ve \u00fczerimize d\u00fc\u015feni yapmaya daima haz\u0131r\u0131z. Her insan\u0131n bir hedefi olmal\u0131 tabiki ama 19 May\u0131s gibi \u00f6zel ve ya\u015fat\u0131lmas\u0131 gerekli bayramlar \/ g\u00fcnlerde t\u00fcm T\u00fcrkiye olarak ortak hedeflerde bulu\u015fmam\u0131z gerekli oldu\u011funa inan\u0131yoruz. Bu nedenle b\u00fcy\u00fck bir heyecanla Tisan\u2019da bir araya gelen her ya\u015ftan ama gen\u00e7 ruhlu arkada\u015flar\u0131m\u0131z ile co\u015fkuyla 19 May\u0131s Atat\u00fcrk\u2019\u00fc Anma ve Gen\u00e7lik ve Spor Bayram\u0131\u2019m\u0131z\u0131 ya\u015fad\u0131k ve kutlad\u0131k. Ba\u015fta ulu \u00f6nderimiz Mustafa Kemal Atat\u00fcrk, silah arkada\u015flar\u0131, \u015fehitlerimiz, gazilerimizi minnetle an\u0131yoruz. Ve bu ruhu gelecek nesillere aktaraca\u011f\u0131m\u0131za s\u00f6z veriyoruz.\u201d diyerek duygular\u0131n\u0131 dile getirdi.<\/p>\n","protected":false},"excerpt":{"rendered":"<p>Mysup Mersin Spor Kul\u00fcb\u00fc \u00fcyeleri Ezel \u00c7elik ve Yakup G\u00fcvel hoca e\u015fli\u011finde gen\u00e7ler Tisan koyunda bir araya gelerek ATA\u2019s\u0131na olan sayg\u0131s\u0131n\u0131 sevgisini g\u00f6sterdi. Gen\u00e7ler T\u00fcrk Bayra\u011f\u0131 logolu k\u0131rm\u0131z\u0131 ti\u015f\u00f6rt giyerek ellerinde T\u00fcrk bayraklar\u0131yla 19 May\u0131s\u2019\u0131 hep birlikte co\u015fku i\u00e7inde kutlad\u0131lar. \u201cSUP, AYAKTA K\u00dcREK S\u00d6RF\u00dc\u201d Mysup Mersin Spor Kul\u00fcb\u00fc hocalar\u0131 Ezel \u00c7elik ve Yakup G\u00fcvel sup [&hellip;]<\/p>\n","protected":false},"author":2,"featured_media":32711,"comment_status":"open","ping_status":"open","sticky":false,"template":"","format":"standard","meta":{"footnotes":""},"categories":[2,3,10],"tags":[],"class_list":["post-32710","post","type-post","status-publish","format-standard","has-post-thumbnail","hentry","category-gundem","category-manset","category-spor"],"views":10,"_links":{"self":[{"href":"https:\/\/mersinkadingazetesi.com\/index.php?rest_route=\/wp\/v2\/posts\/32710"}],"collection":[{"href":"https:\/\/mersinkadingazetesi.com\/index.php?rest_route=\/wp\/v2\/posts"}],"about":[{"href":"https:\/\/mersinkadingazetesi.com\/index.php?rest_route=\/wp\/v2\/types\/post"}],"author":[{"embeddable":true,"href":"https:\/\/mersinkadingazetesi.com\/index.php?rest_route=\/wp\/v2\/users\/2"}],"replies":[{"embeddable":true,"href":"https:\/\/mersinkadingazetesi.com\/index.php?rest_route=%2Fwp%2Fv2%2Fcomments&post=32710"}],"version-history":[{"count":0,"href":"https:\/\/mersinkadingazetesi.com\/index.php?rest_route=\/wp\/v2\/posts\/32710\/revisions"}],"wp:featuredmedia":[{"embeddable":true,"href":"https:\/\/mersinkadingazetesi.com\/index.php?rest_route=\/wp\/v2\/media\/32711"}],"wp:attachment":[{"href":"https:\/\/mersinkadingazetesi.com\/index.php?rest_route=%2Fwp%2Fv2%2Fmedia&parent=32710"}],"wp:term":[{"taxonomy":"category","embeddable":true,"href":"https:\/\/mersinkadingazetesi.com\/index.php?rest_route=%2Fwp%2Fv2%2Fcategories&post=32710"},{"taxonomy":"post_tag","embeddable":true,"href":"https:\/\/mersinkadingazetesi.com\/index.php?rest_route=%2Fwp%2Fv2%2Ftags&post=32710"}],"curies":[{"name":"wp","href":"https:\/\/api.w.org\/{rel}","templated":true}]}}