{"id":32723,"date":"2024-05-21T12:36:09","date_gmt":"2024-05-21T09:36:09","guid":{"rendered":"http:\/\/mersinkadingazetesi.com\/?p=32723"},"modified":"2024-05-21T12:36:09","modified_gmt":"2024-05-21T09:36:09","slug":"anne-elif-gunes-sevdigi-isi-buyuksehir-sayesinde-kazanca-donusturdu","status":"publish","type":"post","link":"https:\/\/mersinkadingazetesi.com\/?p=32723","title":{"rendered":"ANNE EL\u0130F G\u00dcNE\u015e, SEVD\u0130\u011e\u0130 \u0130\u015e\u0130 B\u00dcY\u00dcK\u015eEH\u0130R SAYES\u0130NDE KAZANCA D\u00d6N\u00dc\u015eT\u00dcRD\u00dc"},"content":{"rendered":"<p>Sosyal belediyecilik anlay\u0131\u015f\u0131 ile \u00f6ncelikli olarak dezavatajl\u0131 gruplar\u0131n ihtiya\u00e7lar\u0131n\u0131 giderecek hizmetleri hayata ge\u00e7iren Mersin B\u00fcy\u00fck\u015fehir Belediyesi, kentte fark yaratmaya devam ediyor. Sa\u011fl\u0131k Hizmetleri Dairesi Ba\u015fkanl\u0131\u011f\u0131 b\u00fcnyesinde hizmet veren Engelsiz Ya\u015fam Park\u0131&#8217;nda \u00f6zel gereksinimli \u00e7ocuklar\u0131n fiziksel, ruhsal ve psikolojik y\u00f6nden geli\u015fimlerine katk\u0131 sunan B\u00fcy\u00fck\u015fehir, \u00e7ocuklar\u0131n\u0131 merkeze getiren annelerin de faydalanabilece\u011fi kurslar a\u00e7\u0131yor.  Bir y\u0131ldan beri Ataksi rahats\u0131zl\u0131\u011f\u0131 olan 25 ya\u015f\u0131ndaki k\u0131z\u0131 Ezgi G\u00fcne\u015f ile birlikte Engelsiz Ya\u015fam Park\u0131&#8217;na gelen anne Elif G\u00fcne\u015f, dekoratif el sanatlar\u0131 kursuna kat\u0131larak, yatk\u0131n oldu\u011fu el i\u015fini geli\u015ftiren isimlerden biri.<\/p>\n<p>Makrome malzemelerden yapt\u0131\u011f\u0131 \u00e7anta ve sepet gibi \u00fcr\u00fcnlerin \u00e7evresi taraf\u0131ndan be\u011fenilmeye ba\u015flamas\u0131yla birlikte sipari\u015f al\u0131p sat\u0131\u015f yapmaya ba\u015flayan anne Elif G\u00fcne\u015f, emeklerinin kazanca d\u00f6n\u00fc\u015fmesinin mutlulu\u011funu ya\u015f\u0131yor. Ald\u0131\u011f\u0131 sipari\u015flerle birlikte aile b\u00fct\u00e7esine katk\u0131 sa\u011flayan G\u00fcne\u015f, istemenin ve azim g\u00f6stermenin ba\u015far\u0131ya d\u00f6n\u00fc\u015fece\u011fini g\u00f6stererek, herkese \u00f6rnek oluyor. K\u0131z\u0131n\u0131n rahats\u0131zl\u0131\u011f\u0131ndan dolay\u0131 d\u0131\u015farda \u00e7ok vakit ge\u00e7iremeyen anne, ya\u015fad\u0131\u011f\u0131 zorluklar\u0131 di\u011fer annelerle de payla\u015farak moral buldu\u011funu, Engelsiz Ya\u015fam Park\u0131&#8217;n\u0131n ise adeta 2. evi haline geldi\u011fini ifade ediyor.<\/p>\n<p>G\u00fcne\u015f: &#8220;Arkada\u015flar\u0131yla burada olmak, k\u0131z\u0131m\u0131 mutlu ediyor&#8221;<\/p>\n<p>K\u0131z\u0131n\u0131n hem Mersin B\u00fcy\u00fck\u015fehir Belediyesi Engelsiz Ya\u015fam Park\u0131&#8217;ndan, hem de Engelsiz Ya\u015fam Merkezi&#8217;nden faydaland\u0131\u011f\u0131n\u0131 kaydeden anne Elif G\u00fcne\u015f, &#8220;K\u0131z\u0131m\u0131 arkada\u015flar\u0131 \u00e7ok seviyor. Ataksi rahats\u0131zl\u0131\u011f\u0131 sebebiyle y\u00fcr\u00fcmesinde problemimiz var. Buradaki aktivitelere asl\u0131nda fazla kat\u0131lam\u0131yor, ama yine de arkada\u015flar\u0131yla olmak O&#8217;nu mutlu ediyor. Engelsiz Ya\u015fam Merkezi&#8217;nde de bilgisayar kursu al\u0131yor. Ben Engelsiz Ya\u015fam Park\u0131&#8217;ndan ayr\u0131lam\u0131yorum. El i\u015fini yapmay\u0131 da \u00e7ok seviyorum&#8221; diye konu\u015ftu.<\/p>\n<p>Anne G\u00fcne\u015f, el i\u015fi sayesinde kazan\u00e7 sa\u011flamas\u0131n\u0131n da \u00f6nemine de\u011finerek, &#8220;\u015eimdiye kadar pek fazla \u00e7anta yapmam\u0131\u015ft\u0131m ve hocamdan \u00f6\u011frendim. Eme\u011fim bo\u015fa gitmiyor ve kazanca d\u00f6n\u00fc\u015f\u00fcyor. Hem aileme katk\u0131 oluyor, hem de bir \u015feyler ba\u015fard\u0131\u011f\u0131m i\u00e7in beni mutlu ediyor&#8221; ifadelerini kulland\u0131.<\/p>\n<p>&#8220;Buras\u0131 adeta 2. evim gibi oldu&#8221;<\/p>\n<p>\u00d6zel birey \u00e7ocuklar\u0131n, anneleri ile bir arada olmas\u0131n\u0131n da \u00e7ok \u00f6nemli oldu\u011funu ifade eden G\u00fcne\u015f, \u00e7ocuklar\u0131n\u0131n farkl\u0131 rahats\u0131zl\u0131\u011f\u0131 olan annelerin birbirlerini daha iyi anlad\u0131\u011f\u0131ndan bahsederek, &#8220;Engelli anneleri fazla bir yere gidemiyor. Burada kendimizi rahat hissediyoruz. \u00c7\u00fcnk\u00fc birbirimizin sorununu anl\u0131yor ve ayn\u0131 \u015feyleri ya\u015f\u0131yoruz. Engelsiz Ya\u015fam Park\u0131&#8217;na 1 y\u0131ld\u0131r geliyoruz ve buras\u0131 adeta 2. evim gibi oldu&#8221; dedi.<\/p>\n","protected":false},"excerpt":{"rendered":"<p>Sosyal belediyecilik anlay\u0131\u015f\u0131 ile \u00f6ncelikli olarak dezavatajl\u0131 gruplar\u0131n ihtiya\u00e7lar\u0131n\u0131 giderecek hizmetleri hayata ge\u00e7iren Mersin B\u00fcy\u00fck\u015fehir Belediyesi, kentte fark yaratmaya devam ediyor. Sa\u011fl\u0131k Hizmetleri Dairesi Ba\u015fkanl\u0131\u011f\u0131 b\u00fcnyesinde hizmet veren Engelsiz Ya\u015fam Park\u0131&#8217;nda \u00f6zel gereksinimli \u00e7ocuklar\u0131n fiziksel, ruhsal ve psikolojik y\u00f6nden geli\u015fimlerine katk\u0131 sunan B\u00fcy\u00fck\u015fehir, \u00e7ocuklar\u0131n\u0131 merkeze getiren annelerin de faydalanabilece\u011fi kurslar a\u00e7\u0131yor. Bir y\u0131ldan beri Ataksi [&hellip;]<\/p>\n","protected":false},"author":2,"featured_media":32724,"comment_status":"open","ping_status":"open","sticky":false,"template":"","format":"standard","meta":{"footnotes":""},"categories":[3],"tags":[],"class_list":["post-32723","post","type-post","status-publish","format-standard","has-post-thumbnail","hentry","category-manset"],"views":1,"_links":{"self":[{"href":"https:\/\/mersinkadingazetesi.com\/index.php?rest_route=\/wp\/v2\/posts\/32723"}],"collection":[{"href":"https:\/\/mersinkadingazetesi.com\/index.php?rest_route=\/wp\/v2\/posts"}],"about":[{"href":"https:\/\/mersinkadingazetesi.com\/index.php?rest_route=\/wp\/v2\/types\/post"}],"author":[{"embeddable":true,"href":"https:\/\/mersinkadingazetesi.com\/index.php?rest_route=\/wp\/v2\/users\/2"}],"replies":[{"embeddable":true,"href":"https:\/\/mersinkadingazetesi.com\/index.php?rest_route=%2Fwp%2Fv2%2Fcomments&post=32723"}],"version-history":[{"count":0,"href":"https:\/\/mersinkadingazetesi.com\/index.php?rest_route=\/wp\/v2\/posts\/32723\/revisions"}],"wp:featuredmedia":[{"embeddable":true,"href":"https:\/\/mersinkadingazetesi.com\/index.php?rest_route=\/wp\/v2\/media\/32724"}],"wp:attachment":[{"href":"https:\/\/mersinkadingazetesi.com\/index.php?rest_route=%2Fwp%2Fv2%2Fmedia&parent=32723"}],"wp:term":[{"taxonomy":"category","embeddable":true,"href":"https:\/\/mersinkadingazetesi.com\/index.php?rest_route=%2Fwp%2Fv2%2Fcategories&post=32723"},{"taxonomy":"post_tag","embeddable":true,"href":"https:\/\/mersinkadingazetesi.com\/index.php?rest_route=%2Fwp%2Fv2%2Ftags&post=32723"}],"curies":[{"name":"wp","href":"https:\/\/api.w.org\/{rel}","templated":true}]}}