{"id":32764,"date":"2024-05-23T12:38:20","date_gmt":"2024-05-23T09:38:20","guid":{"rendered":"http:\/\/mersinkadingazetesi.com\/?p=32764"},"modified":"2024-05-23T12:38:20","modified_gmt":"2024-05-23T09:38:20","slug":"toroslar-belediye-baskani-abdurrahman-yildiz-mezitli-belediye-baskani-ahmet-serkan-tunceri-ziyaret-etti","status":"publish","type":"post","link":"https:\/\/mersinkadingazetesi.com\/?p=32764","title":{"rendered":"Toroslar Belediye Ba\u015fkan\u0131 Abdurrahman Y\u0131ld\u0131z, Mezitli Belediye Ba\u015fkan\u0131 Ahmet Serkan Tuncer&#8217;i Ziyaret Etti"},"content":{"rendered":"<p>Toroslar Belediye Ba\u015fkan\u0131 Abdurrahman Y\u0131ld\u0131z, dostluk ve i\u015fbirli\u011fi ba\u011flar\u0131n\u0131 g\u00fc\u00e7lendirmek amac\u0131yla Mezitli Belediye Ba\u015fkan\u0131 Ahmet Serkan Tuncer&#8217;i ziyaret etti.<\/p>\n<p>Ziyaret s\u0131ras\u0131nda iki belediye ba\u015fkan\u0131, b\u00f6lgesel konular\u0131 ve ortak projeleri g\u00f6r\u00fc\u015ft\u00fc.<\/p>\n<p>Abdurrahman Y\u0131ld\u0131z, ziyaretin ard\u0131ndan yapt\u0131\u011f\u0131 a\u00e7\u0131klamada, &#8220;Mezitli Belediye Ba\u015fkan\u0131 Say\u0131n Ahmet Serkan Tuncer&#8217;i ziyaret etmekten memnuniyet duydum. \u0130ki belediye aras\u0131nda i\u015fbirli\u011fini ve dayan\u0131\u015fmay\u0131 art\u0131rmak ad\u0131na verimli g\u00f6r\u00fc\u015fmeler ger\u00e7ekle\u015ftirdik. B\u00f6lgemizin kalk\u0131nmas\u0131 ve vatanda\u015flar\u0131m\u0131z\u0131n ya\u015fam kalitesinin art\u0131r\u0131lmas\u0131 i\u00e7in birlikte \u00e7al\u0131\u015fmaya devam edece\u011fiz&#8221; dedi.<\/p>\n<p>Mezitli Belediye Ba\u015fkan\u0131 Ahmet Serkan Tuncer ise ziyaretten duydu\u011fu memnuniyeti dile getirerek, &#8220;Toroslar Belediye Ba\u015fkan\u0131 Say\u0131n Abdurrahman Y\u0131ld\u0131z&#8217;\u0131 a\u011f\u0131rlamaktan b\u00fcy\u00fck mutluluk duyduk. \u0130ki belediye aras\u0131nda i\u015fbirli\u011fini ve dayan\u0131\u015fmay\u0131 g\u00fc\u00e7lendirerek, b\u00f6lgemizin sosyal ve ekonomik kalk\u0131nmas\u0131na katk\u0131 sa\u011flayaca\u011f\u0131m\u0131za inan\u0131yorum&#8221; \u015feklinde konu\u015ftu.<\/p>\n","protected":false},"excerpt":{"rendered":"<p>Toroslar Belediye Ba\u015fkan\u0131 Abdurrahman Y\u0131ld\u0131z, dostluk ve i\u015fbirli\u011fi ba\u011flar\u0131n\u0131 g\u00fc\u00e7lendirmek amac\u0131yla Mezitli Belediye Ba\u015fkan\u0131 Ahmet Serkan Tuncer&#8217;i ziyaret etti. Ziyaret s\u0131ras\u0131nda iki belediye ba\u015fkan\u0131, b\u00f6lgesel konular\u0131 ve ortak projeleri g\u00f6r\u00fc\u015ft\u00fc. Abdurrahman Y\u0131ld\u0131z, ziyaretin ard\u0131ndan yapt\u0131\u011f\u0131 a\u00e7\u0131klamada, &#8220;Mezitli Belediye Ba\u015fkan\u0131 Say\u0131n Ahmet Serkan Tuncer&#8217;i ziyaret etmekten memnuniyet duydum. \u0130ki belediye aras\u0131nda i\u015fbirli\u011fini ve dayan\u0131\u015fmay\u0131 art\u0131rmak ad\u0131na [&hellip;]<\/p>\n","protected":false},"author":2,"featured_media":32765,"comment_status":"open","ping_status":"open","sticky":false,"template":"","format":"standard","meta":{"footnotes":""},"categories":[2,3],"tags":[],"class_list":["post-32764","post","type-post","status-publish","format-standard","has-post-thumbnail","hentry","category-gundem","category-manset"],"views":2,"_links":{"self":[{"href":"https:\/\/mersinkadingazetesi.com\/index.php?rest_route=\/wp\/v2\/posts\/32764"}],"collection":[{"href":"https:\/\/mersinkadingazetesi.com\/index.php?rest_route=\/wp\/v2\/posts"}],"about":[{"href":"https:\/\/mersinkadingazetesi.com\/index.php?rest_route=\/wp\/v2\/types\/post"}],"author":[{"embeddable":true,"href":"https:\/\/mersinkadingazetesi.com\/index.php?rest_route=\/wp\/v2\/users\/2"}],"replies":[{"embeddable":true,"href":"https:\/\/mersinkadingazetesi.com\/index.php?rest_route=%2Fwp%2Fv2%2Fcomments&post=32764"}],"version-history":[{"count":0,"href":"https:\/\/mersinkadingazetesi.com\/index.php?rest_route=\/wp\/v2\/posts\/32764\/revisions"}],"wp:featuredmedia":[{"embeddable":true,"href":"https:\/\/mersinkadingazetesi.com\/index.php?rest_route=\/wp\/v2\/media\/32765"}],"wp:attachment":[{"href":"https:\/\/mersinkadingazetesi.com\/index.php?rest_route=%2Fwp%2Fv2%2Fmedia&parent=32764"}],"wp:term":[{"taxonomy":"category","embeddable":true,"href":"https:\/\/mersinkadingazetesi.com\/index.php?rest_route=%2Fwp%2Fv2%2Fcategories&post=32764"},{"taxonomy":"post_tag","embeddable":true,"href":"https:\/\/mersinkadingazetesi.com\/index.php?rest_route=%2Fwp%2Fv2%2Ftags&post=32764"}],"curies":[{"name":"wp","href":"https:\/\/api.w.org\/{rel}","templated":true}]}}