{"id":32773,"date":"2024-05-23T12:43:17","date_gmt":"2024-05-23T09:43:17","guid":{"rendered":"http:\/\/mersinkadingazetesi.com\/?p=32773"},"modified":"2024-05-23T12:43:17","modified_gmt":"2024-05-23T09:43:17","slug":"bolge-muduru-atas-tarsus-orman-isletme-mudurlugunu-ziyaret-etti","status":"publish","type":"post","link":"https:\/\/mersinkadingazetesi.com\/?p=32773","title":{"rendered":"B\u00f6lge M\u00fcd\u00fcr\u00fc Ata\u015f, Tarsus Orman \u0130\u015fletme M\u00fcd\u00fcrl\u00fc\u011f\u00fcn\u00fc Ziyaret Etti"},"content":{"rendered":"<p>Mersin Orman B\u00f6lge M\u00fcd\u00fcr\u00fc Rifat Ata\u015f, Tarsus Orman \u0130\u015fletme M\u00fcd\u00fcrl\u00fc\u011f\u00fcn\u00fc ziyaret etti. B\u00f6lge M\u00fcd\u00fcr\u00fc Ata\u015f&#8217;a, B\u00f6lge M\u00fcd\u00fcr Yard\u0131mc\u0131s\u0131 Ali Ki\u015fi e\u015flik etti.<\/p>\n<p>Ata\u015f&#8217;\u0131, Tarsus Orman \u0130\u015fletme M\u00fcd\u00fcr\u00fc Muhammet K\u00f6se, \u0130\u015fletme M\u00fcd\u00fcr Yard\u0131mc\u0131s\u0131, \u0130\u015fletme \u015eefleri ve personeller kar\u015f\u0131lad\u0131.<\/p>\n<p>B\u00f6lge M\u00fcd\u00fcr\u00fc Ata\u015f, ormanc\u0131l\u0131k faaliyetleriyle ilgili toplant\u0131 yaparak \u00e7al\u0131\u015fmalar hakk\u0131nda bilgi al\u0131p, \u0130\u015fletme M\u00fcd\u00fcr\u00fc ve ekibine te\u015fekk\u00fcr etti.<\/p>\n","protected":false},"excerpt":{"rendered":"<p>Mersin Orman B\u00f6lge M\u00fcd\u00fcr\u00fc Rifat Ata\u015f, Tarsus Orman \u0130\u015fletme M\u00fcd\u00fcrl\u00fc\u011f\u00fcn\u00fc ziyaret etti. B\u00f6lge M\u00fcd\u00fcr\u00fc Ata\u015f&#8217;a, B\u00f6lge M\u00fcd\u00fcr Yard\u0131mc\u0131s\u0131 Ali Ki\u015fi e\u015flik etti. Ata\u015f&#8217;\u0131, Tarsus Orman \u0130\u015fletme M\u00fcd\u00fcr\u00fc Muhammet K\u00f6se, \u0130\u015fletme M\u00fcd\u00fcr Yard\u0131mc\u0131s\u0131, \u0130\u015fletme \u015eefleri ve personeller kar\u015f\u0131lad\u0131. B\u00f6lge M\u00fcd\u00fcr\u00fc Ata\u015f, ormanc\u0131l\u0131k faaliyetleriyle ilgili toplant\u0131 yaparak \u00e7al\u0131\u015fmalar hakk\u0131nda bilgi al\u0131p, \u0130\u015fletme M\u00fcd\u00fcr\u00fc ve ekibine te\u015fekk\u00fcr etti.<\/p>\n","protected":false},"author":2,"featured_media":32774,"comment_status":"open","ping_status":"open","sticky":false,"template":"","format":"standard","meta":{"footnotes":""},"categories":[3],"tags":[],"class_list":["post-32773","post","type-post","status-publish","format-standard","has-post-thumbnail","hentry","category-manset"],"views":32,"_links":{"self":[{"href":"https:\/\/mersinkadingazetesi.com\/index.php?rest_route=\/wp\/v2\/posts\/32773"}],"collection":[{"href":"https:\/\/mersinkadingazetesi.com\/index.php?rest_route=\/wp\/v2\/posts"}],"about":[{"href":"https:\/\/mersinkadingazetesi.com\/index.php?rest_route=\/wp\/v2\/types\/post"}],"author":[{"embeddable":true,"href":"https:\/\/mersinkadingazetesi.com\/index.php?rest_route=\/wp\/v2\/users\/2"}],"replies":[{"embeddable":true,"href":"https:\/\/mersinkadingazetesi.com\/index.php?rest_route=%2Fwp%2Fv2%2Fcomments&post=32773"}],"version-history":[{"count":0,"href":"https:\/\/mersinkadingazetesi.com\/index.php?rest_route=\/wp\/v2\/posts\/32773\/revisions"}],"wp:featuredmedia":[{"embeddable":true,"href":"https:\/\/mersinkadingazetesi.com\/index.php?rest_route=\/wp\/v2\/media\/32774"}],"wp:attachment":[{"href":"https:\/\/mersinkadingazetesi.com\/index.php?rest_route=%2Fwp%2Fv2%2Fmedia&parent=32773"}],"wp:term":[{"taxonomy":"category","embeddable":true,"href":"https:\/\/mersinkadingazetesi.com\/index.php?rest_route=%2Fwp%2Fv2%2Fcategories&post=32773"},{"taxonomy":"post_tag","embeddable":true,"href":"https:\/\/mersinkadingazetesi.com\/index.php?rest_route=%2Fwp%2Fv2%2Ftags&post=32773"}],"curies":[{"name":"wp","href":"https:\/\/api.w.org\/{rel}","templated":true}]}}