{"id":32785,"date":"2024-05-23T12:49:17","date_gmt":"2024-05-23T09:49:17","guid":{"rendered":"http:\/\/mersinkadingazetesi.com\/?p=32785"},"modified":"2024-05-23T12:49:17","modified_gmt":"2024-05-23T09:49:17","slug":"mersin-devlet-opera-ve-balesi-muze-ve-oren-yeri-konserlerine-devam-ediyor","status":"publish","type":"post","link":"https:\/\/mersinkadingazetesi.com\/?p=32785","title":{"rendered":"\u201cMersin Devlet Opera ve Balesi M\u00fcze ve \u00d6ren Yeri Konserlerine Devam Ediyor.\u201d"},"content":{"rendered":"<p> Mersin Devlet Opera ve Balesi her ay geleneksel hale gelen m\u00fcze ve \u00f6ren yeri konserlerine devam ediyor.<br \/>\n\t28 May\u0131s  2024 Sal\u0131 g\u00fcn\u00fc saat 14:00\u2019de Tarsus M\u00fczesi\u2019nde, 29 May\u0131s 2024 \u00c7ar\u015famba g\u00fcn\u00fc saat 14:00\u2019de Mersin Deniz M\u00fczesi\u2019nde ve 2 Haziran 2024 Pazar g\u00fcn\u00fc saat 18:00\u2019de \u201cAntik Kentin Ezgisi\u201d adl\u0131 konseri ile Kanl\u0131divane\u2019 de \u00fccretsiz olarak ger\u00e7ekle\u015fecek olan konserler sanatsever ile bulu\u015facak.<br \/>\n\tM\u00fcze konserlerinin solist sanat\u00e7\u0131lar\u0131 Soprano I\u015f\u0131l Cavga B\u00f6l\u00fckba\u015f\u0131 ,soprano It\u0131r G\u00f6zde Tuyan, alto Ay\u015fe P\u0131nar Balay, tenor Hakan B\u00f6l\u00fckba\u015f\u0131 olacak. Artem Reutov\u2019un  piyano ile e\u015flik edece\u011fi konserlerde \u201cBahar Esintileri\u201d m\u00fcze atmosferinde   dinleyicinin be\u011fenisine sunulacak.<br \/>\n\tKanl\u0131divane\u2019de ger\u00e7ekle\u015fecek olan \u201cAntik Kentin Ezgisi\u201d adl\u0131 Gala Konser ise 2 Haziran 2024 Pazar g\u00fcn\u00fc saat 18:00\u2019de ger\u00e7ekle\u015fecek. Mersin DOB orkestras\u0131 \u015fef Naci \u00d6zg\u00fc\u00e7 ve koro An\u0131l Ayd\u0131n \u00f6nderli\u011finde ger\u00e7ekle\u015fecek konserin solist sanat\u00e7\u0131lar\u0131; soprano Hale Soner Keke\u00e7, mezzo soprano Nesrin G\u00f6n\u00fclda\u011f, tenor B\u00fclent Bezd\u00fcz,bariton Umut Kosman  olacak.<\/p>\n","protected":false},"excerpt":{"rendered":"<p>Mersin Devlet Opera ve Balesi her ay geleneksel hale gelen m\u00fcze ve \u00f6ren yeri konserlerine devam ediyor. 28 May\u0131s 2024 Sal\u0131 g\u00fcn\u00fc saat 14:00\u2019de Tarsus M\u00fczesi\u2019nde, 29 May\u0131s 2024 \u00c7ar\u015famba g\u00fcn\u00fc saat 14:00\u2019de Mersin Deniz M\u00fczesi\u2019nde ve 2 Haziran 2024 Pazar g\u00fcn\u00fc saat 18:00\u2019de \u201cAntik Kentin Ezgisi\u201d adl\u0131 konseri ile Kanl\u0131divane\u2019 de \u00fccretsiz olarak ger\u00e7ekle\u015fecek [&hellip;]<\/p>\n","protected":false},"author":2,"featured_media":32786,"comment_status":"open","ping_status":"open","sticky":false,"template":"","format":"standard","meta":{"footnotes":""},"categories":[3],"tags":[],"class_list":["post-32785","post","type-post","status-publish","format-standard","has-post-thumbnail","hentry","category-manset"],"views":56,"_links":{"self":[{"href":"https:\/\/mersinkadingazetesi.com\/index.php?rest_route=\/wp\/v2\/posts\/32785"}],"collection":[{"href":"https:\/\/mersinkadingazetesi.com\/index.php?rest_route=\/wp\/v2\/posts"}],"about":[{"href":"https:\/\/mersinkadingazetesi.com\/index.php?rest_route=\/wp\/v2\/types\/post"}],"author":[{"embeddable":true,"href":"https:\/\/mersinkadingazetesi.com\/index.php?rest_route=\/wp\/v2\/users\/2"}],"replies":[{"embeddable":true,"href":"https:\/\/mersinkadingazetesi.com\/index.php?rest_route=%2Fwp%2Fv2%2Fcomments&post=32785"}],"version-history":[{"count":0,"href":"https:\/\/mersinkadingazetesi.com\/index.php?rest_route=\/wp\/v2\/posts\/32785\/revisions"}],"wp:featuredmedia":[{"embeddable":true,"href":"https:\/\/mersinkadingazetesi.com\/index.php?rest_route=\/wp\/v2\/media\/32786"}],"wp:attachment":[{"href":"https:\/\/mersinkadingazetesi.com\/index.php?rest_route=%2Fwp%2Fv2%2Fmedia&parent=32785"}],"wp:term":[{"taxonomy":"category","embeddable":true,"href":"https:\/\/mersinkadingazetesi.com\/index.php?rest_route=%2Fwp%2Fv2%2Fcategories&post=32785"},{"taxonomy":"post_tag","embeddable":true,"href":"https:\/\/mersinkadingazetesi.com\/index.php?rest_route=%2Fwp%2Fv2%2Ftags&post=32785"}],"curies":[{"name":"wp","href":"https:\/\/api.w.org\/{rel}","templated":true}]}}