{"id":32788,"date":"2024-05-23T12:55:03","date_gmt":"2024-05-23T09:55:03","guid":{"rendered":"http:\/\/mersinkadingazetesi.com\/?p=32788"},"modified":"2024-05-23T12:55:03","modified_gmt":"2024-05-23T09:55:03","slug":"uysal-sosyal-medyada-yanlis-bilgilerin-yayilmasini-onlemek-icin-calismalar-yapilmali","status":"publish","type":"post","link":"https:\/\/mersinkadingazetesi.com\/?p=32788","title":{"rendered":"UYSAL: SOSYAL MEDYADA YANLI\u015e B\u0130LG\u0130LER\u0130N YAYILMASINI \u00d6NLEMEK \u0130\u00c7\u0130N \u00c7ALI\u015eMALAR YAPILMALI"},"content":{"rendered":"<p>Milliyet\u00e7i Hareket Partisi Mersin Milletvekili, MYK \u00dcyesi ve TBMM Dijital Mecralar Komisyonu \u00dcyesi Dr. Levent Uysal TBMM Dijital Mecralar Komisyonu toplant\u0131s\u0131na kat\u0131ld\u0131. Uysal, haberde de telif d\u00fczenlemesinin g\u00fcndemlerinde oldu\u011funu belirtti.<br \/>\nT\u00fcrkiye B\u00fcy\u00fck Millet Meclisi Dijital Mecralar Komisyonu, AK Parti Hatay Milletvekili H\u00fcseyin Yayman ba\u015fkanl\u0131\u011f\u0131nda topland\u0131. Toplant\u0131yla hedeflenen ise \u2018Fikir ve Sanat Eserleri Kanunu\u2019nun bug\u00fcnk\u00fc ko\u015fullara g\u00f6re iyile\u015ftirilmesi ve medya sekt\u00f6r\u00fcnden gelen talep do\u011frultusunda emek h\u0131rs\u0131zl\u0131\u011f\u0131n\u0131n \u00f6n\u00fcne ge\u00e7mek oldu.<\/p>\n<p>UYSAL: SOSYAL MEDYADA YANLI\u015e B\u0130LG\u0130LER\u0130N YAYILMASINI \u00d6NLEMEK \u0130\u00c7\u0130N \u00c7ALI\u015eMALAR YAPILMALI<br \/>\nTBMM Dijital Mecralar Komisyonu \u00dcyesi ve Milliyet\u00e7i Hareket Partisi Mersin Milletvekili Dr. Levent Uysal da toplant\u0131da Rekabet Kurumu temsilcilerine ve komisyon \u00fcyelerine bilgilendirmelerde bulundu. Sosyal medyada yay\u0131lan trol hesaplar\u0131n olu\u015fturdu\u011fu tehditleri anlatan Uysal, bu art\u0131\u015f\u0131n toplumsal bar\u0131\u015fa, ifade \u00f6zg\u00fcrl\u00fc\u011f\u00fcne, faydal\u0131 kamusal tart\u0131\u015fmaya ve demokrasiye zarar verdi\u011fini ifade etti.<br \/>\nMilletvekili Uysal \u201cVatanda\u015flar\u0131m\u0131z\u0131n y\u00fczde 75\u2019i temel haber kayna\u011f\u0131 olarak sosyal medya platformlar\u0131n\u0131 da i\u00e7eren dijital mecralar\u0131 tercih ediyorlar ve platformlardaki trol hesap varl\u0131\u011f\u0131 tehlikeli hale geliyor. G\u00fcnden g\u00fcne trol hesap say\u0131s\u0131 art\u0131yor ve bu durum toplumun do\u011frudan bar\u0131\u015f\u0131n\u0131, huzurunu, demokrasimizi etkiliyor. Toplumsal kutupla\u015fma ve nefret s\u00f6ylemi trol hesaplar arac\u0131l\u0131\u011f\u0131yla yay\u0131l\u0131yor ve milli b\u00fct\u00fcnl\u00fc\u011f\u00fcm\u00fcze tehdit olu\u015fturuyor.\u201d dedi.<br \/>\nTrol hesaplarla m\u00fccadele etmeye y\u00f6nelik hukuki d\u00fczenlemelere ihtiya\u00e7 oldu\u011funu vurgulayan Mersin Milletvekili Uysal konuyla ilgili di\u011fer \u00fclkelerin \u00e7al\u0131\u015fmalar\u0131ndan da \u00f6rnek verdi. Uysal \u201cBirle\u015fik Krall\u0131k, Almanya ve Fransa gibi bir\u00e7ok \u00fclkede sosyal medyadaki trol hesaplarla m\u00fccadele etmeye y\u00f6nelik hukuki d\u00fczenlemeler mevcut. Almanya\u2019da \u00e7\u0131kar\u0131lan kanunla sosyal medya \u015firketlerine; anayasaya ayk\u0131r\u0131 \u00f6rg\u00fctlerin propagandas\u0131 ve su\u00e7a y\u00f6nelten beyanlarda bulunma gibi i\u00e7eriklere, \u015fik\u00e2yet gelmesinden sonra 24 saat i\u00e7erisinde kald\u0131rma y\u00fck\u00fcml\u00fcl\u00fc\u011f\u00fc getirilmi\u015ftir. Bu d\u00fczenlemenin etkili oldu\u011fu da g\u00f6r\u00fcl\u00fcyor. Kanunun y\u00fcr\u00fcrl\u00fc\u011fe girmesinden 6 ay sonra, Facebook\u2019un \u015fik\u00e2yet edilen i\u00e7eriklerin y\u00fczde 21\u2019ini, YouTube\u2019un y\u00fczde 27\u2019sini ve Twitter\u2019\u0131n ise y\u00fczde 11\u2019ini kald\u0131rd\u0131\u011f\u0131 g\u00f6r\u00fclm\u00fc\u015ft\u00fcr.  Fransa\u2019da ise dijital mecralarda yalan haberlerin yay\u0131lmas\u0131n\u0131 \u00f6nlemek i\u00e7in \u2018Yalan Haber Kanunu\u2019 \u00e7\u0131kar\u0131lm\u0131\u015ft\u0131r. Kanun ile sosyal medya platformlar\u0131n\u0131n \u00f6zellikle se\u00e7im s\u00fcre\u00e7lerinde sponsorlu i\u00e7erikler hakk\u0131nda hesap vermeleri h\u00fck\u00fcm alt\u0131na al\u0131nm\u0131\u015ft\u0131r. Biz de T\u00fcrkiye olarak ifade \u00f6zg\u00fcrl\u00fc\u011f\u00fc ile nefret s\u00f6ylemi, fikri tart\u0131\u015fma ile toplumsal kutupla\u015fma aras\u0131ndaki hassas dengeyi koruyacak, yanl\u0131\u015f bilgilerin yay\u0131lmas\u0131n\u0131 \u00f6nleyecek ve kamusal tart\u0131\u015fmay\u0131 daha sa\u011fl\u0131kl\u0131 bir zemine \u00e7ekecek bir hukuki d\u00fczenlemeyi hayata ge\u00e7irmek zorunday\u0131z. \u201c\u015feklinde konu\u015ftu.<\/p>\n<p>UYSAL: SOSYAL MEDYA BA\u011eIMLILI\u011eI \u00dcLKEM\u0130Z\u0130N EKONOM\u0130K \u00dcRETKENL\u0130\u011e\u0130NE ZARAR VER\u0130YOR<br \/>\nT\u00fcrkiye\u2019de yakla\u015f\u0131k 63 milyon ki\u015finin sosyal medya platformu kullanarak her g\u00fcn en az 3 saatin sosyal medya platformlar\u0131nda ge\u00e7ti\u011fini, bununla beraber sosyal medya ba\u011f\u0131ml\u0131\u011f\u0131n\u0131n ka\u00e7\u0131n\u0131lmaz oldu\u011funu belirten Uysal yap\u0131lmas\u0131 gerekenleri anlatt\u0131. TBMM Dijital Mecralar Komisyonu \u00dcyesi Dr. Levent Uysal \u201cSosyal medyada en \u00e7ok vakit ge\u00e7iren kitle de 18-34 ya\u015f aras\u0131 vatanda\u015flar\u0131m\u0131z. Yani en gen\u00e7, en dinamik ve en \u00fcretken kitlemiz zamanlar\u0131n\u0131n \u00f6nemli bir b\u00f6l\u00fcm\u00fcn\u00fc sosyal medyada harc\u0131yor. Sosyal medya ba\u011f\u0131ml\u0131l\u0131\u011f\u0131n\u0131n yaratt\u0131\u011f\u0131 iki b\u00fcy\u00fck tehdit var. Birincisi, daha \u00f6nce de de\u011findi\u011fim trol hesaplar arac\u0131l\u0131\u011f\u0131yla yay\u0131lan yanl\u0131\u015f bilgilerin \u00e7ok h\u0131zl\u0131 bir \u015fekilde \u00e7ok geni\u015f bir kitleye yay\u0131lmas\u0131. \u0130kinci b\u00fcy\u00fck tehdit ise en dinamik ve \u00fcretken n\u00fcfusumuzun g\u00fcn\u00fcn\u00fcn \u00f6nemli bir b\u00f6l\u00fcm\u00fcn\u00fc bu mecralarda harcamas\u0131. Birinci tehdit, toplumsal huzurumuzu bozarak sosyal bir maliyet yarat\u0131rken ikinci tehdit ise ekonomik bir maliyet yarat\u0131yor. Sosyal medya ba\u011f\u0131ml\u0131l\u0131\u011f\u0131n\u0131n yaratt\u0131\u011f\u0131 tehditler tabii ki sadece \u00fclkemize \u00f6zg\u00fc de\u011fil. Bu alanda bir\u00e7ok \u00fclke kanuni d\u00fczenlemeler yap\u0131yor veya yapmaya \u00e7al\u0131\u015f\u0131yor. Avrupa Birli\u011fi\u2019nin \u201cSosyal Medya Ba\u011f\u0131ml\u0131l\u0131\u011f\u0131 \u0130le M\u00fccadeleye\u201d ili\u015fkin yasas\u0131 sosyal medya platformlar\u0131n\u0131n ba\u011f\u0131ml\u0131l\u0131k yaratan i\u015fleyi\u015fini d\u00fczenlemeye y\u00f6nelik haz\u0131rlanm\u0131\u015ft\u0131r.  Otomatik oynatma veya sonsuz kayd\u0131rma gibi tekniklerin yasaklanmas\u0131, dikkat \u00e7ekmeye y\u00f6nelik aray\u00fcz tasar\u0131m\u0131 veya reklamlar\u0131n \u00f6nlenmesi gibi d\u00fczenlemeler sosyal medya ba\u011f\u0131ml\u0131l\u0131\u011f\u0131n\u0131 azaltmay\u0131 ve \u00f6nlemeyi hedefliyor. \u00dclkemizde de bu y\u00f6nde bir kanuni d\u00fczenleme yap\u0131lmas\u0131 hem gen\u00e7 hem de orta ya\u015fl\u0131 n\u00fcfusumuzun sosyal medyada ge\u00e7irdi\u011fi s\u00fcreyi k\u0131saltabilir, vatanda\u015flar\u0131m\u0131z\u0131 zaman\u0131n\u0131 daha \u00fcretken \u015fekilde kullanmaya te\u015fvik edebilir ve sosyal medya ba\u011f\u0131ml\u0131l\u0131\u011f\u0131n\u0131n toplumsal huzur ve ekonomik \u00fcretkenli\u011fe y\u00f6nelik yaratt\u0131\u011f\u0131 tehditleri \u00f6nemli oranda engelleyebilir.\u201d ifadelerine yer verdi.<\/p>\n<p>UYSAL: BASIN KURULU\u015eLARININ F\u0130Z\u0130K\u0130 YAYINLARINDAN ELDE ETT\u0130\u011e\u0130 GEL\u0130RLER D\u00dc\u015eT\u00dc<br \/>\nBas\u0131n kurulu\u015flar\u0131n\u0131n fiziki yay\u0131nlar\u0131ndan elde ettikleri gelirlerin; dijital medyan\u0131n geli\u015fmesiyle b\u00fcy\u00fck oranda azald\u0131\u011f\u0131n\u0131, dijital i\u00e7eriklerden elde edilen gelirin ise i\u00e7eri\u011fin \u00fcreticisi olan bas\u0131n kurulu\u015flar\u0131ndan ziyade, bu i\u00e7eri\u011fi tekrar \u00fcreten ve kamuya arz eden Google gibi dijital da\u011f\u0131t\u0131m mecralar\u0131 taraf\u0131ndan elde edilmesinin bas\u0131n kurulu\u015flar\u0131n\u0131n gelir kayb\u0131na neden oldu\u011funu ifade eden Uysal, dijital telif yasas\u0131n\u0131n bu noktada devreye girmesi gerekti\u011finin alt\u0131n\u0131 \u00e7izdi.<br \/>\nUysal \u201cT\u00fcrkiye\u2019de telif haklar\u0131 5846 say\u0131l\u0131 Fikir ve Sanat Eserleri Kanunu (FSEK) kapsam\u0131nda korunuyor. Bununla birlikte dijital i\u00e7erikleri koruma konusunda ele\u015ftirilen yasa, 1952 y\u0131l\u0131nda y\u00fcr\u00fcrl\u00fc\u011fe girmi\u015ftir. G\u00fcn\u00fcm\u00fczde, yay\u0131nlar\u0131n dijital ortamlarda da kamuya sunulmas\u0131 telif sorunlar\u0131n\u0131 da beraberinde getirmektedir. Dijital mecralarda yay\u0131nlan\u0131p daha sonra yeniden \u00fcretilen eserlerin yay\u0131n haklar\u0131n\u0131n korunmas\u0131 \u00f6nem g\u00f6sterilmesi gereken bir durum olarak kar\u015f\u0131m\u0131za \u00e7\u0131k\u0131yor. Bu ortamlarda olu\u015fturulan i\u00e7eriklerin bir\u00e7o\u011fu da bas\u0131n yay\u0131n eserleri oldu\u011fu g\u00f6r\u00fcl\u00fcyor. Bas\u0131n\u0131n bahse konu olan yay\u0131nlar\u0131n\u0131n hangilerinin \u2018Fikir ve Sanat Eserleri Kanunu\u2019 kapsam\u0131nda yer ald\u0131\u011f\u0131 da hukuki olarak bir belirsizlik g\u00f6steriyor. Geleneksel olarak gazete, alb\u00fcm, dergi vb. bas\u0131l\u0131 ara\u00e7lar formunda faaliyet g\u00f6steren habercilik ve m\u00fczik gibi sekt\u00f6rlerde fiziki materyallerin eskisi kadar t\u00fcketilmiyor olu\u015fu bu sekt\u00f6rlerde faaliyet g\u00f6steren \u015firketlerin gelir kalemlerinin de azalmas\u0131na sebep oluyor. G\u00fcn\u00fcm\u00fczde dijital mecralarda \u2018reklam gelirleri\u2019 internet ekonomisinin b\u00fcy\u00fck bir par\u00e7as\u0131n\u0131 olu\u015fturmaktad\u0131r. \u00d6rne\u011fin 2023 y\u0131l\u0131nda 305 milyar dolar toplam gelir elde eden Google\u2019\u0131n bu gelirinin y\u00fczde 77\u2019den fazlas\u0131n\u0131 reklam gelirleri olu\u015fturmaktad\u0131r. Haber siteleri gibi i\u00e7erik \u00fcreticileri g\u00fcn\u00fcm\u00fczde reklam gelirlerinden tam olarak faydalanamamaktad\u0131r. \u0130\u00e7erik \u00fcreticilerinin reklam geliri elde edebilmesi i\u00e7in dijital i\u00e7eriklerin telif kapsam\u0131na al\u0131nmas\u0131 gerekmektedir. Bu konuda ABD, 1996 y\u0131l\u0131nda, Almanya 2018\u2019de telif i\u00e7in yasalar \u00e7\u0131karm\u0131\u015ft\u0131r. T\u00fcrkiye\u2019de kullan\u0131c\u0131lar\u0131n y\u00fczde 73\u2019\u00fc merak ettikleri konular hakk\u0131nda i\u00e7erikleri bulmak, y\u00fczde 67\u2019si haberleri takip etmek i\u00e7in internet kullan\u0131yor. En \u00e7ok ziyaret edilen 20 sitenin 6\u2019s\u0131 haberleri takip etmek i\u00e7in kullan\u0131lan sitelerden olu\u015fuyor. Gerek i\u00e7erik \u00fcreticilerinin haklar\u0131n\u0131 korumak gerekse de dijital ortamda adaleti sa\u011flamak i\u00e7in \u2018Dijital Telif Yasas\u0131\u2019 haz\u0131rlanmas\u0131 zorunluluk arz etmektedir. Biz de Dijital Mecralar Komisyonu olarak gerekli fikir ve sanat eserlerinin telif hakk\u0131n\u0131n korunmas\u0131 i\u00e7in \u00e7al\u0131\u015fmalar\u0131m\u0131z\u0131 s\u00fcrd\u00fcrece\u011fiz.\u201d dedi.<\/p>\n","protected":false},"excerpt":{"rendered":"<p>Milliyet\u00e7i Hareket Partisi Mersin Milletvekili, MYK \u00dcyesi ve TBMM Dijital Mecralar Komisyonu \u00dcyesi Dr. Levent Uysal TBMM Dijital Mecralar Komisyonu toplant\u0131s\u0131na kat\u0131ld\u0131. Uysal, haberde de telif d\u00fczenlemesinin g\u00fcndemlerinde oldu\u011funu belirtti. T\u00fcrkiye B\u00fcy\u00fck Millet Meclisi Dijital Mecralar Komisyonu, AK Parti Hatay Milletvekili H\u00fcseyin Yayman ba\u015fkanl\u0131\u011f\u0131nda topland\u0131. Toplant\u0131yla hedeflenen ise \u2018Fikir ve Sanat Eserleri Kanunu\u2019nun bug\u00fcnk\u00fc ko\u015fullara [&hellip;]<\/p>\n","protected":false},"author":2,"featured_media":32789,"comment_status":"open","ping_status":"open","sticky":false,"template":"","format":"standard","meta":{"footnotes":""},"categories":[3],"tags":[],"class_list":["post-32788","post","type-post","status-publish","format-standard","has-post-thumbnail","hentry","category-manset"],"views":1,"_links":{"self":[{"href":"https:\/\/mersinkadingazetesi.com\/index.php?rest_route=\/wp\/v2\/posts\/32788"}],"collection":[{"href":"https:\/\/mersinkadingazetesi.com\/index.php?rest_route=\/wp\/v2\/posts"}],"about":[{"href":"https:\/\/mersinkadingazetesi.com\/index.php?rest_route=\/wp\/v2\/types\/post"}],"author":[{"embeddable":true,"href":"https:\/\/mersinkadingazetesi.com\/index.php?rest_route=\/wp\/v2\/users\/2"}],"replies":[{"embeddable":true,"href":"https:\/\/mersinkadingazetesi.com\/index.php?rest_route=%2Fwp%2Fv2%2Fcomments&post=32788"}],"version-history":[{"count":0,"href":"https:\/\/mersinkadingazetesi.com\/index.php?rest_route=\/wp\/v2\/posts\/32788\/revisions"}],"wp:featuredmedia":[{"embeddable":true,"href":"https:\/\/mersinkadingazetesi.com\/index.php?rest_route=\/wp\/v2\/media\/32789"}],"wp:attachment":[{"href":"https:\/\/mersinkadingazetesi.com\/index.php?rest_route=%2Fwp%2Fv2%2Fmedia&parent=32788"}],"wp:term":[{"taxonomy":"category","embeddable":true,"href":"https:\/\/mersinkadingazetesi.com\/index.php?rest_route=%2Fwp%2Fv2%2Fcategories&post=32788"},{"taxonomy":"post_tag","embeddable":true,"href":"https:\/\/mersinkadingazetesi.com\/index.php?rest_route=%2Fwp%2Fv2%2Ftags&post=32788"}],"curies":[{"name":"wp","href":"https:\/\/api.w.org\/{rel}","templated":true}]}}