{"id":32791,"date":"2024-05-23T17:34:40","date_gmt":"2024-05-23T14:34:40","guid":{"rendered":"http:\/\/mersinkadingazetesi.com\/?p=32791"},"modified":"2024-05-23T17:34:40","modified_gmt":"2024-05-23T14:34:40","slug":"tasucu-kumda-ozgurce-sup-etkinlikleri-renk-katacak","status":"publish","type":"post","link":"https:\/\/mersinkadingazetesi.com\/?p=32791","title":{"rendered":"TA\u015eUCU KUM\u2019DA \u00d6ZG\u00dcRCE SUP ETK\u0130NL\u0130KLER\u0130 RENK KATACAK"},"content":{"rendered":"<p>\u00d6zg\u00fcrce Sup Ta\u015fucu Spor Kul\u00fcb\u00fc Ba\u015fkan\u0131 \u00d6zg\u00fcr Ceridhan hafta sonundan itibaren sup ile birlikte voleybol oynanmaya ba\u015flanaca\u011f\u0131n\u0131 s\u00f6yleyerek m\u00fcjdeyi verdi.<\/p>\n<p>Yakla\u015f\u0131k 200 \u00fcyesi ile birlikte Mersin\u2019in birbirinden g\u00fczel \u00e7e\u015fitli koylar\u0131nda etkinlik d\u00fczenleyen \u00d6zg\u00fcrce Sup Ta\u015fucu Spor Kul\u00fcb\u00fc, Cumartesi g\u00fcn\u00fcnden itibaren \u00c7apa Port Sahili&#8217;nde voleybol etkinlikleri d\u00fczenleyecek.<\/p>\n<p>Konu ili ilgili a\u00e7\u0131klamada bulunan \u00d6zg\u00fcrce Sup Ta\u015fucu Spor Kul\u00fcb\u00fc Ba\u015fkan\u0131 \u00d6zg\u00fcr Ceridhan, &#8220;Merhabalar, \u00d6zg\u00fcrce hareket etmeyi seven ailemiz. Nihayet 2024 y\u0131l\u0131 sezon a\u00e7\u0131l\u0131\u015f\u0131nda voleybol oynamaya da ba\u015fl\u0131yoruz. Cumartesi g\u00fcn\u00fc sabahtan \u00f6\u011fleden sonraya kadar \u00c7apa Port Sahili&#8217;nde hem voleybol, hem SUP Board i\u00e7in toplan\u0131yoruz. Tabi ki sohbet ve izlemek i\u00e7in herkes davetlidir. Art\u0131k hem voleybol hem SUP Board i\u00e7in tak\u0131mlar \u00e7\u0131karaca\u011f\u0131z. Rakiplerimizle heyecanl\u0131 ve dostlu\u011fa yak\u0131\u015f\u0131r turnuvalarda bulu\u015fmak \u00fczere&#8221; diyerek m\u00fcjdesini a\u00e7\u0131klad\u0131.<\/p>\n","protected":false},"excerpt":{"rendered":"<p>\u00d6zg\u00fcrce Sup Ta\u015fucu Spor Kul\u00fcb\u00fc Ba\u015fkan\u0131 \u00d6zg\u00fcr Ceridhan hafta sonundan itibaren sup ile birlikte voleybol oynanmaya ba\u015flanaca\u011f\u0131n\u0131 s\u00f6yleyerek m\u00fcjdeyi verdi. Yakla\u015f\u0131k 200 \u00fcyesi ile birlikte Mersin\u2019in birbirinden g\u00fczel \u00e7e\u015fitli koylar\u0131nda etkinlik d\u00fczenleyen \u00d6zg\u00fcrce Sup Ta\u015fucu Spor Kul\u00fcb\u00fc, Cumartesi g\u00fcn\u00fcnden itibaren \u00c7apa Port Sahili&#8217;nde voleybol etkinlikleri d\u00fczenleyecek. Konu ili ilgili a\u00e7\u0131klamada bulunan \u00d6zg\u00fcrce Sup Ta\u015fucu Spor [&hellip;]<\/p>\n","protected":false},"author":2,"featured_media":32792,"comment_status":"open","ping_status":"open","sticky":false,"template":"","format":"standard","meta":{"footnotes":""},"categories":[3,10],"tags":[],"class_list":["post-32791","post","type-post","status-publish","format-standard","has-post-thumbnail","hentry","category-manset","category-spor"],"views":34,"_links":{"self":[{"href":"https:\/\/mersinkadingazetesi.com\/index.php?rest_route=\/wp\/v2\/posts\/32791"}],"collection":[{"href":"https:\/\/mersinkadingazetesi.com\/index.php?rest_route=\/wp\/v2\/posts"}],"about":[{"href":"https:\/\/mersinkadingazetesi.com\/index.php?rest_route=\/wp\/v2\/types\/post"}],"author":[{"embeddable":true,"href":"https:\/\/mersinkadingazetesi.com\/index.php?rest_route=\/wp\/v2\/users\/2"}],"replies":[{"embeddable":true,"href":"https:\/\/mersinkadingazetesi.com\/index.php?rest_route=%2Fwp%2Fv2%2Fcomments&post=32791"}],"version-history":[{"count":0,"href":"https:\/\/mersinkadingazetesi.com\/index.php?rest_route=\/wp\/v2\/posts\/32791\/revisions"}],"wp:featuredmedia":[{"embeddable":true,"href":"https:\/\/mersinkadingazetesi.com\/index.php?rest_route=\/wp\/v2\/media\/32792"}],"wp:attachment":[{"href":"https:\/\/mersinkadingazetesi.com\/index.php?rest_route=%2Fwp%2Fv2%2Fmedia&parent=32791"}],"wp:term":[{"taxonomy":"category","embeddable":true,"href":"https:\/\/mersinkadingazetesi.com\/index.php?rest_route=%2Fwp%2Fv2%2Fcategories&post=32791"},{"taxonomy":"post_tag","embeddable":true,"href":"https:\/\/mersinkadingazetesi.com\/index.php?rest_route=%2Fwp%2Fv2%2Ftags&post=32791"}],"curies":[{"name":"wp","href":"https:\/\/api.w.org\/{rel}","templated":true}]}}