{"id":32821,"date":"2024-05-26T10:59:10","date_gmt":"2024-05-26T07:59:10","guid":{"rendered":"http:\/\/mersinkadingazetesi.com\/?p=32821"},"modified":"2024-05-26T10:59:10","modified_gmt":"2024-05-26T07:59:10","slug":"secer-birlik-ve-beraberlik-icerisinde-mut-halkina-hizmet-edecegiz","status":"publish","type":"post","link":"https:\/\/mersinkadingazetesi.com\/?p=32821","title":{"rendered":"SE\u00c7ER: &#8220;B\u0130RL\u0130K VE BERABERL\u0130K \u0130\u00c7ER\u0130S\u0130NDE MUT HALKINA H\u0130ZMET EDECE\u011e\u0130Z&#8221;"},"content":{"rendered":"<p>Mersin B\u00fcy\u00fck\u015fehir Belediye Ba\u015fkan\u0131 Vahap Se\u00e7er, Mut Belediyesi ile Mut Kaymakaml\u0131\u011f\u0131 taraf\u0131ndan d\u00fczenlenen ve Mersin B\u00fcy\u00fck\u015fehir Belediyesi taraf\u0131ndan da destek verilen &#8217;62. Mut Karacao\u011flan Kay\u0131s\u0131 K\u00fclt\u00fcr ve Sanat Festivali&#8217;ne kat\u0131l\u0131m sa\u011flad\u0131. \u0130Y\u0130 Parti Genel Ba\u015fkan\u0131 M\u00fcsavat Dervi\u015fo\u011flu da festivale kat\u0131ld\u0131. Mut Karacao\u011flan \u00c7\u0131naralt\u0131 Park\u0131&#8217;nda d\u00fczenlenen ve 24-25-26 May\u0131s tarihlerinde ger\u00e7ekle\u015fecek festivalin a\u00e7\u0131l\u0131\u015f\u0131nda konu\u015fan Ba\u015fkan Se\u00e7er, \u00f6n\u00fcm\u00fczdeki 5 y\u0131lda da tar\u0131m, emek, al\u0131n teri ve bereket kenti Mut&#8217;a hizmet etmeye devam edeceklerini vurgulad\u0131.<\/p>\n<p>Sayg\u0131 Duru\u015fu ve \u0130stiklal Mar\u015f\u0131 ile ba\u015flayan program, Mut Belediyesi Halk Oyunlar\u0131 Toplulu\u011fu g\u00f6sterisinin ard\u0131ndan a\u00e7\u0131l\u0131\u015f konu\u015fmalar\u0131 ile devam etti.<\/p>\n<p>Se\u00e7er: &#8220;Birlik ve beraberlik i\u00e7erisinde Mut halk\u0131na hizmet edece\u011fiz&#8221;<\/p>\n<p>Mut halk\u0131yla bir arada olmaktan duydu\u011fu mutlulu\u011fu ifade ederek konu\u015fmas\u0131na ba\u015flayan Ba\u015fkan Se\u00e7er, 5 y\u0131l boyunca mevcut imkanlar\u0131 en iyi \u015fekilde kullanarak, gecelerini g\u00fcnd\u00fczlerine kat\u0131p Mersin halk\u0131na hizmet ettiklerini s\u00f6yleyerek, &#8220;Mut halk\u0131 olarak 31 Mart&#8217;ta bizlere verdi\u011finiz destek i\u00e7in te\u015fekk\u00fcr ediyorum. Ayn\u0131 zamanda Mut il\u00e7emizde se\u00e7ilip 5 y\u0131ll\u0131k g\u00f6revi \u00fcstlenen Murat Orhan&#8217;a da ba\u015far\u0131lar diliyorum. Hep beraber, birlik ve beraberlik i\u00e7erisinde Mut halk\u0131na hizmet edece\u011fiz. \u00d6n\u00fcm\u00fczdeki 5 y\u0131lda tar\u0131m, emek, al\u0131n teri ve bereket kenti Mut&#8217;a hizmetlerimize devam edece\u011fiz&#8221; dedi.<\/p>\n<p>&#8220;Tar\u0131msal desteklerde Mut&#8217;u ayr\u0131 bir yere koyduk&#8221;<\/p>\n<p>Mut&#8217;un Mersin&#8217;in en geni\u015f y\u00fcz\u00f6l\u00e7\u00fcm\u00fcne sahip il\u00e7esi oldu\u011funa dikkat \u00e7eken Se\u00e7er, &#8220;Mut il\u00e7emiz en geni\u015f topraklara sahip ve zorlu ko\u015fullarda tar\u0131msal \u00fcretim yapan il\u00e7emiz. Bu ko\u015fullar\u0131 ve \u015fartlar\u0131 bildi\u011fimiz i\u00e7in ge\u00e7ti\u011fimiz 5 y\u0131ll\u0131k d\u00f6nemde tar\u0131msal desteklerde Mut&#8217;u ayr\u0131 bir yere koyduk. Ge\u00e7ti\u011fimiz 5 y\u0131lda yapt\u0131\u011f\u0131m\u0131z 354 kilometrelik sulama borusu deste\u011finin 93 kilometresini yani y\u00fczde 26&#8217;s\u0131n\u0131 Mut&#8217;a yapt\u0131k. Mut bunu hak etti\u011fi i\u00e7in yapt\u0131k&#8221; dedi. Tar\u0131m ve Orman Bakanl\u0131\u011f\u0131&#8217;na \u00f6rnek olacak &#8216;Hadi Gel K\u00f6y\u00fcm\u00fcze Destek Verelim&#8217; hayvanc\u0131l\u0131k projesi kapsam\u0131nda 5 y\u0131lda 7 bin 500 k\u00fc\u00e7\u00fckba\u015f dam\u0131zl\u0131k hayvan da\u011f\u0131t\u0131m\u0131 ger\u00e7ekle\u015ftirdiklerini hat\u0131rlatan Se\u00e7er, &#8220;300 ailemize i\u015fletme kurduk. \u00dc\u00e7er be\u015fer, yasak savmak i\u00e7in yapmad\u0131k. \u00c7al\u0131\u015f\u0131n, \u00fcretin eme\u011finizin kar\u015f\u0131l\u0131\u011f\u0131n\u0131 al\u0131n istiyoruz&#8221;<\/p>\n<p>&#8220;Tar\u0131msal GES&#8217;ler ile enerji maliyetleriniz d\u00fc\u015fecek&#8221;<\/p>\n<p>Mut&#8217;ta ikamet 20 aileye toplam 500 k\u00fc\u00e7\u00fckba\u015f hayvan da\u011f\u0131t\u0131m\u0131 yaparak i\u015fletme olmalar\u0131na katk\u0131 sunduklar\u0131n\u0131 s\u00f6yleyen Se\u00e7er, projelerin devam edece\u011fini vurgulayarak &#8220;Fide, fidan, alet, ekipman, bir \u00f6nceki 5 y\u0131lda tar\u0131ma dair ger\u00e7ekle\u015ftirilen projeler devam edecek&#8221; dedi. Yeni projelerin de h\u0131z kesmeden gelmeye devam edece\u011fini belirten Se\u00e7er, &#8220;\u00dcreticimizin en b\u00fcy\u00fck maliyet kalemlerinin ba\u015f\u0131nda elektrik faturalar\u0131 geliyor. Tar\u0131msal G\u00fcne\u015f Enerjisi Santrali (GES) projesiyle kooperatiflere destek verece\u011fiz. Projelerinizi haz\u0131r edin, g\u00fcne\u015f enerjisi santralleri kural\u0131m, elektrik giderlerinizi d\u00fc\u015f\u00fcrelim&#8221; s\u00f6zlerine yer verdi.<\/p>\n<p>&#8220;Herkes elini ta\u015f\u0131n alt\u0131na koysun, Mut&#8217;un sorunlar\u0131n\u0131 \u00e7\u00f6zelim&#8221;<\/p>\n<p>Ak\u0131lla ve bilimle yap\u0131lan projeler sayesinde \u00fcreticinin maliyetinin d\u00fc\u015fece\u011fine de\u011finen Se\u00e7er, &#8220;Atat\u00fcrk&#8217;\u00fcn dedi\u011fi gibi &#8216;Hayatta en hakiki m\u00fcr\u015fit ilimdir&#8217;. Bilimi takip edersek d\u00fcnyada rekabet eden g\u00fc\u00e7l\u00fc bir \u00fclke haline geliriz. Bunu hep beraber yapaca\u011f\u0131z. Birlik ve beraberli\u011fin olmad\u0131\u011f\u0131 yerde ba\u015far\u0131 olmaz&#8221; diye konu\u015ftu. Mut&#8217;un temel beklentilerinden birisinin sebze-meyve halinin yenilenmesi oldu\u011funu hat\u0131rlatan Se\u00e7er, &#8220;Herkes elini ta\u015f\u0131n alt\u0131na koysun. Buradan Cumhur \u0130ttifak\u0131&#8217;na mensup siyaset\u00e7ilere sesleniyorum; b\u00fcrokraside s\u0131k\u0131\u015fan, bekleyen ve t\u0131kanan i\u015flerimizin \u00e7\u00f6z\u00fcm\u00fcne katk\u0131 sunsunlar. Ortak paydam\u0131z Mersin&#8217;dir, Mersin&#8217;in oldu\u011fu noktada siyaseti ve particili\u011fi b\u0131rakal\u0131m, beraber olal\u0131m&#8221; diye seslendi. Engellemelerin Mersin halk\u0131na zarar verdi\u011fine dikkat \u00e7eken Se\u00e7er, ikinci 5 y\u0131lda bunlar\u0131n ya\u015fanmamas\u0131 \u00e7a\u011fr\u0131s\u0131 yapt\u0131.<\/p>\n<p>Tar\u0131mda &#8216;K\u00f6y\u00fcm\u00fcz At\u00f6lye&#8217; projesini de hayata ge\u00e7ireceklerini m\u00fcjdeleyen Se\u00e7er, her b\u00f6lgenin de\u011ferli \u00fcr\u00fcnlerinin pazarlamas\u0131n\u0131n yap\u0131lmas\u0131na katk\u0131 sa\u011flayacaklar\u0131n\u0131 ve \u00fcr\u00fcnleri d\u00fcnyaya tan\u0131tacaklar\u0131n\u0131 duyurdu. Mut&#8217;un arazi yollar\u0131na dair \u00e7al\u0131\u015fmalar\u0131n temellerini de att\u0131klar\u0131n\u0131 hat\u0131rlatan Se\u00e7er, &#8220;\u00c7al\u0131\u015fmalar s\u00fcratle devam ediyor, yak\u0131n zamanda da hizmete alaca\u011f\u0131z&#8221; dedi.<\/p>\n<p>&#8220;B\u00fcy\u00fck\u015fehir Belediyesi ile Mut Belediyesi her zaman yan yana olacak&#8221;<\/p>\n<p>B\u00fcy\u00fck\u015fehir Belediyesi ile Mut Belediyesi&#8217;nin her zaman yan yana olaca\u011f\u0131n\u0131 kaydeden Se\u00e7er, &#8220;Biz biliyoruz ki ayr\u0131 ve gayr\u0131 olmak, inatla\u015fmak, birbirine parmak sallamak, birbirine kem konu\u015fman\u0131n kimseye bir yarar\u0131 yok. Vatanda\u015f\u0131 da geriyor ve \u00fcz\u00fcyor. \u00d6n\u00fcm\u00fczdeki 5 y\u0131lda 13 il\u00e7emizde il\u00e7e belediye ba\u015fkanlar\u0131m\u0131zla uyum i\u00e7erisinde \u00e7al\u0131\u015fma gayreti i\u00e7erisinde olaca\u011f\u0131z. Her zaman el ele, kol kola sizlere hizmet edece\u011fiz. Bug\u00fcn\u00fcm\u00fcz kutlu olsun, dar\u0131s\u0131 her sene olsun. \u00dcr\u00fcn\u00fcn\u00fcz bereketli olsun&#8221; diyerek, konu\u015fmas\u0131n\u0131 sonland\u0131rd\u0131.<\/p>\n<p>Dervi\u015fo\u011flu: &#8220;Mut halk\u0131 hizmetlerinden dolay\u0131 Vahap Se\u00e7er&#8217;e oy vermi\u015f&#8221;<\/p>\n<p>Mut&#8217;un b\u00fcy\u00fck insanlar yeti\u015ftirdi\u011fini ve bunlardan birisinin Karacao\u011flan oldu\u011funu vurgulayan \u0130Y\u0130 Parti Genel Ba\u015fkan\u0131 M\u00fcsavat Dervi\u015fo\u011flu, festivalin de ona ithaf edilmesine vurgu tapt\u0131. Festivale Cumhur \u0130ttifak\u0131&#8217;na mensup partilerin genel ba\u015fkanlar\u0131n\u0131n kat\u0131lmamas\u0131na de\u011finen Dervi\u015fo\u011flu, &#8220;Vatanda\u015f tercihte bulundu diye vatanda\u015fa k\u0131zamazs\u0131n\u0131z. Mutlu tercihini koymu\u015f, oy kullan\u0131rken de Say\u0131n Vahap Se\u00e7er&#8217;i hizmetlerinden \u00f6t\u00fcr\u00fc takdir etti\u011fini g\u00f6stermek i\u00e7in oy vermi\u015f&#8221; diyerek, Mut halk\u0131n\u0131n cezaland\u0131r\u0131lmamas\u0131 \u00e7a\u011fr\u0131s\u0131 yapt\u0131.<\/p>\n<p>Zafer Partisi Genel Ba\u015fkan Yard\u0131mc\u0131s\u0131 Murat Y\u0131ld\u0131z ise festivale katk\u0131 sunanlara te\u015fekk\u00fcr ederek, &#8220;Umar\u0131m bu festival Mut il\u00e7emizin hak etti\u011fi tan\u0131t\u0131m\u0131 almas\u0131na \u00f6nemli bir katk\u0131 sa\u011flar&#8221; dedi.<\/p>\n<p>Din\u00e7er: &#8220;Mutlular\u0131n yerel sorunlar\u0131n\u0131 Ba\u015fkan Se\u00e7er \u00e7\u00f6z\u00fcyor&#8221;<\/p>\n<p>Mut halk\u0131n\u0131n hem genel hem de yerel sorunlar\u0131 oldu\u011funu kaydeden Cumhuriyet Halk Partisi (CHP) Mersin Milletvekili Talat Din\u00e7er, Mut halk\u0131n\u0131n yerel sorunlar\u0131n\u0131n Ba\u015fkan Se\u00e7er&#8217;in destekleriyle \u00e7\u00f6z\u00fcld\u00fc\u011f\u00fcn\u00fc kaydetti. Genel sorunlar\u0131n ba\u015f\u0131nda girdi maliyetleri oldu\u011funu ve bu sorunlar\u0131n ise \u00e7ift\u00e7inin belini b\u00fckt\u00fc\u011f\u00fcn\u00fc belirten Din\u00e7er, &#8220;Maliyetini kurtaramad\u0131lar ama inad\u0131na \u00e7al\u0131\u015f\u0131yorlar ve inad\u0131na emek veriyorlar&#8221; diyerek, Mutlular\u0131 tebrik etti.<\/p>\n<p>\u00c7ak\u0131r: &#8220;Mut&#8217;a yap\u0131lacak hizmetler engelleniyor&#8221;<\/p>\n<p>Mut&#8217;un bir su sorunu oldu\u011funa de\u011finen CHP Mersin Milletvekili Hasan Ufuk \u00c7ak\u0131r, bu sorunlar\u0131 bildiklerini belirterek, &#8220;B\u00fcy\u00fck\u015fehir Belediye Ba\u015fkan\u0131m\u0131z Vahap Se\u00e7er, Mut \u0130l\u00e7esi Muhtelif Mahalleler Kanalizasyon Hatt\u0131 ile bu sorunu \u00e7\u00f6zmek istiyor. Ama projeler imzaya tak\u0131ld\u0131&#8221; dedi. Mutlular\u0131n \u00e7ok \u00e7al\u0131\u015fkan oldu\u011funu ve Ba\u015fkan Se\u00e7er&#8217;in \u00e7al\u0131\u015fmas\u0131n\u0131 g\u00f6rerek onu desteklediklerini kaydeden \u00c7ak\u0131r, &#8220;\u0130natla \u00fcretmeye \u00e7al\u0131\u015f\u0131yorsunuz. Hepinizi tebrik ediyorum. Mutlu kal\u0131n, mutlu olun&#8221; dedi.<\/p>\n<p>Ayranc\u0131: &#8220;Kay\u0131s\u0131n\u0131n il\u00e7emize olan katma de\u011ferini y\u00fckseltmek ad\u0131na bir\u00e7ok faaliyet icra ettik&#8221;<\/p>\n<p>Mut&#8217;un bir\u00e7ok tar\u0131msal f\u0131rsatlar sunan bir il\u00e7e oldu\u011funu kaydeden Mut Kaymakam\u0131 \u0130hsan Ayranc\u0131, kay\u0131s\u0131n\u0131n stratejik bir \u00fcr\u00fcn oldu\u011funa de\u011finerek, &#8220;Bu nadide \u00fcr\u00fcn\u00fcn pazarlama imkanlar\u0131n\u0131 art\u0131rmak, il\u00e7emize olan katma de\u011ferini y\u00fckseltmek ad\u0131na bir\u00e7ok faaliyet icra ettik. Bu \u00e7al\u0131\u015fmalar\u0131 yaparken bizlere desteklerini esirgemeyen Mersin B\u00fcy\u00fck\u015fehir Belediyemize te\u015fekk\u00fcr ediyoruz&#8221; diye konu\u015ftu.   <\/p>\n<p>Orhan: &#8220;Her ne olursa olsun Mut \u00e7ift\u00e7isi \u00fcretmeye devam edecek&#8221;<\/p>\n<p>Mut&#8217;un ekonomisinin y\u00fczde 90&#8217;\u0131n\u0131n tar\u0131ma dayal\u0131 oldu\u011funu kaydeden Mut Belediye Ba\u015fkan\u0131 Murat Orhan, ba\u015fl\u0131ca \u00fcr\u00fcnlerinin kay\u0131s\u0131 oldu\u011funu vurgulayarak, &#8220;B\u00f6yle co\u015fkulu bir festival il\u00e7emizde kutlanmam\u0131\u015ft\u0131. Hepinize bu co\u015fku i\u00e7in te\u015fekk\u00fcr ediyorum. Her ne olursa olsun Mut \u00e7ift\u00e7isi \u00fcretmeye devam edecek&#8221; diyerek, festivale b\u00fcy\u00fck katk\u0131 sunan ve yo\u011fun program\u0131na ra\u011fmen festivale kat\u0131lan Ba\u015fkan Se\u00e7er&#8217;e te\u015fekk\u00fcr etti. <\/p>\n<p>Mut Belediye Ba\u015fkan\u0131 Murat Orhan programda ayr\u0131ca g\u00fcn\u00fcn an\u0131s\u0131na Ba\u015fkan Se\u00e7er&#8217;e hediye takdiminde bulundu.<\/p>\n","protected":false},"excerpt":{"rendered":"<p>Mersin B\u00fcy\u00fck\u015fehir Belediye Ba\u015fkan\u0131 Vahap Se\u00e7er, Mut Belediyesi ile Mut Kaymakaml\u0131\u011f\u0131 taraf\u0131ndan d\u00fczenlenen ve Mersin B\u00fcy\u00fck\u015fehir Belediyesi taraf\u0131ndan da destek verilen &#8217;62. Mut Karacao\u011flan Kay\u0131s\u0131 K\u00fclt\u00fcr ve Sanat Festivali&#8217;ne kat\u0131l\u0131m sa\u011flad\u0131. \u0130Y\u0130 Parti Genel Ba\u015fkan\u0131 M\u00fcsavat Dervi\u015fo\u011flu da festivale kat\u0131ld\u0131. Mut Karacao\u011flan \u00c7\u0131naralt\u0131 Park\u0131&#8217;nda d\u00fczenlenen ve 24-25-26 May\u0131s tarihlerinde ger\u00e7ekle\u015fecek festivalin a\u00e7\u0131l\u0131\u015f\u0131nda konu\u015fan Ba\u015fkan Se\u00e7er, [&hellip;]<\/p>\n","protected":false},"author":2,"featured_media":32822,"comment_status":"open","ping_status":"open","sticky":false,"template":"","format":"standard","meta":{"footnotes":""},"categories":[2,3,5],"tags":[],"class_list":["post-32821","post","type-post","status-publish","format-standard","has-post-thumbnail","hentry","category-gundem","category-manset","category-mersin"],"views":1,"_links":{"self":[{"href":"https:\/\/mersinkadingazetesi.com\/index.php?rest_route=\/wp\/v2\/posts\/32821"}],"collection":[{"href":"https:\/\/mersinkadingazetesi.com\/index.php?rest_route=\/wp\/v2\/posts"}],"about":[{"href":"https:\/\/mersinkadingazetesi.com\/index.php?rest_route=\/wp\/v2\/types\/post"}],"author":[{"embeddable":true,"href":"https:\/\/mersinkadingazetesi.com\/index.php?rest_route=\/wp\/v2\/users\/2"}],"replies":[{"embeddable":true,"href":"https:\/\/mersinkadingazetesi.com\/index.php?rest_route=%2Fwp%2Fv2%2Fcomments&post=32821"}],"version-history":[{"count":0,"href":"https:\/\/mersinkadingazetesi.com\/index.php?rest_route=\/wp\/v2\/posts\/32821\/revisions"}],"wp:featuredmedia":[{"embeddable":true,"href":"https:\/\/mersinkadingazetesi.com\/index.php?rest_route=\/wp\/v2\/media\/32822"}],"wp:attachment":[{"href":"https:\/\/mersinkadingazetesi.com\/index.php?rest_route=%2Fwp%2Fv2%2Fmedia&parent=32821"}],"wp:term":[{"taxonomy":"category","embeddable":true,"href":"https:\/\/mersinkadingazetesi.com\/index.php?rest_route=%2Fwp%2Fv2%2Fcategories&post=32821"},{"taxonomy":"post_tag","embeddable":true,"href":"https:\/\/mersinkadingazetesi.com\/index.php?rest_route=%2Fwp%2Fv2%2Ftags&post=32821"}],"curies":[{"name":"wp","href":"https:\/\/api.w.org\/{rel}","templated":true}]}}