{"id":32824,"date":"2024-05-26T11:00:50","date_gmt":"2024-05-26T08:00:50","guid":{"rendered":"http:\/\/mersinkadingazetesi.com\/?p=32824"},"modified":"2024-05-26T11:00:50","modified_gmt":"2024-05-26T08:00:50","slug":"baskan-secer-chp-yenisehir-danisma-kurulu-toplantisina-katildi","status":"publish","type":"post","link":"https:\/\/mersinkadingazetesi.com\/?p=32824","title":{"rendered":"BA\u015eKAN SE\u00c7ER, CHP YEN\u0130\u015eEH\u0130R DANI\u015eMA KURULU TOPLANTISI&#8217;NA KATILDI"},"content":{"rendered":"<p>Mersin B\u00fcy\u00fck\u015fehir Belediye Ba\u015fkan\u0131 Vahap Se\u00e7er, CHP Yeni\u015fehir \u0130l\u00e7e Ba\u015fkanl\u0131\u011f\u0131 taraf\u0131ndan d\u00fczenlenen &#8216;Cumhuriyet Halk Partisi (CHP) Yeni\u015fehir \u0130l\u00e7e \u00d6rg\u00fct\u00fc Dan\u0131\u015fma Kurulu Toplant\u0131s\u0131&#8217;na kat\u0131ld\u0131.<\/p>\n<p>Atat\u00fcrk K\u00fclt\u00fcr Merkezi&#8217;nde d\u00fczenlenen Dan\u0131\u015fma Kurulu Toplant\u0131s\u0131&#8217;na; Mersin B\u00fcy\u00fck\u015fehir Belediye Ba\u015fkan\u0131 Vahap Se\u00e7er, CHP Mersin \u0130l Ba\u015fkan\u0131 Koral \u00d6m\u00fcr, CHP Mersin Milletvekilleri G\u00fclcan K\u0131\u015f, Talat Din\u00e7er ve Hasan Ufuk \u00c7ak\u0131r,  CHP Gen\u00e7lik Kollar\u0131 Genel Ba\u015fkan Yard\u0131mc\u0131s\u0131 \u0130zzet K\u0131r\u0131lmaz, Yeni\u015fehir Belediye Ba\u015fkan Vekili \u00d6zg\u00fcr Emire, CHP Mersin \u0130l Gen\u00e7lik Kollar\u0131 Ba\u015fkan\u0131 Alk\u0131m S\u00fcmer, CHP Yeni\u015fehir \u0130l\u00e7e Ba\u015fkan\u0131 Toprak \u00c7al\u0131\u015fkan, CHP Yeni\u015fehir \u0130l\u00e7e Kad\u0131n Kollar\u0131 Ba\u015fkan\u0131 Nuray Emre, Yeni\u015fehir \u0130l\u00e7e Belediye Meclis \u00fcyeleri, il\u00e7e y\u00f6neticileri, CHP \u00d6nceki d\u00f6nem milletvekilleri, CHP \u00f6nceki d\u00f6nem il ba\u015fkanlar\u0131 ve partililer kat\u0131l\u0131m sa\u011flad\u0131.<\/p>\n<p>Ba\u015fkan Se\u00e7er: &#8220;Hem T\u00fcrkiye&#8217;de hem de \u015fehrimizde \u00e7ok de\u011ferli bir sonu\u00e7 ald\u0131k&#8221;<\/p>\n<p>Dan\u0131\u015fma Kurulu Toplant\u0131s\u0131&#8217;nda konu\u015fan Ba\u015fkan Se\u00e7er, sahada yap\u0131lan \u00e7al\u0131\u015fmalar\u0131n \u00e7ok \u00f6nemli oldu\u011funa i\u015faret etti. Uzun y\u0131llard\u0131r protokollerde yaln\u0131zca iktidar mensubu ki\u015filerin yer ald\u0131\u011f\u0131n\u0131 fakat 31 Mart se\u00e7imlerinde yerel y\u00f6netimlerde ya\u015fan\u0131lan devrimle bunun de\u011fi\u015fti\u011fini belirten Se\u00e7er, &#8220;31 Mart&#8217;tan sonra 2 bayram oldu; 23 Nisan ve 19 May\u0131s. Tablo tamamen de\u011fi\u015fti. Gittik, g\u00f6rd\u00fck, ellerini tuttuk, kalplerine girdik, olanca h\u0131z\u0131m\u0131zla \u00e7al\u0131\u015ft\u0131k. Kampanyada etik \u015fartlar alt\u0131nda her t\u00fcrl\u00fc enstr\u00fcman\u0131, arg\u00fcman\u0131 kulland\u0131k ve hem T\u00fcrkiye&#8217;de hem de \u015fehrimizde \u00e7ok de\u011ferli bir sonu\u00e7 ald\u0131k&#8221; dedi.<\/p>\n<p>Mersin&#8217;de ald\u0131\u011f\u0131 y\u00fczde 60 oyu her vatanda\u015fa tek tek dokunarak ald\u0131\u011f\u0131n\u0131 belirten Se\u00e7er, &#8220;\u00c7\u0131k\u0131p hizmetinizi anlat\u0131rsan\u0131z, sizin yan\u0131n\u0131za ko\u015ftura ko\u015ftura gelen Y\u00f6r\u00fck kad\u0131n\u0131n, erke\u011fin, \u00e7ocu\u011fun elini can\u0131 g\u00f6n\u00fclden s\u0131kar, g\u00f6z\u00fcn\u00fcn i\u00e7ine bakarsan\u0131z hi\u00e7 merak etmeyin; &#8216;Bu se\u00e7imde zaten size oy verdim, hi\u00e7 oy vermemi\u015ftim&#8217; der, bir dahaki se\u00e7imde de verir. As\u0131l bizi sevindirecek olan, 4 y\u0131l sonra yap\u0131lacak olan genel se\u00e7imde de partimize oy verme ihtimalleri&#8221; ifadelerine yer verdi.<\/p>\n<p>Siyasi m\u00fchendislik yapmaya gerek olmad\u0131\u011f\u0131n\u0131 s\u00f6yleyen Se\u00e7er, toplumun sosyolojisinin belli oldu\u011funu s\u00f6yleyerek, &#8220;\u0130nsanlar T\u00fcrkiye toplumunun realitesini \u00e7al\u0131\u015f\u0131yor, y\u0131llarca bilimsel ara\u015ft\u0131rmalar yap\u0131yor \u00f6n\u00fcn\u00fcze koyuyor. &#8216;Al bu sosyolojiye g\u00f6re stratejini belirle&#8217; diyor. Belediye ba\u015fkanlar\u0131n\u0131n takip edece\u011fi yol, strateji budur. Her y\u0131l yapt\u0131\u011f\u0131m\u0131z alan yoklamalar\u0131nda; &#8216;toplumun talebi nedir, \u015fikayeti nedir, eksi\u011fi nedir, \u00f6zlemini nedir, Yeni\u015fehir&#8217;de nedir, Mut&#8217;ta nedir?&#8217; yat\u0131r\u0131m programlar\u0131n\u0131 bu \u00e7er\u00e7evede yapt\u0131k&#8221; dedi.<\/p>\n<p>&#8220;\u0130ktidar kap\u0131s\u0131n\u0131n anahtar\u0131 belediye ba\u015fkanlar\u0131n\u0131n elindedir&#8221;<\/p>\n<p>Hi\u00e7bir zaman g\u00fc\u00e7s\u00fcz bir belediye olduklar\u0131n\u0131 s\u00f6ylemedi\u011fini vurgulayan Se\u00e7er, &#8220;Biz 5 y\u0131l s\u00fcrede yapt\u0131\u011f\u0131m\u0131z hizmetlerimizle \u00f6rg\u00fct ba\u015fkanlar\u0131m\u0131z\u0131n, y\u00f6neticilerimizin, siz de\u011ferli \u00fcyelerimizin ba\u015f\u0131n\u0131 \u00f6ne e\u011fdirmedik. \u00c7\u00fcnk\u00fc sizin belediye ba\u015fkanlar\u0131n\u0131z hizmet yapt\u0131. Kimi eksik yapt\u0131, kimi gayet iyi yapt\u0131, kimi \u00e7ok iyi yapt\u0131 ama herkes sosyal demokrat belediyecilik anlay\u0131\u015f\u0131yla bu kente hizmet etme gayreti i\u00e7erisinde oldu. Bundan sonraki s\u00fcre\u00e7te biz i\u015fimize bakar\u0131z, yolumuza devam ederiz&#8221; dedi.<\/p>\n<p>Yeni kazan\u0131lan belediyeler ve belediye ba\u015fkanlar\u0131n\u0131n yan\u0131nda olduklar\u0131n\u0131 s\u00f6yleyen Se\u00e7er, &#8220;As\u0131l maharet onlarda, 2024&#8217;te iktidar\u0131n kap\u0131s\u0131n\u0131n anahtar\u0131 onlar\u0131n elinde. Kilidi takarlar, a\u00e7arlar ya da a\u00e7amazlar ama eski g\u00f6rev yapan, \u00f6zellikle ikinci d\u00f6nemini ya\u015fayan 6 b\u00fcy\u00fck\u015fehrin yine bu s\u00fcre\u00e7te lokomotif olaca\u011f\u0131n\u0131 d\u00fc\u015f\u00fcn\u00fcyorum. \u0130\u015fte o zaman 5 y\u0131ld\u0131r T\u00fcrkiye&#8217;de estirilen Cumhuriyet Halk Partisi Belediyecili\u011fi, Cumhuriyet Halk Partili Ba\u015fkanlar\u0131n sosyal demokrat, halk\u00e7\u0131 belediyecili\u011fi katlanarak devam ederse, yine konu\u015fulursak hi\u00e7 merak etmeyin 2028 y\u0131l\u0131nda ya da daha \u00f6nce yap\u0131lacak se\u00e7imlerde iktidar ka\u00e7\u0131n\u0131lmaz. Tabi ki T\u00fcrkiye&#8217;nin konjonkt\u00fcr\u00fc ve Cumhuriyet Halk Partisi&#8217;nin \u00fcretece\u011fi politika, g\u00fcdece\u011fi siyaset genel se\u00e7imlerde as\u0131l belirleyici olur&#8221; \u015feklinde konu\u015ftu.<\/p>\n<p>Yurtta\u015fa daha g\u00fczel projeler uygulayacaklar\u0131n\u0131 s\u00f6yleyen Se\u00e7er, &#8220;Daha kal\u0131c\u0131, g\u00fcvenilir ve g\u00fc\u00e7l\u00fc bir hizmet anlay\u0131\u015f\u0131yla sadece yerel y\u00f6netimlerde \u015fahs\u0131m\u0131za de\u011fil, genel se\u00e7imlerde de &#8216;madem ba\u015fkanlar iyi y\u00f6netiyor, neden Cumhuriyet Halk Partili bir h\u00fck\u00fcmet bu \u00fclkeyi y\u00f6netmesin?&#8217; anlay\u0131\u015f\u0131n\u0131 onlar\u0131n akl\u0131na sokaca\u011f\u0131z. Onlara o g\u00fcveni inanc\u0131 verece\u011fiz&#8221; diyerek s\u00f6zlerini tamamlad\u0131.<\/p>\n<p>CHP Yeni\u015fehir \u0130l\u00e7e \u00d6rg\u00fct\u00fc Dan\u0131\u015fma Kurulu Toplant\u0131s\u0131&#8217;nda; CHP Mersin \u0130l Ba\u015fkan\u0131 Koral \u00d6m\u00fcr, CHP Mersin Milletvekilleri G\u00fclcan K\u0131\u015f, Talat Din\u00e7er, Hasan Ufuk \u00c7ak\u0131r ile CHP Gen\u00e7lik Kollar\u0131 Genel Ba\u015fkan Yard\u0131mc\u0131s\u0131 \u0130zzet K\u0131r\u0131lmaz ve CHP Yeni\u015fehir \u0130l\u00e7e Ba\u015fkan\u0131 Toprak \u00c7al\u0131\u015fkan da birer konu\u015fma yapt\u0131lar.<\/p>\n","protected":false},"excerpt":{"rendered":"<p>Mersin B\u00fcy\u00fck\u015fehir Belediye Ba\u015fkan\u0131 Vahap Se\u00e7er, CHP Yeni\u015fehir \u0130l\u00e7e Ba\u015fkanl\u0131\u011f\u0131 taraf\u0131ndan d\u00fczenlenen &#8216;Cumhuriyet Halk Partisi (CHP) Yeni\u015fehir \u0130l\u00e7e \u00d6rg\u00fct\u00fc Dan\u0131\u015fma Kurulu Toplant\u0131s\u0131&#8217;na kat\u0131ld\u0131. Atat\u00fcrk K\u00fclt\u00fcr Merkezi&#8217;nde d\u00fczenlenen Dan\u0131\u015fma Kurulu Toplant\u0131s\u0131&#8217;na; Mersin B\u00fcy\u00fck\u015fehir Belediye Ba\u015fkan\u0131 Vahap Se\u00e7er, CHP Mersin \u0130l Ba\u015fkan\u0131 Koral \u00d6m\u00fcr, CHP Mersin Milletvekilleri G\u00fclcan K\u0131\u015f, Talat Din\u00e7er ve Hasan Ufuk \u00c7ak\u0131r, CHP Gen\u00e7lik [&hellip;]<\/p>\n","protected":false},"author":2,"featured_media":32825,"comment_status":"open","ping_status":"open","sticky":false,"template":"","format":"standard","meta":{"footnotes":""},"categories":[3,5],"tags":[],"class_list":["post-32824","post","type-post","status-publish","format-standard","has-post-thumbnail","hentry","category-manset","category-mersin"],"views":4,"_links":{"self":[{"href":"https:\/\/mersinkadingazetesi.com\/index.php?rest_route=\/wp\/v2\/posts\/32824"}],"collection":[{"href":"https:\/\/mersinkadingazetesi.com\/index.php?rest_route=\/wp\/v2\/posts"}],"about":[{"href":"https:\/\/mersinkadingazetesi.com\/index.php?rest_route=\/wp\/v2\/types\/post"}],"author":[{"embeddable":true,"href":"https:\/\/mersinkadingazetesi.com\/index.php?rest_route=\/wp\/v2\/users\/2"}],"replies":[{"embeddable":true,"href":"https:\/\/mersinkadingazetesi.com\/index.php?rest_route=%2Fwp%2Fv2%2Fcomments&post=32824"}],"version-history":[{"count":0,"href":"https:\/\/mersinkadingazetesi.com\/index.php?rest_route=\/wp\/v2\/posts\/32824\/revisions"}],"wp:featuredmedia":[{"embeddable":true,"href":"https:\/\/mersinkadingazetesi.com\/index.php?rest_route=\/wp\/v2\/media\/32825"}],"wp:attachment":[{"href":"https:\/\/mersinkadingazetesi.com\/index.php?rest_route=%2Fwp%2Fv2%2Fmedia&parent=32824"}],"wp:term":[{"taxonomy":"category","embeddable":true,"href":"https:\/\/mersinkadingazetesi.com\/index.php?rest_route=%2Fwp%2Fv2%2Fcategories&post=32824"},{"taxonomy":"post_tag","embeddable":true,"href":"https:\/\/mersinkadingazetesi.com\/index.php?rest_route=%2Fwp%2Fv2%2Ftags&post=32824"}],"curies":[{"name":"wp","href":"https:\/\/api.w.org\/{rel}","templated":true}]}}