{"id":32827,"date":"2024-05-26T11:02:06","date_gmt":"2024-05-26T08:02:06","guid":{"rendered":"http:\/\/mersinkadingazetesi.com\/?p=32827"},"modified":"2024-05-26T11:02:06","modified_gmt":"2024-05-26T08:02:06","slug":"meski-mersin-il-su-kurulu-1-toplantisina-katilim-sagladi","status":"publish","type":"post","link":"https:\/\/mersinkadingazetesi.com\/?p=32827","title":{"rendered":"MESK\u0130, MERS\u0130N \u0130L SU KURULU 1. TOPLANTISI&#8217;NA KATILIM SA\u011eLADI"},"content":{"rendered":"<p>Mersin B\u00fcy\u00fck\u015fehir Belediyesi Mersin Su ve Kanalizasyon \u0130daresi (MESK\u0130) Genel M\u00fcd\u00fcrl\u00fc\u011f\u00fc yetkilileri, Mersin \u0130l Su Kurulu 1. Toplant\u0131s\u0131&#8217;na kat\u0131ld\u0131.<\/p>\n<p>29.11.2023 tarih ve 32384 say\u0131l\u0131 Resmi Gazete&#8217;de yay\u0131mlanarak y\u00fcr\u00fcrl\u00fc\u011fe giren Cumhurba\u015fkanl\u0131\u011f\u0131 Kararnamesi&#8217;ne g\u00f6re olu\u015fturulan \u0130l Su Kurulu Toplant\u0131s\u0131 yap\u0131ld\u0131. Mersin \u0130l Su Kurulu 1. Toplant\u0131s\u0131&#8217;na MESK\u0130 Genel M\u00fcd\u00fcrl\u00fc\u011f\u00fc&#8217;n\u00fc temsilen Ar\u0131tma Tesisleri Dairesi Ba\u015fkan\u0131 Dr. Emel Deniz Avc\u0131, Plan Proje Dairesi Ba\u015fkan\u0131 Ba\u015far Kurt ile Daire Ba\u015fkan\u0131 Kamuran \u00d6zkaralar kat\u0131l\u0131m sa\u011flad\u0131.<\/p>\n<p>Avc\u0131, yeni yap\u0131lacak ve kapasitesi art\u0131r\u0131lacak at\u0131k su ar\u0131tma tesisleri ile ilgili bilgiler verdi<\/p>\n<p>K\u00fcresel  iklim  de\u011fi\u015fikli\u011finin  etkilerinin  yo\u011fun  olarak  hissedildi\u011fi  Akdeniz  iklim ku\u015fa\u011f\u0131nda yer  alan T\u00fcrkiye,   iklim  de\u011fi\u015fikli\u011finin  olumsuz  sonu\u00e7lar\u0131ndan  en  fazla  etkilenecek \u00fclkeler aras\u0131nda kabul ediliyor. Havzalardaki su varl\u0131\u011f\u0131na ili\u015fkin \u00f6ng\u00f6r\u00fcler, su kaynaklar\u0131n\u0131n \u00f6n\u00fcm\u00fczdeki 100 y\u0131l i\u00e7erisinde y\u00fczde 25&#8217;e varan oranlarda azalabilece\u011fini g\u00f6steriyor. Ulusal \u00e7al\u0131\u015fmalar\u0131n sonu\u00e7lar\u0131na ve uluslararas\u0131 g\u00f6stergelere g\u00f6re T\u00fcrkiye, &#8220;su stresi&#8221; alt\u0131ndaki b\u00f6lgeler aras\u0131nda yer al\u0131yor. T\u00fcrkiye&#8217;yi ve Mersin&#8217;i bekleyen kurakl\u0131k ve su k\u0131tl\u0131\u011f\u0131 riskine kar\u015f\u0131 proaktif yakla\u015f\u0131m ilkesiyle &#8220;su kaynaklar\u0131n\u0131n verimli ve s\u00fcrd\u00fcr\u00fclebilir kullan\u0131m\u0131na&#8221; y\u00f6nelik politika ve eylemlerin hayata ge\u00e7irilmesi ise b\u00fcy\u00fck \u00f6nem arz ediyor.<\/p>\n<p>Kurakl\u0131k ve iklim de\u011fi\u015fikli\u011fi konular\u0131n\u0131n g\u00fcndeme geldi\u011fi \u0130l Su Kurulu Toplant\u0131s\u0131&#8217;nda sunum yapan MESK\u0130 Ar\u0131tma Tesisleri Dairesi Ba\u015fkan\u0131 Dr. Emel Deniz Avc\u0131; MESK\u0130&#8217;nin sorumluluk alan\u0131nda olan i\u00e7me-kullanma suyu havzas\u0131 koruma planlar\u0131n\u0131n il baz\u0131nda uygulanma durumu, i\u00e7me suyu ar\u0131tma tesislerinin durumu, \u015febeke kay\u0131plar\u0131 ve bu hususlara y\u00f6nelik \u00e7evresel altyap\u0131yla ilgili de\u011ferlendirmeler yapt\u0131. Ayr\u0131ca, yeralt\u0131 ve yer \u00fcst\u00fc su kaynaklar\u0131n\u0131n korunmas\u0131, daha fazla temiz suya eri\u015fim i\u00e7in yeni yap\u0131lacak olan ve kapasitesi art\u0131r\u0131lacak olan at\u0131k su ar\u0131tma tesisleri ile ilgili bilgileri de aktard\u0131.<\/p>\n","protected":false},"excerpt":{"rendered":"<p>Mersin B\u00fcy\u00fck\u015fehir Belediyesi Mersin Su ve Kanalizasyon \u0130daresi (MESK\u0130) Genel M\u00fcd\u00fcrl\u00fc\u011f\u00fc yetkilileri, Mersin \u0130l Su Kurulu 1. Toplant\u0131s\u0131&#8217;na kat\u0131ld\u0131. 29.11.2023 tarih ve 32384 say\u0131l\u0131 Resmi Gazete&#8217;de yay\u0131mlanarak y\u00fcr\u00fcrl\u00fc\u011fe giren Cumhurba\u015fkanl\u0131\u011f\u0131 Kararnamesi&#8217;ne g\u00f6re olu\u015fturulan \u0130l Su Kurulu Toplant\u0131s\u0131 yap\u0131ld\u0131. Mersin \u0130l Su Kurulu 1. Toplant\u0131s\u0131&#8217;na MESK\u0130 Genel M\u00fcd\u00fcrl\u00fc\u011f\u00fc&#8217;n\u00fc temsilen Ar\u0131tma Tesisleri Dairesi Ba\u015fkan\u0131 Dr. Emel Deniz [&hellip;]<\/p>\n","protected":false},"author":2,"featured_media":32828,"comment_status":"open","ping_status":"open","sticky":false,"template":"","format":"standard","meta":{"footnotes":""},"categories":[3,9,11],"tags":[],"class_list":["post-32827","post","type-post","status-publish","format-standard","has-post-thumbnail","hentry","category-manset","category-saglik","category-teknoloji"],"views":4,"_links":{"self":[{"href":"https:\/\/mersinkadingazetesi.com\/index.php?rest_route=\/wp\/v2\/posts\/32827"}],"collection":[{"href":"https:\/\/mersinkadingazetesi.com\/index.php?rest_route=\/wp\/v2\/posts"}],"about":[{"href":"https:\/\/mersinkadingazetesi.com\/index.php?rest_route=\/wp\/v2\/types\/post"}],"author":[{"embeddable":true,"href":"https:\/\/mersinkadingazetesi.com\/index.php?rest_route=\/wp\/v2\/users\/2"}],"replies":[{"embeddable":true,"href":"https:\/\/mersinkadingazetesi.com\/index.php?rest_route=%2Fwp%2Fv2%2Fcomments&post=32827"}],"version-history":[{"count":0,"href":"https:\/\/mersinkadingazetesi.com\/index.php?rest_route=\/wp\/v2\/posts\/32827\/revisions"}],"wp:featuredmedia":[{"embeddable":true,"href":"https:\/\/mersinkadingazetesi.com\/index.php?rest_route=\/wp\/v2\/media\/32828"}],"wp:attachment":[{"href":"https:\/\/mersinkadingazetesi.com\/index.php?rest_route=%2Fwp%2Fv2%2Fmedia&parent=32827"}],"wp:term":[{"taxonomy":"category","embeddable":true,"href":"https:\/\/mersinkadingazetesi.com\/index.php?rest_route=%2Fwp%2Fv2%2Fcategories&post=32827"},{"taxonomy":"post_tag","embeddable":true,"href":"https:\/\/mersinkadingazetesi.com\/index.php?rest_route=%2Fwp%2Fv2%2Ftags&post=32827"}],"curies":[{"name":"wp","href":"https:\/\/api.w.org\/{rel}","templated":true}]}}