{"id":32830,"date":"2024-05-26T11:02:57","date_gmt":"2024-05-26T08:02:57","guid":{"rendered":"http:\/\/mersinkadingazetesi.com\/?p=32830"},"modified":"2024-05-26T11:02:57","modified_gmt":"2024-05-26T08:02:57","slug":"mersinin-essiz-lezzetleri-diyarbakirda-dunyaya-tanitiliyor","status":"publish","type":"post","link":"https:\/\/mersinkadingazetesi.com\/?p=32830","title":{"rendered":"MERS\u0130N&#8217;\u0130N E\u015eS\u0130Z LEZZETLER\u0130 D\u0130YARBAKIR&#8217;DA D\u00dcNYAYA TANITILIYOR"},"content":{"rendered":"<p>E\u015fsiz bir tarihe sahip Mezopotamya topraklar\u0131nda bu y\u0131l ikincisi d\u00fczenlenen &#8216;Mezopotamya Turizm ve Gastronomi Fuar\u0131&#8217;na, Mersin B\u00fcy\u00fck\u015fehir Belediyesi de kat\u0131ld\u0131. Kap\u0131lar\u0131n\u0131 ziyaret\u00e7ilerine a\u00e7an fuarda en \u00e7ok ilgi \u00e7eken stantlardan birisi de, K\u00fclt\u00fcr ve Sosyal \u0130\u015fler Daire Ba\u015fkanl\u0131\u011f\u0131 taraf\u0131ndan kurulan Mersin B\u00fcy\u00fck\u015fehir&#8217;in stand\u0131 oldu.<\/p>\n<p>Do\u011fas\u0131, tarihi, denizi ve yaylar\u0131 ile T\u00fcrkiye&#8217;nin turizm potansiyeli y\u00fcksek \u015fehirlerinden biri olan Mersin&#8217;in e\u015fsiz lezzetlerini de deneyimleyen ziyaret\u00e7iler, en k\u0131sa s\u00fcrede Mersin&#8217;e gelmek istediklerini ilettiler.<\/p>\n<p>Diyarbak\u0131r B\u00fcy\u00fck\u015fehir Belediyesi, T\u00fcrkiye Seyahat Acentalar\u0131 Birli\u011fi (T\u00dcRSAB) ve Diyarbak\u0131r Ticaret ve Sanayi Odas\u0131 deste\u011fi ile T\u00dcRSAB Fuarc\u0131l\u0131k Hizmetleri A.\u015e. ve Diyarbak\u0131r Fuarc\u0131l\u0131k ve Ticaret A.\u015e. taraf\u0131ndan ger\u00e7ekle\u015ftirilen 2. Mezopotamya Turizm ve Gastronomi Fuar\u0131, 23 May\u0131s&#8217;ta kap\u0131lar\u0131n\u0131 a\u00e7t\u0131. Toplam 104 firma ve kurulu\u015fa ev sahipli\u011fi yapan fuar, 26 May\u0131s&#8217;a kadar T\u00fcrkiye&#8217;nin d\u00f6rt bir yan\u0131ndan ve 23 farkl\u0131 \u00fclkeden ziyaret\u00e7iyi a\u011f\u0131rlayacak.<\/p>\n<p>Kerebi\u00e7 ve Cezerye fuar\u0131n favorisi oldu<\/p>\n<p>Fuar\u0131 ziyaret eden ve fuar sayesinde farkl\u0131 k\u00fclt\u00fcrler ile o k\u00fclt\u00fcrlerin yemeklerini tan\u0131ma \u015fanslar\u0131 oldu\u011funu kaydeden \u0130rfan T\u00fcrk, &#8220;Bizim a\u00e7\u0131m\u0131zdan de\u011fi\u015fiklik oldu. Mersin y\u00f6resine ait kerebi\u00e7 tatl\u0131s\u0131n\u0131 yedik ve \u00e7ok be\u011fendik. Hepimiz karde\u015fiz ve bir araya gelmemiz g\u00fczel bir olay&#8221; diyerek, fuara katk\u0131 sunan herkese te\u015fekk\u00fcr etti.<\/p>\n<p>Bir\u00e7ok farkl\u0131 \u015fehrin yemeklerini denediklerini belirten Muhammed Aras, &#8220;Fuar ve yemekler \u00e7ok g\u00fczel. \u00d6zellikle cezerye harikayd\u0131. Mersin B\u00fcy\u00fck\u015fehir&#8217;e te\u015fekk\u00fcr ederiz&#8221; dedi. Kerebi\u00e7 tatl\u0131s\u0131n\u0131 deneyen turistler de, \u00e7ok lezzetli bulduklar\u0131n\u0131 ve T\u00fcrkiye&#8217;ye yeniden gelerek tatmak istediklerini kaydettiler.<\/p>\n<p>\u015eehirlerin tan\u0131t\u0131m\u0131na katk\u0131 sunan \u00f6nemli bir fuar<\/p>\n<p>Fuar&#8217;a Cizre&#8217;den kat\u0131lan Abdullah Do\u011fala ise, fuarlar\u0131n \u015fehirlerin birbirini tan\u0131mas\u0131 i\u00e7in \u00e7ok \u00f6nemli f\u0131rsatlar sundu\u011funu belirterek, &#8220;Mersin&#8217;i de b\u00f6yle bir fuarda, b\u00f6yle bir etkinlikte g\u00f6rmek ger\u00e7ekten \u00e7ok sevindirici. Kerebi\u00e7ler, cezeryeler hepsi \u00e7ok g\u00fczeldi ve \u00e7ok be\u011fenildi. Mersin stand\u0131n\u0131 burada g\u00f6rmek beni mutlu etti. Cizre olarak biz, Mersin olarak siz ve b\u00fct\u00fcn di\u011fer \u015fehirler bu etkinlikleri ihmal etmemeliler. \u015eehirlerimizin tan\u0131t\u0131m\u0131 i\u00e7in gerekli bir fuar&#8221; dedi. Her \u015feyin \u00e7ok g\u00fczel oldu\u011funu da s\u00f6zlerine ekleyen Do\u011fala, &#8220;Vahap Ba\u015fkan\u0131m\u0131z\u0131 da burada g\u00f6rmek \u00e7ok g\u00fczel olurdu. O&#8217;nu ba\u015fka bir etkinlikte kesinlikle g\u00f6rmek isteriz&#8221; s\u00f6zlerine yer verdi.<\/p>\n","protected":false},"excerpt":{"rendered":"<p>E\u015fsiz bir tarihe sahip Mezopotamya topraklar\u0131nda bu y\u0131l ikincisi d\u00fczenlenen &#8216;Mezopotamya Turizm ve Gastronomi Fuar\u0131&#8217;na, Mersin B\u00fcy\u00fck\u015fehir Belediyesi de kat\u0131ld\u0131. Kap\u0131lar\u0131n\u0131 ziyaret\u00e7ilerine a\u00e7an fuarda en \u00e7ok ilgi \u00e7eken stantlardan birisi de, K\u00fclt\u00fcr ve Sosyal \u0130\u015fler Daire Ba\u015fkanl\u0131\u011f\u0131 taraf\u0131ndan kurulan Mersin B\u00fcy\u00fck\u015fehir&#8217;in stand\u0131 oldu. Do\u011fas\u0131, tarihi, denizi ve yaylar\u0131 ile T\u00fcrkiye&#8217;nin turizm potansiyeli y\u00fcksek \u015fehirlerinden biri [&hellip;]<\/p>\n","protected":false},"author":2,"featured_media":32831,"comment_status":"open","ping_status":"open","sticky":false,"template":"","format":"standard","meta":{"footnotes":""},"categories":[7,3],"tags":[],"class_list":["post-32830","post","type-post","status-publish","format-standard","has-post-thumbnail","hentry","category-dunya","category-manset"],"views":1,"_links":{"self":[{"href":"https:\/\/mersinkadingazetesi.com\/index.php?rest_route=\/wp\/v2\/posts\/32830"}],"collection":[{"href":"https:\/\/mersinkadingazetesi.com\/index.php?rest_route=\/wp\/v2\/posts"}],"about":[{"href":"https:\/\/mersinkadingazetesi.com\/index.php?rest_route=\/wp\/v2\/types\/post"}],"author":[{"embeddable":true,"href":"https:\/\/mersinkadingazetesi.com\/index.php?rest_route=\/wp\/v2\/users\/2"}],"replies":[{"embeddable":true,"href":"https:\/\/mersinkadingazetesi.com\/index.php?rest_route=%2Fwp%2Fv2%2Fcomments&post=32830"}],"version-history":[{"count":0,"href":"https:\/\/mersinkadingazetesi.com\/index.php?rest_route=\/wp\/v2\/posts\/32830\/revisions"}],"wp:featuredmedia":[{"embeddable":true,"href":"https:\/\/mersinkadingazetesi.com\/index.php?rest_route=\/wp\/v2\/media\/32831"}],"wp:attachment":[{"href":"https:\/\/mersinkadingazetesi.com\/index.php?rest_route=%2Fwp%2Fv2%2Fmedia&parent=32830"}],"wp:term":[{"taxonomy":"category","embeddable":true,"href":"https:\/\/mersinkadingazetesi.com\/index.php?rest_route=%2Fwp%2Fv2%2Fcategories&post=32830"},{"taxonomy":"post_tag","embeddable":true,"href":"https:\/\/mersinkadingazetesi.com\/index.php?rest_route=%2Fwp%2Fv2%2Ftags&post=32830"}],"curies":[{"name":"wp","href":"https:\/\/api.w.org\/{rel}","templated":true}]}}