{"id":32833,"date":"2024-05-26T11:04:14","date_gmt":"2024-05-26T08:04:14","guid":{"rendered":"http:\/\/mersinkadingazetesi.com\/?p=32833"},"modified":"2024-05-26T11:04:14","modified_gmt":"2024-05-26T08:04:14","slug":"mersin-uluslararasi-limani-mip-kilavuz-kaptanlar-haftasini-kutladi","status":"publish","type":"post","link":"https:\/\/mersinkadingazetesi.com\/?p=32833","title":{"rendered":"Mersin Uluslararas\u0131 Liman\u0131 (MIP) K\u0131lavuz Kaptanlar Haftas\u0131n\u0131 kutlad\u0131"},"content":{"rendered":"<p>Sadece T\u00fcrkiye&#8217;nin de\u011fil Do\u011fu Akdeniz&#8217;in de lider limanlar\u0131ndan biri olan Mersin Uluslararas\u0131 Liman\u0131 (MIP), d\u00fczenlenen bir t\u00f6renle K\u0131lavuz Kaptanlar Haftas\u0131\u2019n\u0131 kutlad\u0131.<\/p>\n<p>22 May\u0131s\u2019ta Mersin Uluslararas\u0131 Liman\u0131\u2019nda ger\u00e7ekle\u015ftirilen t\u00f6rene Akdeniz B\u00f6lge Garnizon Komutan\u0131 Tu\u011famiral Murat F\u0131rat, Mersin Vali Yard\u0131mc\u0131s\u0131 ve Mersin Liman\u0131 M\u00fclki \u0130dare Amiri \u0130brahim K\u00fc\u00e7\u00fck, K\u0131y\u0131 Emniyeti Mersin M\u00fcd\u00fcr\u00fc Adnan Bilen, MIP Genel M\u00fcd\u00fcr\u00fc Ajay Kumar Singh, kent protokol\u00fc ve MIP y\u00f6neticileri ile \u00e7al\u0131\u015fanlar\u0131 kat\u0131ld\u0131. <\/p>\n<p>T\u00f6rende yapt\u0131\u011f\u0131 a\u00e7\u0131l\u0131\u015f konu\u015fmas\u0131nda limana gelen t\u00fcm gemilere 7\/24 k\u0131lavuzluk, r\u00f6morkaj ve palamar hizmeti verdiklerini belirten Sava\u015f \u00c7akmak, \u201c 56. kurulu\u015f y\u0131ld\u00f6n\u00fcm\u00fc kutlanan T\u00fcrk K\u0131lavuz Kaptanlar Derne\u011finin \u00f6nc\u00fcl\u00fc\u011f\u00fcnde bu y\u0131l 15. sini kutlad\u0131\u011f\u0131m\u0131z \u2018K\u0131lavuz Kaptanlar Haftas\u0131 ve Meslek \u015eehitlerini Anma T\u00f6reni\u2019nde \u00e7ok \u00f6nemli bir g\u00f6revi ifa eden K\u0131lavuz Kaptanlar\u0131m\u0131za minnettarl\u0131\u011f\u0131m\u0131z\u0131 ifade etmek, onlar\u0131n \u00e7abalar\u0131n\u0131 takdir etmek ve onurland\u0131rmak i\u00e7in bir araya gelmi\u015f bulunmaktay\u0131z. K\u0131lavuz kaptanlar\u0131m\u0131z, denizcilik sekt\u00f6r\u00fcnde hayati bir rol oynamaktad\u0131r. Liman giri\u015f ve \u00e7\u0131k\u0131\u015flar\u0131nda gemilere rehberlik ederek, g\u00fcvenli ve d\u00fczenli bir \u015fekilde seyretmelerini sa\u011flamaktad\u0131rlar. Bu zorlu g\u00f6revlerini fedakarl\u0131kla ve \u00f6zveriyle yerine getiren k\u0131lavuz kaptanlar\u0131m\u0131z, k\u00fcresel tedarik zinciri a\u00e7\u0131s\u0131ndan deniz ta\u015f\u0131mac\u0131l\u0131\u011f\u0131nda istikrar, emniyet ve devaml\u0131l\u0131\u011f\u0131n temel ta\u015flar\u0131ndan biridir. Bug\u00fcn ayn\u0131 zamanda, k\u0131lavuzluk hizmetlerini ifa ederken hayat\u0131n\u0131 kaybeden meslek \u015fehitlerimizi de anma g\u00fcn\u00fcd\u00fcr. Bu vesileyle, g\u00f6revleri u\u011fruna hayatlar\u0131n\u0131 kaybeden t\u00fcm k\u0131lavuz kaptanlar\u0131m\u0131z\u0131 rahmet ve minnetle an\u0131yoruz\u201d dedi.<\/p>\n<p>K\u0131y\u0131 Emniyeti Mersin M\u00fcd\u00fcr\u00fc Adnan Bilen g\u00fcn\u00fcn anlam ve \u00f6nemine ili\u015fkin yapt\u0131\u011f\u0131 konu\u015fmada, Mersin k\u0131y\u0131 emniyeti gemi trafik hizmetleri sorumluluk alan\u0131nda bulunan 8 k\u0131lavuzluk te\u015fkilat\u0131, 72 k\u0131lavuz kaptan, 30 r\u00f6mork\u00f6r ile di\u011fer payda\u015flar\u0131n koordinasyonu ile denizde daha g\u00fcvenli ve etkin hizmet sa\u011flad\u0131klar\u0131n\u0131 s\u00f6yledi. <\/p>\n<p>Adnan Bilen konu\u015fmas\u0131na \u015f\u00f6yle devam etti; \u201cBakanl\u0131\u011f\u0131m\u0131z, d\u00fcnyan\u0131n kabul etti\u011fi nitelikte 700 k\u0131lavuz kaptan yetkilendirmi\u015f olup 175 k\u0131lavuz kaptan, K\u0131y\u0131 Emniyeti Genel M\u00fcd\u00fcrl\u00fc\u011f\u00fcm\u00fcz b\u00fcnyesinde T\u00fcrk bo\u011fazlar\u0131nda \u0130stanbul, \u0130zmir, Zonguldak, Mersin-2 b\u00f6lgesine hizmet vermektedir. T\u00fcrk bo\u011fazlar\u0131n\u0131n ve mavi vatana a\u00e7\u0131lan t\u00fcm limanlarda gece g\u00fcnd\u00fcz demeden her ko\u015fulda \u00e7al\u0131\u015farak seyir emniyetini sa\u011flayan k\u0131lavuz kaptanlar\u0131m\u0131zd\u0131r. Bug\u00fcn ula\u015f\u0131lan teknolojik seviye sevk ve idare eden, insan etkile\u015fimine ihtiya\u00e7 duyulmayan otonom gemilere y\u00f6nelim g\u00f6sterse de bu durum k\u0131lavuz kaptan ihtiyac\u0131 ve \u00f6nemini azaltmayacakt\u0131r. Bakanl\u0131\u011f\u0131m\u0131z son d\u00f6nemde olu\u015fan kazalardan sonra k\u0131lavuz kaptanlar\u0131n\u0131n i\u015f kazalar\u0131ndan kaynakl\u0131 olu\u015fabilecek, kazalar\u0131 \u00f6nlemek amac\u0131yla 1 Temmuz 2024 tarihinde y\u00fcr\u00fcrl\u00fc\u011fe girecek olan k\u0131lavuzluk hizmetleri emniyeti ili\u015fkin y\u00f6nerge ile bu sorunun Asgari seviyeye d\u00fc\u015fmesi ama\u00e7lanm\u0131\u015ft\u0131r.<\/p>\n<p>T\u00f6rende bir konu\u015fma yapan Vali Yard\u0131mc\u0131s\u0131 ve Liman M\u00fclki \u0130dare Amiri \u0130brahim K\u00fc\u00e7\u00fck, k\u0131lavuz kaptanlar\u0131n\u0131n denizcili\u011fin \u00e7ok \u00f6nemli bir g\u00f6rev alan\u0131n\u0131n sorumlulu\u011funu \u00fcstlendiklerini ve yapm\u0131\u015f olduklar\u0131 mesle\u011fin ehemmiyetli bir g\u00f6rev oldu\u011funun alt\u0131n\u0131 \u00e7izdi.  Liman M\u00fclki \u0130dare Amiri \u0130brahim K\u00fc\u00e7\u00fck hem limandaki faaliyetlerin y\u00fcr\u00fct\u00fclmesi hem de g\u00fcvenlik i\u00e7erisinde bu g\u00f6revin ifa edilmesinin bir zorunluluk oldu\u011funu s\u00f6zlerine ekledi. \u0130brahim K\u00fc\u00e7\u00fck, K\u0131lavuz Kaptanlar Haftas\u0131 vesilesiyle hayat\u0131n\u0131 kaybeden meslek \u015fehitlerine rahmet dilerken, t\u00fcm k\u0131lavuz kaptanlara verimli ve g\u00fcvenli seyirler temennisinde bulundu. <\/p>\n<p>A\u00e7\u0131l\u0131\u015f konu\u015fmalar\u0131n\u0131n ard\u0131ndan K\u0131demli K\u0131lavuz Kaptanlara plaket takdim edildi.  MIP K\u0131lavuz Kaptan\u0131 B\u00fclent KISA plaketini MIP K\u0131lavuz Kaptan\u0131 Mehmet Ali G\u00dcL\u2019 den al\u0131rken K\u0131y\u0131 Emniyet M\u00fcd\u00fcrl\u00fc\u011f\u00fc K\u0131lavuz Kaptan\u0131 Yener B\u00fclb\u00fcl\u2019e plaketini K\u0131y\u0131 Emniyeti Mersin M\u00fcd\u00fcr\u00fc Adnan B\u0130LEN takdim etti. K\u0131demli K\u0131lavuz Kaptan Berdan Do\u011fan ise plaketini MIP \u0130\u00e7 Denetim Grup M\u00fcd\u00fcr\u00fc \u00d6zge Y\u0131lmaz Do\u011fan\u2019\u0131n elinden ald\u0131. <\/p>\n<p>Meslek \u015eehitlerini Anma vesilesiyle ger\u00e7ekle\u015ftirilen geleneksel denize \u00e7elenk b\u0131rakma merasimiyle program sona erdi.  <\/p>\n","protected":false},"excerpt":{"rendered":"<p>Sadece T\u00fcrkiye&#8217;nin de\u011fil Do\u011fu Akdeniz&#8217;in de lider limanlar\u0131ndan biri olan Mersin Uluslararas\u0131 Liman\u0131 (MIP), d\u00fczenlenen bir t\u00f6renle K\u0131lavuz Kaptanlar Haftas\u0131\u2019n\u0131 kutlad\u0131. 22 May\u0131s\u2019ta Mersin Uluslararas\u0131 Liman\u0131\u2019nda ger\u00e7ekle\u015ftirilen t\u00f6rene Akdeniz B\u00f6lge Garnizon Komutan\u0131 Tu\u011famiral Murat F\u0131rat, Mersin Vali Yard\u0131mc\u0131s\u0131 ve Mersin Liman\u0131 M\u00fclki \u0130dare Amiri \u0130brahim K\u00fc\u00e7\u00fck, K\u0131y\u0131 Emniyeti Mersin M\u00fcd\u00fcr\u00fc Adnan Bilen, MIP Genel M\u00fcd\u00fcr\u00fc [&hellip;]<\/p>\n","protected":false},"author":2,"featured_media":32834,"comment_status":"open","ping_status":"open","sticky":false,"template":"","format":"standard","meta":{"footnotes":""},"categories":[2,3,5],"tags":[],"class_list":["post-32833","post","type-post","status-publish","format-standard","has-post-thumbnail","hentry","category-gundem","category-manset","category-mersin"],"views":9,"_links":{"self":[{"href":"https:\/\/mersinkadingazetesi.com\/index.php?rest_route=\/wp\/v2\/posts\/32833"}],"collection":[{"href":"https:\/\/mersinkadingazetesi.com\/index.php?rest_route=\/wp\/v2\/posts"}],"about":[{"href":"https:\/\/mersinkadingazetesi.com\/index.php?rest_route=\/wp\/v2\/types\/post"}],"author":[{"embeddable":true,"href":"https:\/\/mersinkadingazetesi.com\/index.php?rest_route=\/wp\/v2\/users\/2"}],"replies":[{"embeddable":true,"href":"https:\/\/mersinkadingazetesi.com\/index.php?rest_route=%2Fwp%2Fv2%2Fcomments&post=32833"}],"version-history":[{"count":0,"href":"https:\/\/mersinkadingazetesi.com\/index.php?rest_route=\/wp\/v2\/posts\/32833\/revisions"}],"wp:featuredmedia":[{"embeddable":true,"href":"https:\/\/mersinkadingazetesi.com\/index.php?rest_route=\/wp\/v2\/media\/32834"}],"wp:attachment":[{"href":"https:\/\/mersinkadingazetesi.com\/index.php?rest_route=%2Fwp%2Fv2%2Fmedia&parent=32833"}],"wp:term":[{"taxonomy":"category","embeddable":true,"href":"https:\/\/mersinkadingazetesi.com\/index.php?rest_route=%2Fwp%2Fv2%2Fcategories&post=32833"},{"taxonomy":"post_tag","embeddable":true,"href":"https:\/\/mersinkadingazetesi.com\/index.php?rest_route=%2Fwp%2Fv2%2Ftags&post=32833"}],"curies":[{"name":"wp","href":"https:\/\/api.w.org\/{rel}","templated":true}]}}