{"id":32836,"date":"2024-05-26T11:05:06","date_gmt":"2024-05-26T08:05:06","guid":{"rendered":"http:\/\/mersinkadingazetesi.com\/?p=32836"},"modified":"2024-05-26T11:05:06","modified_gmt":"2024-05-26T08:05:06","slug":"baskan-yildiz-turkiyenin-en-buyuk-bayraginin-bakimi-icin-talimat-verdi","status":"publish","type":"post","link":"https:\/\/mersinkadingazetesi.com\/?p=32836","title":{"rendered":"BA\u015eKAN YILDIZ, T\u00dcRK\u0130YE&#8217;N\u0130N EN B\u00dcY\u00dcK BAYRA\u011eININ BAKIMI \u0130\u00c7\u0130N TAL\u0130MAT VERD\u0130"},"content":{"rendered":"<p>Toroslar Belediye Ba\u015fkan\u0131 Abdurrahman Y\u0131ld\u0131z, Mersin&#8217;de kentin sembol\u00fc haline gelen 4 bin 532 metrekare b\u00fcy\u00fckl\u00fc\u011f\u00fcndeki T\u00fcrkiye&#8217;nin en b\u00fcy\u00fck bayra\u011f\u0131n\u0131n bak\u0131m\u0131 i\u00e7in ekiplerine talimat verdi.<\/p>\n<p>\u0130l\u00e7e s\u0131n\u0131rlar\u0131 i\u00e7erisindeki \u00c7opurlu Mahallesi, Kocasay Mevkiinde do\u011fal zemin \u00fczerinde bulunan bayra\u011f\u0131n \u00e7evresinde incelemelerde bulunan Ba\u015fkan Y\u0131ld\u0131z, kal\u0131c\u0131 olmas\u0131 a\u00e7\u0131s\u0131ndan \u00e7aba sarf edilmedi\u011fi i\u00e7in ihti\u015faml\u0131 g\u00f6r\u00fcnt\u00fcs\u00fcn\u00fc kaybeden bayra\u011f\u0131 bak\u0131mdan ge\u00e7irerek, yenileyeceklerini s\u00f6yledi.<\/p>\n<p>Ba\u015fkan Y\u0131ld\u0131z; &#8220;Vatan\u0131n\u0131 seven insan\u0131n, vatan\u0131n\u0131 korumas\u0131, her bir metrekaresine sahip \u00e7\u0131kmas\u0131 ve i\u015fini d\u00fczg\u00fcn yapmas\u0131 laz\u0131m. Belediyemizin uhdesinde olan bir\u00e7ok yer gibi buras\u0131 da bak\u0131ms\u0131z kalm\u0131\u015f. \u015eehrin simgesi haline gelmi\u015f bu alan\u0131 temizleyece\u011fiz ve gerekli bak\u0131m \u00e7al\u0131\u015fmalar\u0131n\u0131 yapaca\u011f\u0131z&#8221; dedi.<\/p>\n<p>&#8220;S\u0130YASETTE HAMASET ZAMANI GE\u00c7T\u0130, \u015e\u0130MD\u0130 H\u0130ZMET ZAMANI&#8221;<\/p>\n<p>&#8220;Toplumun ortak de\u011ferleri \u00fczerinden siyaset yapmaya \u00e7al\u0131\u015fanlar var. Ve ne yaz\u0131k ki bu ki\u015filerin kendi yaratt\u0131klar\u0131 bir simgeye g\u00f6sterdikleri de\u011fer ortada&#8221; diyen Ba\u015fkan Y\u0131ld\u0131z; &#8220;\u0130\u015f bu noktaya geldi\u011finde hi\u00e7 kimsenin, elini ta\u015f\u0131n alt\u0131na koymaya niyeti de yok. B\u00f6yle bir milliyet\u00e7ilik ve vatansverlik olmaz.  Siyasette hamaset zaman\u0131 ge\u00e7ti, \u015fimdi hizmet zaman\u0131. Toroslar&#8217;da siyaset yapanlar\u0131n, bu hamesetten vazge\u00e7mi\u015f olmas\u0131 laz\u0131m. Bu hizmetler insanlar taraf\u0131ndan g\u00f6r\u00fcl\u00fcyor. Burada bir sistemsizlik olu\u015fmu\u015f. Bayrak bak\u0131ms\u0131z kalm\u0131\u015f. Bayra\u011f\u0131 bak\u0131mdan ge\u00e7irece\u011fiz. Kal\u0131c\u0131 ve g\u00fczel olmas\u0131 i\u00e7in gerekli \u00e7al\u0131\u015fmalar\u0131 yapaca\u011f\u0131z. Toroslar&#8217;da art\u0131k her i\u015fin bir sistemi olacak. Makine ikmalin, temizli\u011fin, imar\u0131n bir sistemi olacak. Vatanda\u015f ne yap\u0131ld\u0131\u011f\u0131n\u0131 g\u00f6recek. Kendi \u00e7\u00f6p\u00fcn\u00fcn hangi saatte al\u0131nd\u0131\u011f\u0131n\u0131, asfalt\u0131n\u0131n ne zaman d\u00f6k\u00fcld\u00fc\u011f\u00fcn\u00fc bilecek. Stratejik plan\u0131m\u0131z\u0131 da bu \u015fekilde ger\u00e7ekle\u015ftirece\u011fiz.  Bu bayra\u011f\u0131 korumak da parktaki bank\u0131 korumak da bizim i\u00e7in ayn\u0131 \u015fey. \u0130nsanlar\u0131m\u0131z, ger\u00e7ek yurtseverli\u011fin hizmet vermek oldu\u011funu fark etmeye ba\u015flad\u0131lar. Belediyemizde bu sistemi hayata ge\u00e7irirsek, kimsenin kimseye bir \u015fey yapt\u0131rmak i\u00e7in birilerini araya koymas\u0131na gerek kalmayacak. Vatanda\u015f\u0131m\u0131z rahat\u00e7a hizme alacak&#8221; diye konu\u015ftu.<\/p>\n<p>Ba\u015fkan Y\u0131ld\u0131z, havadan, karadan ve denizden rahatl\u0131kla g\u00f6r\u00fclebilen bayra\u011f\u0131n bak\u0131m \u00e7al\u0131\u015fmalar\u0131na en k\u0131sa zamanda ba\u015flayacaklar\u0131n\u0131 s\u00f6yledi.<\/p>\n","protected":false},"excerpt":{"rendered":"<p>Toroslar Belediye Ba\u015fkan\u0131 Abdurrahman Y\u0131ld\u0131z, Mersin&#8217;de kentin sembol\u00fc haline gelen 4 bin 532 metrekare b\u00fcy\u00fckl\u00fc\u011f\u00fcndeki T\u00fcrkiye&#8217;nin en b\u00fcy\u00fck bayra\u011f\u0131n\u0131n bak\u0131m\u0131 i\u00e7in ekiplerine talimat verdi. \u0130l\u00e7e s\u0131n\u0131rlar\u0131 i\u00e7erisindeki \u00c7opurlu Mahallesi, Kocasay Mevkiinde do\u011fal zemin \u00fczerinde bulunan bayra\u011f\u0131n \u00e7evresinde incelemelerde bulunan Ba\u015fkan Y\u0131ld\u0131z, kal\u0131c\u0131 olmas\u0131 a\u00e7\u0131s\u0131ndan \u00e7aba sarf edilmedi\u011fi i\u00e7in ihti\u015faml\u0131 g\u00f6r\u00fcnt\u00fcs\u00fcn\u00fc kaybeden bayra\u011f\u0131 bak\u0131mdan ge\u00e7irerek, yenileyeceklerini [&hellip;]<\/p>\n","protected":false},"author":2,"featured_media":32837,"comment_status":"open","ping_status":"open","sticky":false,"template":"","format":"standard","meta":{"footnotes":""},"categories":[1,2,3],"tags":[],"class_list":["post-32836","post","type-post","status-publish","format-standard","has-post-thumbnail","hentry","category-genel","category-gundem","category-manset"],"views":2,"_links":{"self":[{"href":"https:\/\/mersinkadingazetesi.com\/index.php?rest_route=\/wp\/v2\/posts\/32836"}],"collection":[{"href":"https:\/\/mersinkadingazetesi.com\/index.php?rest_route=\/wp\/v2\/posts"}],"about":[{"href":"https:\/\/mersinkadingazetesi.com\/index.php?rest_route=\/wp\/v2\/types\/post"}],"author":[{"embeddable":true,"href":"https:\/\/mersinkadingazetesi.com\/index.php?rest_route=\/wp\/v2\/users\/2"}],"replies":[{"embeddable":true,"href":"https:\/\/mersinkadingazetesi.com\/index.php?rest_route=%2Fwp%2Fv2%2Fcomments&post=32836"}],"version-history":[{"count":0,"href":"https:\/\/mersinkadingazetesi.com\/index.php?rest_route=\/wp\/v2\/posts\/32836\/revisions"}],"wp:featuredmedia":[{"embeddable":true,"href":"https:\/\/mersinkadingazetesi.com\/index.php?rest_route=\/wp\/v2\/media\/32837"}],"wp:attachment":[{"href":"https:\/\/mersinkadingazetesi.com\/index.php?rest_route=%2Fwp%2Fv2%2Fmedia&parent=32836"}],"wp:term":[{"taxonomy":"category","embeddable":true,"href":"https:\/\/mersinkadingazetesi.com\/index.php?rest_route=%2Fwp%2Fv2%2Fcategories&post=32836"},{"taxonomy":"post_tag","embeddable":true,"href":"https:\/\/mersinkadingazetesi.com\/index.php?rest_route=%2Fwp%2Fv2%2Ftags&post=32836"}],"curies":[{"name":"wp","href":"https:\/\/api.w.org\/{rel}","templated":true}]}}