{"id":32839,"date":"2024-05-26T11:06:49","date_gmt":"2024-05-26T08:06:49","guid":{"rendered":"http:\/\/mersinkadingazetesi.com\/?p=32839"},"modified":"2024-05-26T11:06:49","modified_gmt":"2024-05-26T08:06:49","slug":"buyuksehirin-etkinlikleri-kentte-her-kesimi-memnun-ediyor","status":"publish","type":"post","link":"https:\/\/mersinkadingazetesi.com\/?p=32839","title":{"rendered":"B\u00dcY\u00dcK\u015eEH\u0130R&#8217;\u0130N ETK\u0130NL\u0130KLER\u0130 KENTTE HER KES\u0130M\u0130 MEMNUN ED\u0130YOR"},"content":{"rendered":"<p>Sosyal belediyecilik anlay\u0131\u015f\u0131 ile hayata ge\u00e7irdi\u011fi projelerde vatanda\u015flar\u0131n maddi- manevi ihtiya\u00e7lar\u0131n\u0131 kar\u015f\u0131layan ve her kesimin yan\u0131nda olmay\u0131 s\u00fcrd\u00fcren Mersin B\u00fcy\u00fck\u015fehir Belediyesi, \u00c7\u00f6lyak hastal\u0131\u011f\u0131na dikkat \u00e7ekmek ve destek olmak amac\u0131yla &#8216;\u00c7\u00f6lyak Fark\u0131ndal\u0131k Etkinli\u011fi&#8217; d\u00fczenledi. Piyasada y\u00fcksek fiyatlara sat\u0131lan gl\u00fctensiz \u00fcr\u00fcnleri, 4 y\u0131l boyunca haz\u0131rlad\u0131\u011f\u0131 g\u0131da kolisi i\u00e7erisinde \u00c7\u00f6lyak hastas\u0131 vatanda\u015flara \u00fccretsiz bir \u015fekilde ula\u015ft\u0131ran B\u00fcy\u00fck\u015fehir, ikincisini d\u00fczenledi\u011fi fark\u0131ndal\u0131k etkinli\u011finde de hem hastalar\u0131 hem de ailelerini mutlu etti.<\/p>\n<p>Sosyal Hizmetler Dairesi Ba\u015fkanl\u0131\u011f\u0131 taraf\u0131ndan Kongre ve Sergi Saray\u0131 K\u0131r Bah\u00e7esi&#8217;nde d\u00fczenlenen etkinlikte; Mersin&#8217;in y\u00f6resel ve lezzetli yiyeceklerinden tantuni ve ayran, tatl\u0131 olarak ise burma baklava ikram edildi. Her bir yiyece\u011fin ve i\u00e7ece\u011fin gl\u00fctensiz bir \u015fekilde sunuldu\u011fu etkinlikte, ailelerin ve \u00e7ocuklar\u0131n e\u011flenmesi i\u00e7in de B\u00fcy\u00fck\u015fehir&#8217;in Kent Orkestras\u0131 sahne ald\u0131. Canl\u0131 m\u00fczik e\u015fli\u011finde g\u00fczel havan\u0131n ve ambiyans\u0131n tad\u0131n\u0131 \u00e7\u0131karan aileler, etkinlik sayesinde keyifli zaman ge\u00e7irdi. \u00c7\u00f6lyak hastas\u0131 aileleri ve \u00e7ocuklar\u0131 bir araya getiren etkinlik sayesinde hem \u00c7\u00f6lyak hastal\u0131\u011f\u0131 ile ilgili toplumsal bilin\u00e7 olu\u015fturmak, hem de hastal\u0131kla m\u00fccadele eden bireylerin sosyal hayata daha \u00e7ok kar\u0131\u015fmas\u0131n\u0131 sa\u011flamak ama\u00e7land\u0131.<\/p>\n<p>K\u0131l\u0131\u00e7: &#8220;Etkinli\u011fin bu y\u0131l ikincisini d\u00fczenledik&#8221;<\/p>\n<p>Mersin B\u00fcy\u00fck\u015fehir Belediyesi Sosyal Hizmetler Dairesi Ba\u015fkanl\u0131\u011f\u0131&#8217;nda Sosyolog olarak g\u00f6rev yapan Nurten K\u0131l\u0131\u00e7, bu y\u0131l ikincisini d\u00fczenledikleri etkinlik hakk\u0131nda bilgi vererek; &#8220;&#8216;\u00c7\u00f6lyak Fark\u0131ndal\u0131k G\u00fcn\u00fc&#8217; olarak ger\u00e7ekle\u015ftirdi\u011fimiz bu etkinli\u011fi ge\u00e7en y\u0131l ba\u015flatm\u0131\u015ft\u0131k. Bu y\u0131l farkl\u0131 bir konsept olarak, Mersinimizin \u00fcnl\u00fc bir yeme\u011fi olan tantuniyi gl\u00fctensiz bir \u015fekilde vatanda\u015flar\u0131m\u0131za sunduk. Hepsi \u00e7ok memnun kald\u0131lar. Bunun yan\u0131nda tatl\u0131 olarak da yine gl\u00fctensiz bir \u015fekilde burma baklavay\u0131 vatanda\u015flar\u0131m\u0131za servis ettik. \u00c7ocuklar\u0131m\u0131za da m\u00fczik ve dans etkinli\u011fi haz\u0131rlad\u0131k. Hepsi etkinlikten \u00e7ok memnun bir \u015fekilde ayr\u0131ld\u0131lar&#8221; dedi.<\/p>\n<p>Aileler, yap\u0131lan bu t\u00fcr fark\u0131ndal\u0131k etkinli\u011fini \u00e7ok seviyor<\/p>\n<p>Etkinli\u011fe kat\u0131lan ve \u00c7\u00f6lyak hastas\u0131 bir k\u0131z\u0131 oldu\u011funu ifade eden G\u00fcls\u00fcm Y\u0131ld\u0131r\u0131m, &#8220;K\u0131z\u0131m 2006 y\u0131l\u0131ndan beri \u00c7\u00f6lyak hastas\u0131. \u00dcr\u00fcnlere ula\u015fmada \u00f6nceden \u00e7ok s\u0131k\u0131nt\u0131 ya\u015f\u0131yorduk, ama B\u00fcy\u00fck\u015fehir taraf\u0131ndan bir fark\u0131ndal\u0131k yarat\u0131ld\u0131. \u00d6zellikle Ba\u015fkan\u0131m\u0131z\u0131n burada \u00e7ok b\u00fcy\u00fck rol\u00fc var. D\u00fczenli olarak her y\u0131l etkinliklerimiz yap\u0131l\u0131yor. Mesela bu y\u0131lki etkinlikte tantuni vard\u0131 ve k\u0131z\u0131m \u00e7ok mutlu oldu. \u00c7\u00fcnk\u00fc d\u0131\u015far\u0131da b\u00f6yle bir yemek ihtiyac\u0131n\u0131 kar\u015f\u0131layam\u0131yor. Bir\u00e7ok ki\u015finin \u00c7\u00f6lya\u011f\u0131 bilmemesinden kaynakl\u0131, fark\u0131ndal\u0131k anlam\u0131nda da \u00e7ok g\u00fczel bir etkinlik oldu\u011funa inan\u0131yorum&#8221; ifadelerine yer verdi.<\/p>\n<p>2 \u00e7ocu\u011funun da \u00c7\u00f6lyak hastas\u0131 oldu\u011funu belirten \u00dcmit Kara, &#8220;Ba\u015fkan\u0131m\u0131z Vahap Se\u00e7er&#8217;den \u00e7ok memnunuz.  D\u00fczenlenen \u00c7\u00f6lyak etkinli\u011finden de memnunuz. Ba\u015fkan\u0131m\u0131z her kesimi, her konuda destekliyor. Bizleri rahatlat\u0131yor ve her zaman destek sa\u011fl\u0131yor&#8221; dedi.<\/p>\n<p>Vatanda\u015flardan Ela Ate\u015f ise k\u0131z\u0131n\u0131n yakla\u015f\u0131k 7 y\u0131ld\u0131r \u00c7\u00f6lyak hastas\u0131 oldu\u011funu dile getirerek,  &#8220;O s\u00fcre\u00e7ten beri \u00c7\u00f6lyak&#8217;la m\u00fccadele ediyoruz. Ba\u015fkan\u0131m\u0131z Vahap Se\u00e7er&#8217;den \u00e7ok memnunum. Bu sayede bir fark\u0131ndal\u0131k olu\u015fuyor. \u00c7ocuklar\u0131m\u0131zla etkinli\u011fe geldik ve g\u00fczel vakit ge\u00e7irdik&#8221; diye konu\u015ftu.<\/p>\n","protected":false},"excerpt":{"rendered":"<p>Sosyal belediyecilik anlay\u0131\u015f\u0131 ile hayata ge\u00e7irdi\u011fi projelerde vatanda\u015flar\u0131n maddi- manevi ihtiya\u00e7lar\u0131n\u0131 kar\u015f\u0131layan ve her kesimin yan\u0131nda olmay\u0131 s\u00fcrd\u00fcren Mersin B\u00fcy\u00fck\u015fehir Belediyesi, \u00c7\u00f6lyak hastal\u0131\u011f\u0131na dikkat \u00e7ekmek ve destek olmak amac\u0131yla &#8216;\u00c7\u00f6lyak Fark\u0131ndal\u0131k Etkinli\u011fi&#8217; d\u00fczenledi. Piyasada y\u00fcksek fiyatlara sat\u0131lan gl\u00fctensiz \u00fcr\u00fcnleri, 4 y\u0131l boyunca haz\u0131rlad\u0131\u011f\u0131 g\u0131da kolisi i\u00e7erisinde \u00c7\u00f6lyak hastas\u0131 vatanda\u015flara \u00fccretsiz bir \u015fekilde ula\u015ft\u0131ran B\u00fcy\u00fck\u015fehir, ikincisini [&hellip;]<\/p>\n","protected":false},"author":2,"featured_media":32840,"comment_status":"open","ping_status":"open","sticky":false,"template":"","format":"standard","meta":{"footnotes":""},"categories":[3,9],"tags":[],"class_list":["post-32839","post","type-post","status-publish","format-standard","has-post-thumbnail","hentry","category-manset","category-saglik"],"views":8,"_links":{"self":[{"href":"https:\/\/mersinkadingazetesi.com\/index.php?rest_route=\/wp\/v2\/posts\/32839"}],"collection":[{"href":"https:\/\/mersinkadingazetesi.com\/index.php?rest_route=\/wp\/v2\/posts"}],"about":[{"href":"https:\/\/mersinkadingazetesi.com\/index.php?rest_route=\/wp\/v2\/types\/post"}],"author":[{"embeddable":true,"href":"https:\/\/mersinkadingazetesi.com\/index.php?rest_route=\/wp\/v2\/users\/2"}],"replies":[{"embeddable":true,"href":"https:\/\/mersinkadingazetesi.com\/index.php?rest_route=%2Fwp%2Fv2%2Fcomments&post=32839"}],"version-history":[{"count":0,"href":"https:\/\/mersinkadingazetesi.com\/index.php?rest_route=\/wp\/v2\/posts\/32839\/revisions"}],"wp:featuredmedia":[{"embeddable":true,"href":"https:\/\/mersinkadingazetesi.com\/index.php?rest_route=\/wp\/v2\/media\/32840"}],"wp:attachment":[{"href":"https:\/\/mersinkadingazetesi.com\/index.php?rest_route=%2Fwp%2Fv2%2Fmedia&parent=32839"}],"wp:term":[{"taxonomy":"category","embeddable":true,"href":"https:\/\/mersinkadingazetesi.com\/index.php?rest_route=%2Fwp%2Fv2%2Fcategories&post=32839"},{"taxonomy":"post_tag","embeddable":true,"href":"https:\/\/mersinkadingazetesi.com\/index.php?rest_route=%2Fwp%2Fv2%2Ftags&post=32839"}],"curies":[{"name":"wp","href":"https:\/\/api.w.org\/{rel}","templated":true}]}}