{"id":32851,"date":"2024-05-26T11:14:24","date_gmt":"2024-05-26T08:14:24","guid":{"rendered":"http:\/\/mersinkadingazetesi.com\/?p=32851"},"modified":"2024-05-26T11:14:24","modified_gmt":"2024-05-26T08:14:24","slug":"sosyal-politikalarin-uzerine-gidecegiz","status":"publish","type":"post","link":"https:\/\/mersinkadingazetesi.com\/?p=32851","title":{"rendered":"&#8220;SOSYAL POL\u0130T\u0130KALARIN \u00dcZER\u0130NE G\u0130DECE\u011e\u0130Z&#8221;"},"content":{"rendered":"<p>Mersin B\u00fcy\u00fck\u015fehir Belediye Ba\u015fkan\u0131 Vahap Se\u00e7er, Cumhuriyet Halk Partisi (CHP) Silifke \u0130l\u00e7e Ba\u015fkanl\u0131\u011f\u0131 taraf\u0131ndan d\u00fczenlenen &#8216;CHP Silifke \u0130l\u00e7e \u00d6rg\u00fct\u00fc Dan\u0131\u015fma Kurulu Toplant\u0131s\u0131&#8217;na kat\u0131ld\u0131.<\/p>\n<p>Silifke Belediyesi K\u00fclt\u00fcr Merkezi&#8217;nde d\u00fczenlenen Dan\u0131\u015fma Kurulu Toplant\u0131s\u0131&#8217;na; Mersin B\u00fcy\u00fck\u015fehir Belediye Ba\u015fkan\u0131 Vahap Se\u00e7er, CHP Mersin \u0130l Ba\u015fkan\u0131 Koral \u00d6m\u00fcr, CHP Mersin Milletvekilleri G\u00fclcan K\u0131\u015f, Talat Din\u00e7er ve Hasan Ufuk \u00c7ak\u0131r, Silifke Belediye Ba\u015fkan\u0131 Mustafa Turgut, CHP Mersin \u0130l Gen\u00e7lik Kollar\u0131 Ba\u015fkan\u0131 Alk\u0131m S\u00fcmer, CHP Silifke \u0130l\u00e7e Ba\u015fkan\u0131 Zarif Korkmaz, CHP Silifke Kad\u0131n Kollar\u0131 Ba\u015fkan\u0131 Mine Satar, CHP Silifke Gen\u00e7lik Kollar\u0131 Ba\u015fkan\u0131 O\u011fuzhan \u015eahin, \u0130l\u00e7e Belediye Meclis \u00fcyeleri, il\u00e7e y\u00f6neticileri, CHP \u00d6nceki d\u00f6nem milletvekilleri, CHP \u00f6nceki d\u00f6nem il ba\u015fkanlar\u0131 ve partililer kat\u0131l\u0131m sa\u011flad\u0131.<\/p>\n<p>Se\u00e7er: &#8220;Silifke&#8217;de de\u011ferli bir se\u00e7im sonucuna imza att\u0131k&#8221;<\/p>\n<p>Silifke&#8217;ye ba\u015flar\u0131 dik ve keyifle geldiklerini s\u00f6yleyen Ba\u015fkan Se\u00e7er, Silifke&#8217;de de\u011ferli bir se\u00e7im sonucuna imza att\u0131klar\u0131n\u0131 vurgulayarak, &#8220;5 y\u0131l \u00f6nceki m\u00fccadelenin r\u00f6van\u015f\u0131n\u0131 ald\u0131k. Say\u0131n Mustafa Turgut&#8217;u 5 y\u0131l aradan sonra tekrar Belediye Ba\u015fkan\u0131 se\u00e7tirdik ve \u015fahs\u0131ma hepimizin gayretiyle Erdemli sonras\u0131 bat\u0131 b\u00f6lgelerindeki il\u00e7elerde y\u00fczde 60&#8217;a yak\u0131n bir oy \u00e7\u0131kararak b\u00f6lgenin rekor oyunun alt\u0131na imza att\u0131k. Hepinize te\u015fekk\u00fcr ederiz, \u00e7al\u0131\u015f\u0131nca oluyor&#8221; s\u00f6zlerine yer verdi.<\/p>\n<p>Uzun zamand\u0131r kendilerini bu kadar mutlu eden bir toplant\u0131 yapmad\u0131klar\u0131n\u0131 belirten Se\u00e7er, &#8220;Art\u0131k her \u015fey de\u011fi\u015fiyor, salonun enerjisi \u00e7ok farkl\u0131&#8221; dedi.<\/p>\n<p>Halk\u0131n bu se\u00e7imlerde oy kullanma sebebinin farkl\u0131 oldu\u011funu kaydeden Se\u00e7er, &#8220;Bug\u00fcne kadar bize oy \u00e7\u0131kmam\u0131\u015f k\u00f6ylerde verilen oylar\u0131n gerek\u00e7esi farkl\u0131d\u0131r. E\u011fer bunu iyi okuyamazsak, uygulad\u0131\u011f\u0131m\u0131z politikalar\u0131 ve onlarla olan ili\u015fkilerimizi tahkim edemezsek, sa\u011flamla\u015ft\u0131ramazsak ilk genel se\u00e7imlerde bize oy vermeyebilirler. Bunlar\u0131 iyi g\u00f6rmemiz laz\u0131m&#8221; dedi. Daha yeni ba\u015flad\u0131klar\u0131n\u0131n alt\u0131n\u0131 \u00e7izen Se\u00e7er, &#8220;Bu se\u00e7im sonucu tesad\u00fcf de\u011fildir. Bu se\u00e7im sonucu bir eme\u011fin sonucudur. Ba\u015fta 11 b\u00fcy\u00fck\u015fehir olmak \u00fczere 250 belediyemiz i\u00e7erisinde i\u015fini iyi yapan, i\u015fin ehli, akl\u0131nda ve fikrinde hizmet olan belediye ba\u015fkanlar\u0131n\u0131n ortaya koydu\u011fu eme\u011fin sonucudur&#8221; dedi.<\/p>\n<p>&#8220;Biz \u015fanl\u0131 tarihimizle, Mustafa Kemal ile \u00f6v\u00fcn\u00fcyoruz&#8221;<\/p>\n<p>Mersin&#8217;de Mezitli&#8217;den sonraki bat\u0131 il\u00e7elerde devrim niteli\u011finde bir oy art\u0131\u015f\u0131 oldu\u011funu kaydeden Se\u00e7er, &#8220;7 il\u00e7ede her 2 ki\u015fiden birinin oyunu ald\u0131k. Ben CHP&#8217;liyim arkada\u015f onu s\u00f6yl\u00fcyorum, demiyorum ki &#8216;Ama Ak Partiler bana oy veriyor. \u0130Y\u0130 Partililer, MHP&#8217;liler oy veriyor onlar\u0131 g\u00fccendirmeyin onlar\u0131 k\u0131rmay\u0131n.&#8217; Hay\u0131r, bunu s\u00f6yleyemezsek oy alamay\u0131z. Neden korkuyoruz? Biz \u015fanl\u0131 tarihimizle \u00f6v\u00fcn\u00fcyoruz, Mustafa Kemal&#8217;le \u00f6v\u00fcn\u00fcyoruz.  Utanacak olanlar, korkacak olanlar farkl\u0131 insanlar. CHP&#8217;liler de\u011fil, insanlar\u0131n dini ve milli duygular\u0131n\u0131 istismar ederek onlar\u0131n hakk\u0131n\u0131 yiyenler utans\u0131n. Ancak benim utanacak bir \u015feyim yok&#8221; \u015feklinde konu\u015ftu.<\/p>\n<p>&#8220;Sosyal politikalar\u0131n \u00fczerine gidece\u011fiz&#8221;<\/p>\n<p>Yeni 5 y\u0131ll\u0131k d\u00f6nemde sosyal politikalara daha da y\u00f6neleceklerini vurgulayan Se\u00e7er, &#8220;Gittik insanlara dokunduk, ailelerin evine girdik. \u00c7ocu\u011fu dershaneye geldi, aileye girdik. \u00c7ocu\u011fu bizden burs ald\u0131, aileye girdik. Hastas\u0131 vard\u0131, 15 g\u00fcn k\u0131z\u0131n\u0131 ameliyat ettirdi, B\u00fcy\u00fck\u015fehir onu misafir etti. Onun ailesine girdik. Sonra g\u00f6n\u00fcllerine girdik ve sevgilerini kazand\u0131k&#8221; diyerek, sosyal politikalar\u0131n CHP&#8217;li belediyelerin politikas\u0131 haline gelmesi i\u00e7in \u00e7al\u0131\u015fmaya devam edeceklerini s\u00f6yledi.<\/p>\n<p>Sosyal Politikalar Ofisi kurduklar\u0131n\u0131 duyuran Se\u00e7er, &#8220;Ben CHP&#8217;li belediyecilik yapt\u0131m, benim \u00f6z\u00fcm ve modelim bu, yapt\u0131\u011f\u0131m\u0131z bundan ibaret&#8221; dedi.<\/p>\n<p>&#8220;B\u00fcy\u00fck\u015fehir Belediyesi de Silifke Belediyemiz de hizmetin alas\u0131n\u0131 yapacak&#8221;<\/p>\n<p>\u0130l\u00e7e belediyeleri ile beraber hareket edeceklerini kaydeden Se\u00e7er, &#8220;Silifke Belediyemiz de B\u00fcy\u00fck\u015fehir Belediyesi de hizmetin alas\u0131n\u0131 yapacak, memnun edecek. Bu bizim onurumuz. Mikrofonu ele ald\u0131k, ne dedik insanlara, &#8216;\u0130\u015fbirli\u011fi yapaca\u011f\u0131z&#8217;. Ben b\u00fcy\u00fck\u015fehir belediye ba\u015fkan\u0131 olarak il\u00e7e belediye ba\u015fkanlar\u0131n\u0131 destekleyece\u011fim. Biz belediye ba\u015fkanlar\u0131m\u0131z\u0131n yan\u0131nday\u0131z&#8221; ifadelerine yer verdi.<\/p>\n<p>Sosyal politikalar\u0131n yan\u0131nda alt yap\u0131 projeleri de h\u0131z kazand\u0131<\/p>\n<p>Sosyal politikalar\u0131n yan\u0131 s\u0131ra alt yap\u0131 \u00e7al\u0131\u015fmalar\u0131n\u0131n da h\u0131z kazand\u0131\u011f\u0131n\u0131 aktaran Se\u00e7er, &#8220;Buras\u0131 k\u0131rsal b\u00f6lge, k\u0131rsal yollar\u0131 yapaca\u011f\u0131z. Bu b\u00f6lgede tar\u0131msal destekler \u00f6nemli, tar\u0131msal desteklere devam edece\u011fiz ama b\u00fcy\u00fck b\u00fct\u00e7eli yat\u0131r\u0131mlar da B\u00fcy\u00fck\u015fehir&#8217;e d\u00fc\u015f\u00fcyor. Ye\u015filovac\u0131k ba\u015fta olmak \u00fczere merkezimizdeki ar\u0131tma sisteminin yenisini yap\u0131yoruz. Finansman\u0131 bulduk, her \u015fey tamam. Uzuncabur\u00e7 ve Tisan&#8217;\u0131n su hatt\u0131n\u0131 yap\u0131yoruz. G\u00fczel bir Sosyal Ya\u015fam Merkezi&#8217;ni k\u0131sa s\u00fcrede yap\u0131p, bitirece\u011fiz. Biz i\u015flerimizi yapmaya devam edece\u011fiz&#8221; diye konu\u015ftu.<\/p>\n<p>&#8220;Hi\u00e7 merak etmeyin, \u00e7al\u0131\u015faca\u011f\u0131z. Biz iktidar olmak istiyoruz&#8221;<\/p>\n<p>Hi\u00e7bir CHP&#8217;linin sokakta y\u00fcz\u00fcn\u00fc e\u011ferek dola\u015fmayaca\u011f\u0131n\u0131 belirten Se\u00e7er, &#8220;Hi\u00e7 merak etmeyin, \u00e7al\u0131\u015faca\u011f\u0131z. Biz iktidar olmak istiyoruz. Halk\u0131m\u0131za \u015funu dedirtece\u011fiz; &#8216;CHP&#8217;li belediye ba\u015fkanlar\u0131 bulunduklar\u0131 \u015fehirleri ihya etti insanlara mutluluk getirdi y\u00fcz\u00fcn\u00fc g\u00fcld\u00fcrd\u00fc. Neden T\u00fcrkiye&#8217;yi y\u00f6netmesinler?&#8217; diye genel se\u00e7imlerde CHP&#8217;ye oy verdirece\u011fiz. Hi\u00e7 endi\u015feniz olmas\u0131n, \u00f6zg\u00fcveniniz g\u00fc\u00e7l\u00fc olsun. Bizler ba\u015far\u0131l\u0131y\u0131z, bizler \u00e7al\u0131\u015f\u0131yoruz, bizler emek\u00e7i insanlar\u0131n\u0131z. \u00d6zg\u00fcveniniz g\u00fc\u00e7l\u00fc olsun. Hepinizi seviyorum&#8221; diyerek s\u00f6zlerine son verdi.<\/p>\n<p>CHP Silifke \u0130l\u00e7e \u00d6rg\u00fct\u00fc Dan\u0131\u015fma Kurulu Toplant\u0131s\u0131&#8217;nda; CHP Mersin \u0130l Ba\u015fkan\u0131 Koral \u00d6m\u00fcr, CHP Mersin Milletvekilleri G\u00fclcan K\u0131\u015f, Talat Din\u00e7er, Hasan Ufuk \u00c7ak\u0131r, Silifke Belediye Ba\u015fkan\u0131 Mustafa Turgut ile CHP Silifke \u0130l\u00e7e Ba\u015fkan\u0131 Zarif Korkmaz da birer konu\u015fma yapt\u0131lar.<\/p>\n","protected":false},"excerpt":{"rendered":"<p>Mersin B\u00fcy\u00fck\u015fehir Belediye Ba\u015fkan\u0131 Vahap Se\u00e7er, Cumhuriyet Halk Partisi (CHP) Silifke \u0130l\u00e7e Ba\u015fkanl\u0131\u011f\u0131 taraf\u0131ndan d\u00fczenlenen &#8216;CHP Silifke \u0130l\u00e7e \u00d6rg\u00fct\u00fc Dan\u0131\u015fma Kurulu Toplant\u0131s\u0131&#8217;na kat\u0131ld\u0131. Silifke Belediyesi K\u00fclt\u00fcr Merkezi&#8217;nde d\u00fczenlenen Dan\u0131\u015fma Kurulu Toplant\u0131s\u0131&#8217;na; Mersin B\u00fcy\u00fck\u015fehir Belediye Ba\u015fkan\u0131 Vahap Se\u00e7er, CHP Mersin \u0130l Ba\u015fkan\u0131 Koral \u00d6m\u00fcr, CHP Mersin Milletvekilleri G\u00fclcan K\u0131\u015f, Talat Din\u00e7er ve Hasan Ufuk \u00c7ak\u0131r, Silifke [&hellip;]<\/p>\n","protected":false},"author":2,"featured_media":32852,"comment_status":"open","ping_status":"open","sticky":false,"template":"","format":"standard","meta":{"footnotes":""},"categories":[1,2,3,5],"tags":[],"class_list":["post-32851","post","type-post","status-publish","format-standard","has-post-thumbnail","hentry","category-genel","category-gundem","category-manset","category-mersin"],"views":0,"_links":{"self":[{"href":"https:\/\/mersinkadingazetesi.com\/index.php?rest_route=\/wp\/v2\/posts\/32851"}],"collection":[{"href":"https:\/\/mersinkadingazetesi.com\/index.php?rest_route=\/wp\/v2\/posts"}],"about":[{"href":"https:\/\/mersinkadingazetesi.com\/index.php?rest_route=\/wp\/v2\/types\/post"}],"author":[{"embeddable":true,"href":"https:\/\/mersinkadingazetesi.com\/index.php?rest_route=\/wp\/v2\/users\/2"}],"replies":[{"embeddable":true,"href":"https:\/\/mersinkadingazetesi.com\/index.php?rest_route=%2Fwp%2Fv2%2Fcomments&post=32851"}],"version-history":[{"count":0,"href":"https:\/\/mersinkadingazetesi.com\/index.php?rest_route=\/wp\/v2\/posts\/32851\/revisions"}],"wp:featuredmedia":[{"embeddable":true,"href":"https:\/\/mersinkadingazetesi.com\/index.php?rest_route=\/wp\/v2\/media\/32852"}],"wp:attachment":[{"href":"https:\/\/mersinkadingazetesi.com\/index.php?rest_route=%2Fwp%2Fv2%2Fmedia&parent=32851"}],"wp:term":[{"taxonomy":"category","embeddable":true,"href":"https:\/\/mersinkadingazetesi.com\/index.php?rest_route=%2Fwp%2Fv2%2Fcategories&post=32851"},{"taxonomy":"post_tag","embeddable":true,"href":"https:\/\/mersinkadingazetesi.com\/index.php?rest_route=%2Fwp%2Fv2%2Ftags&post=32851"}],"curies":[{"name":"wp","href":"https:\/\/api.w.org\/{rel}","templated":true}]}}