{"id":32864,"date":"2024-05-28T12:36:35","date_gmt":"2024-05-28T09:36:35","guid":{"rendered":"http:\/\/mersinkadingazetesi.com\/?p=32864"},"modified":"2024-05-28T12:36:35","modified_gmt":"2024-05-28T09:36:35","slug":"hamzabeyli-icin-dayanisma-agi-genisliyor","status":"publish","type":"post","link":"https:\/\/mersinkadingazetesi.com\/?p=32864","title":{"rendered":"HAMZABEYL\u0130 \u0130\u00c7\u0130N DAYANI\u015eMA A\u011eI GEN\u0130\u015eL\u0130YOR"},"content":{"rendered":"<p>Mersin Barosu, \u00c7evre M\u00fchendisleri Odas\u0131 Mersin \u015eubesi ve Toroslar Belediyesi, Mersin&#8217;in Toroslar il\u00e7esi Hamzabeyli Mahallesi&#8217;nde \u00f6zel bir firma taraf\u0131ndan kurulmak istenen kalker oca\u011f\u0131 ve k\u0131rma eleme tesisi i\u00e7in haz\u0131rlanan \u00e7evresel etki de\u011ferlendirme (\u00c7ED) s\u00fcrecini de\u011ferlendirmek i\u00e7in bir araya geldi.<\/p>\n<p>Mersin \u0130li Toroslar il\u00e7esinde Hamzabeyli s\u0131n\u0131rlar\u0131 i\u00e7erisinde yer alan ve \u00e7evre k\u00f6yleri de etkileme potansiyeli ta\u015f\u0131yan ve \u00f6zel bir firma taraf\u0131ndan yap\u0131lmas\u0131 planlanan II A Grubu Kalker Oca\u011f\u0131 Ve K\u0131rma Eleme Tesisi projesi ile ilgili olarak haz\u0131rlan \u00e7evresel etki de\u011ferlendirme (\u00c7ED) s\u00fcrecini de\u011ferlendirmek \u00fczere, Mersin Barosu Ba\u015fkan\u0131 Av. Gazi \u00d6zdemir, Mersin Barosu Kent ve \u00c7evre Komisyonu Ba\u015fkan\u0131 Av. Derya Demir ve komisyon \u00fcyelerimiz Av. Sevim K\u00fc\u00e7\u00fck ve Av. R\u0131za O\u011fuz, Toroslar Belediyesi Ba\u015fkan Yard\u0131mc\u0131s\u0131 Asl\u0131han G\u00fccek, \u00c7evre M\u00fchendisleri Odas\u0131 Mersin \u015eube Ba\u015fkan\u0131 Dr. Sinan Can, Hamzabeyli Mahalle Muhtar\u0131 Sencer Erdo\u011fan ve \u00c7evre M\u00fchendisi Mustafa Emre \u00d6zegel&#8217;in kat\u0131l\u0131m\u0131yla Mersin Barosu&#8217;nda isti\u015fare toplant\u0131s\u0131 ger\u00e7ekle\u015ftirildi.<\/p>\n<p>Toplant\u0131da, Hamzebeyli Mahallesi i\u00e7in dayan\u0131\u015fma a\u011f\u0131n\u0131n geni\u015fletilerek; \u00e7evre, insan ve do\u011fadaki t\u00fcm canl\u0131lar\u0131n sa\u011fl\u0131\u011f\u0131n\u0131 tehdit eden, Hamzabeyli&#8217;de kurulmak istenen kirli yat\u0131r\u0131m\u0131n \u00f6n\u00fcne ge\u00e7ilmesi i\u00e7in b\u00f6lge halk\u0131yla m\u00fccadelelerinin s\u00fcrece\u011fi belirtildi.<\/p>\n<p>\u00c7evre sorunlar\u0131n\u0131n ve b\u00f6lgemizde yap\u0131lmas\u0131 planlanan maden ocaklar\u0131na kar\u015f\u0131 i\u015f birli\u011fi i\u00e7inde yap\u0131lacak bilimsel \u00e7al\u0131\u015fmalar ve etkinliklerin ele al\u0131nd\u0131\u011f\u0131 toplant\u0131da, 5-11 Haziran \u00c7evre Haftas\u0131&#8217;nda ger\u00e7ekle\u015ftirilecek olan ortak etkinlikler hakk\u0131nda g\u00f6r\u00fc\u015f al\u0131\u015fveri\u015finde bulunuldu.<\/p>\n","protected":false},"excerpt":{"rendered":"<p>Mersin Barosu, \u00c7evre M\u00fchendisleri Odas\u0131 Mersin \u015eubesi ve Toroslar Belediyesi, Mersin&#8217;in Toroslar il\u00e7esi Hamzabeyli Mahallesi&#8217;nde \u00f6zel bir firma taraf\u0131ndan kurulmak istenen kalker oca\u011f\u0131 ve k\u0131rma eleme tesisi i\u00e7in haz\u0131rlanan \u00e7evresel etki de\u011ferlendirme (\u00c7ED) s\u00fcrecini de\u011ferlendirmek i\u00e7in bir araya geldi. Mersin \u0130li Toroslar il\u00e7esinde Hamzabeyli s\u0131n\u0131rlar\u0131 i\u00e7erisinde yer alan ve \u00e7evre k\u00f6yleri de etkileme potansiyeli ta\u015f\u0131yan [&hellip;]<\/p>\n","protected":false},"author":2,"featured_media":32865,"comment_status":"open","ping_status":"open","sticky":false,"template":"","format":"standard","meta":{"footnotes":""},"categories":[1],"tags":[],"class_list":["post-32864","post","type-post","status-publish","format-standard","has-post-thumbnail","hentry","category-genel"],"views":6,"_links":{"self":[{"href":"https:\/\/mersinkadingazetesi.com\/index.php?rest_route=\/wp\/v2\/posts\/32864"}],"collection":[{"href":"https:\/\/mersinkadingazetesi.com\/index.php?rest_route=\/wp\/v2\/posts"}],"about":[{"href":"https:\/\/mersinkadingazetesi.com\/index.php?rest_route=\/wp\/v2\/types\/post"}],"author":[{"embeddable":true,"href":"https:\/\/mersinkadingazetesi.com\/index.php?rest_route=\/wp\/v2\/users\/2"}],"replies":[{"embeddable":true,"href":"https:\/\/mersinkadingazetesi.com\/index.php?rest_route=%2Fwp%2Fv2%2Fcomments&post=32864"}],"version-history":[{"count":0,"href":"https:\/\/mersinkadingazetesi.com\/index.php?rest_route=\/wp\/v2\/posts\/32864\/revisions"}],"wp:featuredmedia":[{"embeddable":true,"href":"https:\/\/mersinkadingazetesi.com\/index.php?rest_route=\/wp\/v2\/media\/32865"}],"wp:attachment":[{"href":"https:\/\/mersinkadingazetesi.com\/index.php?rest_route=%2Fwp%2Fv2%2Fmedia&parent=32864"}],"wp:term":[{"taxonomy":"category","embeddable":true,"href":"https:\/\/mersinkadingazetesi.com\/index.php?rest_route=%2Fwp%2Fv2%2Fcategories&post=32864"},{"taxonomy":"post_tag","embeddable":true,"href":"https:\/\/mersinkadingazetesi.com\/index.php?rest_route=%2Fwp%2Fv2%2Ftags&post=32864"}],"curies":[{"name":"wp","href":"https:\/\/api.w.org\/{rel}","templated":true}]}}