{"id":32876,"date":"2024-05-28T12:48:41","date_gmt":"2024-05-28T09:48:41","guid":{"rendered":"http:\/\/mersinkadingazetesi.com\/?p=32876"},"modified":"2024-05-28T12:48:41","modified_gmt":"2024-05-28T09:48:41","slug":"baskan-yildiz-halkkent-mahallesinde-temizlik-ve-cevre-duzenleme-calismalarini-inceledi","status":"publish","type":"post","link":"https:\/\/mersinkadingazetesi.com\/?p=32876","title":{"rendered":"BA\u015eKAN YILDIZ, HALKKENT MAHALLES\u0130&#8217;NDE TEM\u0130ZL\u0130K VE \u00c7EVRE D\u00dcZENLEME \u00c7ALI\u015eMALARINI \u0130NCELED\u0130"},"content":{"rendered":"<p>&#8220;Y\u00fcz\u00fc g\u00fclen, nefes alan Toroslar&#8221; hedefiyle \u00e7al\u0131\u015fan Toroslar Belediye Ba\u015fkan\u0131 Abdurrahman Y\u0131ld\u0131z, vatanda\u015flara daha temiz bir kent sunmak amac\u0131yla mahallelerde temizlik ve \u00e7evre d\u00fczenleme \u00e7al\u0131\u015fmalar\u0131n\u0131n kapsaml\u0131 bir \u015fekilde yap\u0131lmas\u0131 i\u00e7in talimat verdi.<\/p>\n<p>Temizlik \u00e7al\u0131\u015fmalar\u0131 kapsam\u0131nda; sokaklar, kald\u0131r\u0131mlar s\u00fcp\u00fcr\u00fcl\u00fcyor, yabani otlar bi\u00e7iliyor ve bo\u015f arsalar temizlenerek g\u00f6r\u00fcnt\u00fc kirlili\u011finden uzakla\u015ft\u0131r\u0131l\u0131yor.<\/p>\n<p>Ekipler, g\u00fcnd\u00fcz ve gece saatlerinde yapt\u0131klar\u0131 planl\u0131 temizlik \u00e7al\u0131\u015fmalar\u0131yla sokaklar\u0131 Kurban Bayram\u0131&#8217;na da haz\u0131r hale getiriyor.<\/p>\n<p>Ba\u015fkan Y\u0131ld\u0131z, Halkkent Mahallesi&#8217;nde Temizlik \u0130\u015fleri M\u00fcd\u00fcrl\u00fc\u011f\u00fc taraf\u0131ndan y\u00fcr\u00fct\u00fclen temizlik \u00e7al\u0131\u015fmalar\u0131n\u0131 yerinde inceledi.<\/p>\n<p>Mahalle Muhtar\u0131 Mehmet \u00c7etin ve Temizlik \u0130\u015fleri M\u00fcd\u00fcr\u00fc ile birlikte sahada \u00e7al\u0131\u015fmalar\u0131 takip eden Ba\u015fkan Y\u0131ld\u0131z; &#8220;Toroslar\u0131m\u0131z\u0131n \u00e7ehresini g\u00fczelle\u015ftiriyoruz&#8221; dedi.<\/p>\n<p>Mahalle gezisi s\u0131ras\u0131nda vatanda\u015flarla da sohbet ederek taleplerini dinleyen Ba\u015fkan Y\u0131ld\u0131z, ekiplerin yo\u011fun bir \u015fekilde \u00e7al\u0131\u015ft\u0131\u011f\u0131n\u0131 belirterek; &#8220;Belediye hizmetlerimizin en \u00f6nemli kollar\u0131ndan biri \u00e7evre temizli\u011fidir. \u0130l\u00e7emizin her bir noktas\u0131 ne kadar temiz ve d\u00fczenli olursa vatanda\u015flar\u0131m\u0131z\u0131n ya\u015fam kalitesi de o kadar artar. Biz de bu ama\u00e7la \u00e7al\u0131\u015fmalar\u0131m\u0131z\u0131 programl\u0131 bir \u015fekilde s\u00fcrd\u00fcr\u00fcyoruz. Halk\u0131m\u0131z\u0131n sa\u011fl\u0131\u011f\u0131 \u00f6nceli\u011fimiz&#8221; diye konu\u015ftu.<\/p>\n","protected":false},"excerpt":{"rendered":"<p>&#8220;Y\u00fcz\u00fc g\u00fclen, nefes alan Toroslar&#8221; hedefiyle \u00e7al\u0131\u015fan Toroslar Belediye Ba\u015fkan\u0131 Abdurrahman Y\u0131ld\u0131z, vatanda\u015flara daha temiz bir kent sunmak amac\u0131yla mahallelerde temizlik ve \u00e7evre d\u00fczenleme \u00e7al\u0131\u015fmalar\u0131n\u0131n kapsaml\u0131 bir \u015fekilde yap\u0131lmas\u0131 i\u00e7in talimat verdi. Temizlik \u00e7al\u0131\u015fmalar\u0131 kapsam\u0131nda; sokaklar, kald\u0131r\u0131mlar s\u00fcp\u00fcr\u00fcl\u00fcyor, yabani otlar bi\u00e7iliyor ve bo\u015f arsalar temizlenerek g\u00f6r\u00fcnt\u00fc kirlili\u011finden uzakla\u015ft\u0131r\u0131l\u0131yor. Ekipler, g\u00fcnd\u00fcz ve gece saatlerinde yapt\u0131klar\u0131 planl\u0131 [&hellip;]<\/p>\n","protected":false},"author":2,"featured_media":32877,"comment_status":"open","ping_status":"open","sticky":false,"template":"","format":"standard","meta":{"footnotes":""},"categories":[1,2,3],"tags":[],"class_list":["post-32876","post","type-post","status-publish","format-standard","has-post-thumbnail","hentry","category-genel","category-gundem","category-manset"],"views":6,"_links":{"self":[{"href":"https:\/\/mersinkadingazetesi.com\/index.php?rest_route=\/wp\/v2\/posts\/32876"}],"collection":[{"href":"https:\/\/mersinkadingazetesi.com\/index.php?rest_route=\/wp\/v2\/posts"}],"about":[{"href":"https:\/\/mersinkadingazetesi.com\/index.php?rest_route=\/wp\/v2\/types\/post"}],"author":[{"embeddable":true,"href":"https:\/\/mersinkadingazetesi.com\/index.php?rest_route=\/wp\/v2\/users\/2"}],"replies":[{"embeddable":true,"href":"https:\/\/mersinkadingazetesi.com\/index.php?rest_route=%2Fwp%2Fv2%2Fcomments&post=32876"}],"version-history":[{"count":0,"href":"https:\/\/mersinkadingazetesi.com\/index.php?rest_route=\/wp\/v2\/posts\/32876\/revisions"}],"wp:featuredmedia":[{"embeddable":true,"href":"https:\/\/mersinkadingazetesi.com\/index.php?rest_route=\/wp\/v2\/media\/32877"}],"wp:attachment":[{"href":"https:\/\/mersinkadingazetesi.com\/index.php?rest_route=%2Fwp%2Fv2%2Fmedia&parent=32876"}],"wp:term":[{"taxonomy":"category","embeddable":true,"href":"https:\/\/mersinkadingazetesi.com\/index.php?rest_route=%2Fwp%2Fv2%2Fcategories&post=32876"},{"taxonomy":"post_tag","embeddable":true,"href":"https:\/\/mersinkadingazetesi.com\/index.php?rest_route=%2Fwp%2Fv2%2Ftags&post=32876"}],"curies":[{"name":"wp","href":"https:\/\/api.w.org\/{rel}","templated":true}]}}