{"id":32882,"date":"2024-05-28T12:53:26","date_gmt":"2024-05-28T09:53:26","guid":{"rendered":"http:\/\/mersinkadingazetesi.com\/?p=32882"},"modified":"2024-05-28T12:53:26","modified_gmt":"2024-05-28T09:53:26","slug":"ekmen-israil-saldirganliginin-altinda-sapkin-dini-anlayis-yatiyor","status":"publish","type":"post","link":"https:\/\/mersinkadingazetesi.com\/?p=32882","title":{"rendered":"Ekmen: \u201c\u0130srail sald\u0131rganl\u0131\u011f\u0131n\u0131n alt\u0131nda sapk\u0131n dini anlay\u0131\u015f yat\u0131yor\u201d"},"content":{"rendered":"<p>DEVA Partisi Genel Ba\u015fkan Yard\u0131mc\u0131s\u0131 ve Mersin Milletvekili Mehmet Emin Ekmen, \u0130srail\u2019in pazar gecesi Refah\u2019taki s\u0131\u011f\u0131nmac\u0131 \u00e7ad\u0131rlar\u0131na bomba ya\u011fd\u0131rmas\u0131ndan sonra C\u00fcneyt \u00d6zdemir\u2019in YouTube kanal\u0131na kat\u0131larak sald\u0131r\u0131 hakk\u0131nda de\u011ferlendirmelerde bulundu.<br \/>\nBilindi\u011fi gibi 7 Ekim\u2019den beri tam 233 g\u00fcnd\u00fcr (yakla\u015f\u0131k 8 ay) \u0130srail h\u00fck\u00fcmeti; sivil, kad\u0131n ve \u00e7ocuk demeden Gazze\u2019ye sald\u0131rmaktad\u0131r. Sald\u0131r\u0131larda 77 bin ton patlay\u0131c\u0131n\u0131n kullan\u0131ld\u0131 ve 36 bine yak\u0131n Filistinli katledildi. \u00d6lenlerin 15 bin 239&#8217;unun \u00e7ocuk, 10 bin 93&#8217;\u00fc ise kad\u0131n oldu\u011fu ifade edilmektedir. 10 binden fazla ki\u015fi ise hala enkaz alt\u0131nda oldu\u011fu s\u00f6ylenmektedir. Yaral\u0131 say\u0131s\u0131 ise 80 bini geride b\u0131rakm\u0131\u015f durumdad\u0131r.<br \/>\nResmi kaynaklara g\u00f6re bug\u00fcne kadar Gazze&#8217;de 493 sa\u011fl\u0131k \u00e7al\u0131\u015fan\u0131, 69 sivil savunma g\u00f6revlisi ve 147 gazeteci ya\u015fam\u0131n\u0131 yitirdi. \u0130srail sald\u0131r\u0131lar\u0131nda 87 bin konut tamamen y\u0131k\u0131ld\u0131, 297 bin konut ise zarar g\u00f6rerek kullan\u0131lamaz hale geldi. \u0130srail ordusu, 189 h\u00fck\u00fcmet binas\u0131 ile 108 okul ve \u00fcniversiteyi yerle bir etti. 313 okul ve \u00fcniversite ise k\u0131smen zarar g\u00f6rd\u00fc. Gazze&#8217;de 604 cami tamamen, 200 cami ise k\u0131smen y\u0131k\u0131ld\u0131. \u0130srail sald\u0131r\u0131lar\u0131nda 160 sa\u011fl\u0131k kurulu\u015fu hedef al\u0131nd\u0131. 55 sa\u011fl\u0131k merkezi ile 33 hastane ise hizmet d\u0131\u015f\u0131 kald\u0131, 130 ambulans da kullan\u0131lamaz hale geldi. Gazze&#8217;de 206 tarihi ve k\u00fclt\u00fcrel varl\u0131k, \u0130srail sald\u0131r\u0131lar\u0131nda yerle bir oldu.<br \/>\nB\u00fct\u00fcn bunlar\u0131n \u00fcst\u00fcne \u0130srail\u2019in pazar gecesi Refah\u2019taki s\u0131\u011f\u0131nmac\u0131 \u00e7ad\u0131rlar\u0131na bomba ya\u011fd\u0131rmas\u0131ndan sonra a\u00e7\u0131klanan resmi kaynaklara g\u00f6re 45 ki\u015fi aktar\u0131lanlara g\u00f6re ise 100\u2019den fazla kad\u0131n, \u00e7ocuk s\u0131\u011f\u0131nmac\u0131 yanarak can vermi\u015ftir. Ya\u015fanan bu sald\u0131r\u0131 \u00fczerine Milletvekili Ekmen, baz\u0131 de\u011ferlendirmelerde bulundu.<br \/>\n\u201cSald\u0131r\u0131, Birle\u015fmi\u015f Milletler kontrol\u00fcndeki g\u00fcvenli bir b\u00f6lgede ger\u00e7ekle\u015fti\u201d<br \/>\n7 Ekim\u2019den bu yana \u0130srail\u2019in hi\u00e7bir hukuk, ahlak, de\u011fer tan\u0131mayan sald\u0131r\u0131lar\u0131n\u0131 b\u00fcy\u00fck bir acizlik i\u00e7erisinde ve utanarak izliyoruz diyen Ekmen, d\u00fcnden bu yana izlemeye dayanamad\u0131\u011f\u0131m\u0131z can ve kan kayb\u0131na,  par\u00e7alanm\u0131\u015f \u00e7ocuk cesetlerine ve v\u00fccudunun bir k\u0131sm\u0131n\u0131 kaybetmi\u015f yaral\u0131 g\u00f6r\u00fcnt\u00fclerine milyonlarca insan\u0131n bizzat \u015fahit oldu\u011funu ifade etti. Bana g\u00f6re ilk g\u00fcnden itibaren sald\u0131r\u0131lar\u0131n herhangi birinin bir di\u011ferinden, vah\u015filikte hukuk ve ahlak tan\u0131mazl\u0131kta bir fark\u0131 yoktur diyen Ekmen, d\u00fcnk\u00fc sald\u0131r\u0131n\u0131n \u015fu y\u00f6n\u00fcn\u00fc de vurgulamak gerekir diyerek; bu sald\u0131r\u0131n\u0131n Birle\u015fmi\u015f Milletler kontrol\u00fcndeki g\u00fcvenli bir b\u00f6lgede ger\u00e7ekle\u015fti\u011fine dikkat \u00e7ekti.<br \/>\n\u201cUluslararas\u0131 modern de\u011ferler ve sistemler \u00e7\u00f6kt\u00fc\u201d<br \/>\nMilletvekili Ekmen, \u015fu \u00fc\u00e7 noktaya de\u011finmeden bu sald\u0131r\u0131lar\u0131 k\u0131naman\u0131n anlams\u0131z olaca\u011f\u0131n\u0131 ifade etti:<br \/>\nBirincisi, insanl\u0131\u011f\u0131n b\u00fcy\u00fck tecr\u00fcbelerle ortaya koydu\u011fu b\u00fct\u00fcn modern\/\u00e7a\u011fda\u015f de\u011ferler bu s\u00fcre\u00e7te \u00e7\u00f6km\u00fc\u015ft\u00fcr. \u0130srail\u2019i durdurmak bir yana \u0130srail\u2019e destek olan, \u0130srail\u2019in ele\u015ftirilmesine dahi tahamm\u00fcl\u00fc olmayan ABD\u2019nin \u00fcniversiteleri, k\u00fclt\u00fcr end\u00fcstrisi ve bunlar\u0131n dayand\u0131\u011f\u0131 insan haklar\u0131, \u00f6zg\u00fcrl\u00fckler ve benzeri t\u00fcm modern de\u011fer savlar\u0131 \u00e7\u00f6km\u00fc\u015ft\u00fcr.<br \/>\n\u0130kincisi, uluslararas\u0131 sistem \u00e7\u00f6km\u00fc\u015ft\u00fcr. \u0130kinci D\u00fcnya Sava\u015f\u0131\u2019ndan sonra kurulan ve d\u00fcnyada esenlik i\u00e7erisinde bir hukuk d\u00fczeni kurmay\u0131 iddia eden; Birle\u015fmi\u015f Milletler, Avrupa Birli\u011fi,  \u0130slam \u0130\u015fbirli\u011fi Te\u015fkilat\u0131 ve di\u011fer b\u00fct\u00fcn uluslararas\u0131 organizasyonlar\u0131n hi\u00e7bir yapt\u0131r\u0131m g\u00fcc\u00fc olmad\u0131\u011f\u0131,  sald\u0131r\u0131lar\u0131 durdurmak bir yana sald\u0131r\u0131n\u0131n bir taraf\u0131 oldu\u011fu a\u00e7\u0131kt\u0131r. Hat\u0131rlamak gerekir ki bu ilk kez olmuyor; Bosna Sava\u015f\u0131\u2019nda, Ruanda i\u00e7 Sava\u015f\u0131\u2019nda, Suriye i\u00e7 sava\u015f\u0131nda da uluslararas\u0131 sistemin acziyetini hep beraber g\u00f6rm\u00fc\u015ft\u00fck.<br \/>\n\u00dc\u00e7\u00fcnc\u00fcs\u00fc, \u0130srail\u2019in bu sald\u0131rganl\u0131\u011f\u0131n\u0131n arka plan\u0131nda kendilerinden ba\u015fka hi\u00e7bir ki\u015fiyi, insan\u0131 ve toplulu\u011fu insan yerine koymayan sapk\u0131n bir dini anlay\u0131\u015f vard\u0131r. Bu sapk\u0131n dini anlay\u0131\u015f\u0131n g\u00f6r\u00fcnen en belirgin ideolojisi Siyonizm\u2019dir. Bu anlay\u0131\u015f kendileri d\u0131\u015f\u0131nda M\u00fcsl\u00fcman Hristiyan veya inan\u00e7s\u0131z herkesi kendilerine hizmet etmek i\u00e7in yarat\u0131lm\u0131\u015f birer varl\u0131k olarak g\u00f6ren ve kendileri d\u0131\u015f\u0131nda herkese her t\u00fcrl\u00fc hukuksuzlu\u011fu ahlaks\u0131zl\u0131\u011f\u0131 ve katliam\u0131 yapmay\u0131 me\u015fru bir hak olan g\u00f6ren bir anlay\u0131\u015ft\u0131r.<br \/>\n\u201cBu olaylar kar\u015f\u0131s\u0131nda umut veren tek \u015fey k\u00fcresel vicdan\u0131n aya\u011fa kalkmas\u0131d\u0131r\u201d<br \/>\n\u0130srail sald\u0131r\u0131lar\u0131 kar\u015f\u0131s\u0131nda k\u00fcresel vidan\u0131n aya\u011fa kalkm\u0131\u015f olmas\u0131n\u0131 insanl\u0131k ad\u0131na umut veren tek \u015fey oldu\u011funu belirten Ekmen, s\u00f6zlerini \u015f\u00f6yle s\u00fcrd\u00fcrd\u00fc:<br \/>\nBu \u00fc\u00e7 vahim tabloya kar\u015f\u0131 elimizde bir teselli var o da \u015fudur ki \u0130\u015e\u0130D\u2019ten beter Yahudi \u015eeriat\u0131na dayal\u0131 bir soyk\u0131r\u0131mc\u0131 anlay\u0131\u015fla birlikte \u00e7\u00f6ken uluslararas\u0131 sistem ve de\u011ferlerin kar\u015f\u0131s\u0131nda hepimizi umutland\u0131ran bir k\u00fcresel vicdan ayaklanmas\u0131 ortaya \u00e7\u0131km\u0131\u015ft\u0131r. Ba\u015fta bir k\u0131s\u0131m Yahudiler olmak \u00fczere, her dinden, her dilden, her renkten, her d\u00fc\u015f\u00fcnceden, her inan\u00e7tan ve inan\u00e7s\u0131zl\u0131ktan insanlar \u0130srail\u2019in bu soyk\u0131r\u0131m\u0131na kar\u015f\u0131 aya\u011fa kalkm\u0131\u015ft\u0131r. Do\u011frusu insanl\u0131\u011f\u0131n gelece\u011fi ad\u0131na bulabildi\u011fimiz tek teselli kayna\u011f\u0131 budur.<br \/>\n\u201cT\u00fcrkiye de gere\u011fini yapmad\u0131\u201d<br \/>\nMilletvekili Ekmen, T\u00fcrkiye ad\u0131na \u00f6zele\u015ftiri yaparak s\u00f6zlerini \u015f\u00f6yle bitirdi:<br \/>\nT\u00fcrkiye\u2019nin de sava\u015f kabinesi aleyhine yap\u0131lm\u0131\u015f su\u00e7 duyurular\u0131n\u0131 y\u00fcr\u00fcrl\u00fc\u011fe koymaman\u0131n,  ticarette atmad\u0131\u011f\u0131 ya da atamad\u0131\u011f\u0131 ad\u0131mlar\u0131n maliyeti ortadad\u0131r. Maalesef sayd\u0131\u011f\u0131m ve s\u0131n\u0131fta kalm\u0131\u015f lider \u00fclkeler aras\u0131nda T\u00fcrkiye de vard\u0131r. Biz T\u00fcrkiye\u2019de Adalet Bakan\u0131\u2019n\u0131n soru\u015fturma izni vermemesini, ticaretin ge\u00e7 durdurulup tamamen kesilmemesini ve Azerbaycan \u0130srail ili\u015fkilerini konu\u015fmad\u0131k\u00e7a\/tart\u0131\u015fmad\u0131k\u00e7a; T\u00fcrkiye \u00fczerinden Azerbaycan\u2019a devam eden petrol ticaretini durdurmad\u0131k\u00e7a bu katliamlar\u0131n bir par\u00e7as\u0131 durumunday\u0131z.<\/p>\n","protected":false},"excerpt":{"rendered":"<p>DEVA Partisi Genel Ba\u015fkan Yard\u0131mc\u0131s\u0131 ve Mersin Milletvekili Mehmet Emin Ekmen, \u0130srail\u2019in pazar gecesi Refah\u2019taki s\u0131\u011f\u0131nmac\u0131 \u00e7ad\u0131rlar\u0131na bomba ya\u011fd\u0131rmas\u0131ndan sonra C\u00fcneyt \u00d6zdemir\u2019in YouTube kanal\u0131na kat\u0131larak sald\u0131r\u0131 hakk\u0131nda de\u011ferlendirmelerde bulundu. Bilindi\u011fi gibi 7 Ekim\u2019den beri tam 233 g\u00fcnd\u00fcr (yakla\u015f\u0131k 8 ay) \u0130srail h\u00fck\u00fcmeti; sivil, kad\u0131n ve \u00e7ocuk demeden Gazze\u2019ye sald\u0131rmaktad\u0131r. Sald\u0131r\u0131larda 77 bin ton patlay\u0131c\u0131n\u0131n kullan\u0131ld\u0131 [&hellip;]<\/p>\n","protected":false},"author":2,"featured_media":32174,"comment_status":"open","ping_status":"open","sticky":false,"template":"","format":"standard","meta":{"footnotes":""},"categories":[7,2,3],"tags":[],"class_list":["post-32882","post","type-post","status-publish","format-standard","has-post-thumbnail","hentry","category-dunya","category-gundem","category-manset"],"views":8,"_links":{"self":[{"href":"https:\/\/mersinkadingazetesi.com\/index.php?rest_route=\/wp\/v2\/posts\/32882"}],"collection":[{"href":"https:\/\/mersinkadingazetesi.com\/index.php?rest_route=\/wp\/v2\/posts"}],"about":[{"href":"https:\/\/mersinkadingazetesi.com\/index.php?rest_route=\/wp\/v2\/types\/post"}],"author":[{"embeddable":true,"href":"https:\/\/mersinkadingazetesi.com\/index.php?rest_route=\/wp\/v2\/users\/2"}],"replies":[{"embeddable":true,"href":"https:\/\/mersinkadingazetesi.com\/index.php?rest_route=%2Fwp%2Fv2%2Fcomments&post=32882"}],"version-history":[{"count":0,"href":"https:\/\/mersinkadingazetesi.com\/index.php?rest_route=\/wp\/v2\/posts\/32882\/revisions"}],"wp:featuredmedia":[{"embeddable":true,"href":"https:\/\/mersinkadingazetesi.com\/index.php?rest_route=\/wp\/v2\/media\/32174"}],"wp:attachment":[{"href":"https:\/\/mersinkadingazetesi.com\/index.php?rest_route=%2Fwp%2Fv2%2Fmedia&parent=32882"}],"wp:term":[{"taxonomy":"category","embeddable":true,"href":"https:\/\/mersinkadingazetesi.com\/index.php?rest_route=%2Fwp%2Fv2%2Fcategories&post=32882"},{"taxonomy":"post_tag","embeddable":true,"href":"https:\/\/mersinkadingazetesi.com\/index.php?rest_route=%2Fwp%2Fv2%2Ftags&post=32882"}],"curies":[{"name":"wp","href":"https:\/\/api.w.org\/{rel}","templated":true}]}}