{"id":32899,"date":"2024-05-29T12:35:53","date_gmt":"2024-05-29T09:35:53","guid":{"rendered":"http:\/\/mersinkadingazetesi.com\/?p=32899"},"modified":"2024-05-29T12:35:53","modified_gmt":"2024-05-29T09:35:53","slug":"buyuksehirden-genclere-sinav-oncesi-moral-ve-motivasyon-konseri","status":"publish","type":"post","link":"https:\/\/mersinkadingazetesi.com\/?p=32899","title":{"rendered":"B\u00dcY\u00dcK\u015eEH\u0130R&#8217;DEN GEN\u00c7LERE SINAV \u00d6NCES\u0130 MORAL VE MOT\u0130VASYON KONSER\u0130"},"content":{"rendered":"<p>E\u011fitimde f\u0131rsat e\u015fitli\u011fi sunmak ad\u0131na a\u00e7t\u0131\u011f\u0131 kurs ve dan\u0131\u015fmanl\u0131k merkezleri, okuma salonlar\u0131, e\u011fitim ve \u00f6\u011frenim yard\u0131m\u0131 ile \u00f6\u011frencilerin okul hayatlar\u0131nda onlara destek olan Mersin B\u00fcy\u00fck\u015fehir Belediyesi, 8-9 Haziran&#8217;da yap\u0131lacak olan YKS (Y\u00fcksek\u00f6\u011fretim Kurumlar\u0131 S\u0131nav\u0131) \u00f6ncesi, \u00f6\u011frencilerin moralini y\u00fckseltmek ve motivasyon sa\u011flamak ad\u0131na konser d\u00fczenledi.<\/p>\n<p>Macit \u00d6zcan Spor Tesisleri&#8217;nde d\u00fczenlenen konsere; Tarsus, Anamur, Bozyaz\u0131, Ayd\u0131nc\u0131k, Mut, G\u00fclnar, Erdemli, Silifke, Halkkent, Yenice ve Akdeniz olmak \u00fczere toplam 10 il\u00e7ede hizmet veren 11 E\u011fitimi ve \u00d6\u011fretimi Destekleme Kurs Merkezi \u00f6\u011frencileri kat\u0131ld\u0131. B\u00fcy\u00fck\u015fehir Belediyesi Kent Orkestras\u0131&#8217;n\u0131n sahne ald\u0131\u011f\u0131 konserde birbirinden g\u00fczel \u015fark\u0131lara e\u015flik eden \u00f6\u011frenciler, y\u0131l boyunca yo\u011fun bir tempoda \u00e7al\u0131\u015fman\u0131n yorgunlu\u011funu ve stresini konser etkinli\u011finde att\u0131.<\/p>\n<p>Karaku\u015f: &#8220;Hem \u00f6\u011fretmenlerimiz, hem de \u00f6\u011frencilerimiz bu yolculukta b\u00fcy\u00fck emek verdi&#8221;<\/p>\n<p>Sosyal Hizmetler Dairesi Ba\u015fkanl\u0131\u011f\u0131 E\u011fitim Hizmetleri \u015eube M\u00fcd\u00fcr\u00fc Cem Karaku\u015f, YKS \u00f6ncesi s\u0131nava girecek \u00f6\u011frenciler i\u00e7in motivasyon etkinlikleri d\u00fczenlemeye devam ettiklerini ifade etti. Karaku\u015f, &#8220;Bizler kurs merkezlerimizde \u00f6\u011frencilerimizle birlikte seri denemelerimizde son s\u00fcrece ge\u00e7tik. Bundan sonraki s\u00fcre\u00e7te de \u00f6\u011frencilerimizin, bu g\u00fczel konser sayesinde rahatlamalar\u0131n\u0131 istedik. \u00d6\u011frencilerimiz ve bizler \u00e7ok e\u011flendik. \u00c7\u00fcnk\u00fc 1 y\u0131l boyunca hem \u00f6\u011fretmenlerimiz, hem de \u00f6\u011frencilerimiz b\u00fcy\u00fck emek verdi&#8221; dedi.<\/p>\n<p>\u00d6\u011frencileri yaln\u0131zca bili\u015fsel alanda de\u011fil, rehberlik ve sosyal etkinliklerle de geli\u015ftirdiklerini kaydeden Karaku\u015f, &#8220;Bahar ay\u0131n\u0131n gelmesi ile birlikte \u00f6\u011frencilerimizle birlikte pikniklere gittik. Konserlerimizi geleneksel hale getirdik. Motivasyonlar\u0131n\u0131 art\u0131rmak istedik. S\u0131nav g\u00fcn\u00fc de \u00f6\u011frencilerimizi desteklemeye devam edece\u011fiz. Umut ediyoruz ki \u00f6\u011frencilerimiz hayallerindeki \u00fcniversiteyi, bizlerin de destekleri ile kazanacaklar. Bizler de bu yolculukta bir katk\u0131m\u0131z oldu\u011fu i\u00e7in, bu mutlulu\u011fu hep birlikte ya\u015fayaca\u011f\u0131z&#8221; s\u00f6zlerine yer verdi. <\/p>\n<p>Gen\u00e7ler, YKS \u00f6ncesi konserle moral buldu<\/p>\n<p>Bozyaz\u0131 E\u011fitim ve \u00d6\u011fretimi Destekleme Kurs Merkezi&#8217;nde e\u011fitim g\u00f6ren Melek Asutay, d\u00fczenlenen konserin s\u0131nav \u00f6ncesi gen\u00e7lere \u00e7ok iyi geldi\u011fini s\u00f6yleyerek, &#8220;S\u0131nav \u00f6ncesi hepimize \u00e7ok g\u00fczel bir motivasyon oldu. Hepimiz stres i\u00e7indeydik ve biraz stresimizi atm\u0131\u015f durumday\u0131z. \u00d6\u011fretmenlerimiz sayesinde \u00e7ok g\u00fczel bir yolculuk ge\u00e7irdik. Normalde Bozyaz\u0131 \u00e7ok geli\u015fmi\u015f ve herkesin maddi durumunun \u00e7ok iyi oldu\u011fu bir yer de\u011fil, ama B\u00fcy\u00fck\u015fehir&#8217;in bize sa\u011flad\u0131\u011f\u0131 katk\u0131lar sayesinde daha g\u00fczel yerlere gelece\u011fimizi d\u00fc\u015f\u00fcn\u00fcyorum. Bize e\u011fitimde \u00e7ok iyi f\u0131rsat tan\u0131yorlar&#8221; diye konu\u015ftu.<\/p>\n<p>Tarsus E\u011fitimi ve \u00d6\u011fretimi Destekleme Kurs Merkezi&#8217;nde e\u011fitim g\u00f6ren Ava\u015fin \u00c7elik, d\u00fczenlenen konser etkinli\u011fini \u00e7ok be\u011fendi\u011fini ve mutlu oldu\u011funu belirterek, &#8220;Bu yo\u011fun tempoda buraya geldi\u011fimiz i\u00e7in \u00e7ok mutluyuz. Tarsus&#8217;tan buraya b\u00fcy\u00fck bir heyecanla ve b\u00fcy\u00fck bir istekle geldik. S\u0131nava kendimi \u00e7ok haz\u0131r hissediyorum. Ben s\u0131f\u0131rdan ba\u015flad\u0131m, ama \u00f6\u011fretmenlerim sayesinde kendimi daha art\u0131 seviyeye \u00e7\u0131kard\u0131m. B\u00f6yle bir f\u0131rsat verdikleri i\u00e7in \u00e7ok mutluyum. K\u0131sa bir s\u00fcre de olsa s\u0131nav stresini unuttuk&#8221; s\u00f6zlerine yer verdi.<\/p>\n<p>Halkkent Kurs Merkezi \u00f6\u011frencilerinden Reyyan G\u00fczl\u00fck, konseri \u00e7ok be\u011fendi\u011fini s\u00f6yleyerek, &#8220;S\u0131nav \u00f6ncesi stresimizi atmam\u0131z i\u00e7in, B\u00fcy\u00fck\u015fehir Belediyesi&#8217;nin d\u00fczenledi\u011fi g\u00fczel bir etkinlik oldu. B\u00fcy\u00fck\u015fehir, ger\u00e7ekten bizi d\u00fc\u015f\u00fcn\u00fcyor ve g\u00fczel \u015feyler haz\u0131rl\u0131yor. Dersler, s\u0131navlar, \u00f6\u011fretmenler, hepsi d\u00fc\u015f\u00fcn\u00fcl\u00fcyor. \u00d6zel kurslardan daha fazla etkinlik yapt\u0131\u011f\u0131m\u0131z\u0131 d\u00fc\u015f\u00fcn\u00fcyorum. Sorular\u0131m\u0131z olunca \u00f6\u011fretmenlerimiz bizimle \u00e7ok g\u00fczel ilgileniyor ve her seviyeye uygun ders anlat\u0131yor. Her hafta deneme s\u0131navlar\u0131m\u0131z oluyor ve ek kitap da\u011f\u0131t\u0131yorlar. B\u00fcy\u00fck\u015fehir Belediyesi&#8217;nin kurslar\u0131 ger\u00e7ekten fark yarat\u0131yor&#8221; ifadelerini kulland\u0131.<\/p>\n<p>Anamur E\u011fitimi ve \u00d6\u011fretimi Destekleme Kurs Merkezi&#8217;nde e\u011fitim g\u00f6ren Enes Aluftekin de konser sayesinde s\u0131nav stresinden uzakla\u015ft\u0131klar\u0131n\u0131 ifade ederek, &#8220;\u00c7ok e\u011flenceli ve \u00e7ok mutlu hissettik. Tan\u0131d\u0131\u011f\u0131m ve tan\u0131mad\u0131\u011f\u0131m herkesle bir arada ve mutluyuz. S\u0131navdan dolay\u0131 herkes bunalm\u0131\u015ft\u0131 ve konser sayesinde kafalar\u0131 da\u011f\u0131ld\u0131. Kurs merkezi Anamur&#8217;un geli\u015fmesi ve kalk\u0131nmas\u0131 i\u00e7in b\u00fcy\u00fck rol oynad\u0131. Orada \u00e7ok iyi \u00f6\u011frenim g\u00f6r\u00fcyoruz ve ba\u015far\u0131lar\u0131m\u0131za katk\u0131 sa\u011flad\u0131\u011f\u0131ndan kesinlikle eminiz. \u00d6\u011fretmenlerimiz bizlere her konuda yard\u0131mc\u0131 oluyor. \u00d6zel kurslar\u0131n aksine daha \u00f6nde oldu\u011fumuzu d\u00fc\u015f\u00fcn\u00fcyorum. Konserde de e\u011flencenin doruklar\u0131na \u00e7\u0131kt\u0131k&#8221; diye belirtti.<\/p>\n","protected":false},"excerpt":{"rendered":"<p>E\u011fitimde f\u0131rsat e\u015fitli\u011fi sunmak ad\u0131na a\u00e7t\u0131\u011f\u0131 kurs ve dan\u0131\u015fmanl\u0131k merkezleri, okuma salonlar\u0131, e\u011fitim ve \u00f6\u011frenim yard\u0131m\u0131 ile \u00f6\u011frencilerin okul hayatlar\u0131nda onlara destek olan Mersin B\u00fcy\u00fck\u015fehir Belediyesi, 8-9 Haziran&#8217;da yap\u0131lacak olan YKS (Y\u00fcksek\u00f6\u011fretim Kurumlar\u0131 S\u0131nav\u0131) \u00f6ncesi, \u00f6\u011frencilerin moralini y\u00fckseltmek ve motivasyon sa\u011flamak ad\u0131na konser d\u00fczenledi. Macit \u00d6zcan Spor Tesisleri&#8217;nde d\u00fczenlenen konsere; Tarsus, Anamur, Bozyaz\u0131, Ayd\u0131nc\u0131k, Mut, [&hellip;]<\/p>\n","protected":false},"author":2,"featured_media":32900,"comment_status":"open","ping_status":"open","sticky":false,"template":"","format":"standard","meta":{"footnotes":""},"categories":[2,3],"tags":[],"class_list":["post-32899","post","type-post","status-publish","format-standard","has-post-thumbnail","hentry","category-gundem","category-manset"],"views":1,"_links":{"self":[{"href":"https:\/\/mersinkadingazetesi.com\/index.php?rest_route=\/wp\/v2\/posts\/32899"}],"collection":[{"href":"https:\/\/mersinkadingazetesi.com\/index.php?rest_route=\/wp\/v2\/posts"}],"about":[{"href":"https:\/\/mersinkadingazetesi.com\/index.php?rest_route=\/wp\/v2\/types\/post"}],"author":[{"embeddable":true,"href":"https:\/\/mersinkadingazetesi.com\/index.php?rest_route=\/wp\/v2\/users\/2"}],"replies":[{"embeddable":true,"href":"https:\/\/mersinkadingazetesi.com\/index.php?rest_route=%2Fwp%2Fv2%2Fcomments&post=32899"}],"version-history":[{"count":0,"href":"https:\/\/mersinkadingazetesi.com\/index.php?rest_route=\/wp\/v2\/posts\/32899\/revisions"}],"wp:featuredmedia":[{"embeddable":true,"href":"https:\/\/mersinkadingazetesi.com\/index.php?rest_route=\/wp\/v2\/media\/32900"}],"wp:attachment":[{"href":"https:\/\/mersinkadingazetesi.com\/index.php?rest_route=%2Fwp%2Fv2%2Fmedia&parent=32899"}],"wp:term":[{"taxonomy":"category","embeddable":true,"href":"https:\/\/mersinkadingazetesi.com\/index.php?rest_route=%2Fwp%2Fv2%2Fcategories&post=32899"},{"taxonomy":"post_tag","embeddable":true,"href":"https:\/\/mersinkadingazetesi.com\/index.php?rest_route=%2Fwp%2Fv2%2Ftags&post=32899"}],"curies":[{"name":"wp","href":"https:\/\/api.w.org\/{rel}","templated":true}]}}