{"id":32920,"date":"2024-05-29T12:53:04","date_gmt":"2024-05-29T09:53:04","guid":{"rendered":"http:\/\/mersinkadingazetesi.com\/?p=32920"},"modified":"2024-05-29T12:53:04","modified_gmt":"2024-05-29T09:53:04","slug":"ekmen-yargi-magdurlarinin-sesini-duyun-ve-adil-olun","status":"publish","type":"post","link":"https:\/\/mersinkadingazetesi.com\/?p=32920","title":{"rendered":"Ekmen: \u201cYarg\u0131 ma\u011fdurlar\u0131n\u0131n sesini duyun ve adil olun\u201d"},"content":{"rendered":"<p>DEVA Partisi Genel Ba\u015fkan Yard\u0131mc\u0131s\u0131 ve Mersin Milletvekili Mehmet Emin Ekmen, fahi\u015f fiyat art\u0131\u015flar\u0131yla ilgili kanun teklifinin TBMM Genel Kurulu\u2019nda g\u00f6r\u00fc\u015f\u00fcld\u00fc\u011f\u00fc s\u0131rada, yapt\u0131\u011f\u0131 konu\u015fmada \u00fclkemizdeki adaletten uzak uygulamalar\u0131 g\u00fcndeme getirerek iktidara y\u00f6netimde adil olun \u00e7a\u011fr\u0131s\u0131nda bulundu.<\/p>\n<p>\u201cHukuk sisteminde istikrar sa\u011flamadan fiyat istikrar\u0131ndan s\u00f6z edilemez.\u201d<br \/>\nBu teklif metnine bakt\u0131\u011f\u0131m\u0131zda, amac\u0131n enflasyonla m\u00fccadele, yani bir fiyat istikrar\u0131 sa\u011flamak oldu\u011fu anla\u015f\u0131l\u0131yor diyen Ekmen, \u201cdefalarca kez ifade etti\u011fimiz gibi piyasalarda fiyat istikrar\u0131 sa\u011flaman\u0131n yolu hukukta istikrar sa\u011flamaktan ge\u00e7mektedir\u201d dedi.<br \/>\nEkmen, iktidar milletvekillerini \u015fu s\u00f6zlerle empati kurmaya davet etti:<br \/>\nAK Parti milletvekilleri aras\u0131nda hukuki m\u00fcktesebat\u0131na g\u00fcvendi\u011fim, vicdan ve ahlaklar\u0131na inand\u0131\u011f\u0131m arkada\u015flar\u0131 \u015f\u00f6yle bizim yarg\u0131 d\u00fcnyam\u0131z\u0131n baz\u0131 uygulamalar\u0131nda k\u0131sa bir tura \u00e7\u0131kartmak istiyorum ve kendilerini yine kendi kabulleri ve de\u011fer yarg\u0131lar\u0131yla ya bir sosyal deneye ya da bir empatiye tabi tutmalar\u0131n\u0131 rica ediyorum.<br \/>\n\u201cYa\u015fanm\u0131\u015fl\u0131klar\u0131 dinleyin ve sonra vicdan\u0131n\u0131z\u0131n gere\u011fi neyse onu yap\u0131n\u201d<br \/>\nDEVA Partisi Milletvekilleri Say\u0131n Mustafa Yenero\u011flu ve \u0130dris \u015eahin ile Adalet Bakanl\u0131\u011f\u0131 \u00f6n\u00fcnde Emine \u015eenya\u015far anneyi ziyaret etti\u011fini belirten Ekmen, ya\u015fanan ma\u011fduriyeti \u015f\u00f6yle ifade etti:<br \/>\nEmine \u015eenya\u015far ve \u00e7ocuklar\u0131n\u0131n maruz kald\u0131\u011f\u0131 hukuksuzluk burada defalarca konu\u015fuldu, bu devletin bir ay\u0131b\u0131d\u0131r. Evinde otururken maruz kald\u0131klar\u0131 zulm\u00fcn hesab\u0131n\u0131 verdikten sonra yarg\u0131 yoluyla gidilip \u00f6z\u00fcr dilenmesi gereken bir kad\u0131n, 106 g\u00fcnd\u00fcr Adalet Bakanl\u0131\u011f\u0131n\u0131n \u00f6n\u00fcnde n\u00f6bet tutuyor. Bence Emine \u015eenya\u015far&#8217;\u0131 ya da Ferit \u015eenya\u015far&#8217;\u0131 dinlemeyin; d\u00f6nemin savc\u0131s\u0131n\u0131, ba\u015fsavc\u0131s\u0131n\u0131, emniyet\u00e7isini, valisini, hatta AK Partili milletvekillerini dinleyin ve sonra vicdan\u0131n\u0131z\u0131n gere\u011fi neyse onu yap\u0131n.<\/p>\n<p>\u201cSizleri empati kurmaya davet ediyorum\u201d<br \/>\nEkmen, yanl\u0131\u015f hukuki uygulamalar\u0131n ma\u011fduru asker bir evlad\u0131n annesi olan Sevin\u00e7 Han\u0131m\u2019\u0131 da Genel Kurul\u2019da \u015fu s\u00f6zlerle g\u00fcndeme getirdi:<br \/>\nEmine \u015eenya\u015far&#8217;\u0131n hemen yan\u0131nda Kursiyer Te\u011fmen Murat \u00c7ak\u0131r&#8217;\u0131n annesi Sevin\u00e7 Han\u0131m var. Asker\u00ee \u00f6\u011frenciler i\u00e7in Yarg\u0131tay\u2019da verilen bozma karar\u0131n\u0131n onlar i\u00e7in de ge\u00e7erli olmas\u0131n\u0131 diliyorum. Aran\u0131zda, FET\u00d6&#8217;c\u00fc olup yak\u0131nlar\u0131n\u0131zdan yarg\u0131lanm\u0131\u015f olan AK Partili arkada\u015flardan kendilerini Kursiyer Te\u011fmen Murat \u00c7ak\u0131r&#8217;\u0131n annesi Sevin\u00e7 Han\u0131m\u0131n yerine koymalar\u0131n\u0131 rica ediyorum.<\/p>\n","protected":false},"excerpt":{"rendered":"<p>DEVA Partisi Genel Ba\u015fkan Yard\u0131mc\u0131s\u0131 ve Mersin Milletvekili Mehmet Emin Ekmen, fahi\u015f fiyat art\u0131\u015flar\u0131yla ilgili kanun teklifinin TBMM Genel Kurulu\u2019nda g\u00f6r\u00fc\u015f\u00fcld\u00fc\u011f\u00fc s\u0131rada, yapt\u0131\u011f\u0131 konu\u015fmada \u00fclkemizdeki adaletten uzak uygulamalar\u0131 g\u00fcndeme getirerek iktidara y\u00f6netimde adil olun \u00e7a\u011fr\u0131s\u0131nda bulundu. \u201cHukuk sisteminde istikrar sa\u011flamadan fiyat istikrar\u0131ndan s\u00f6z edilemez.\u201d Bu teklif metnine bakt\u0131\u011f\u0131m\u0131zda, amac\u0131n enflasyonla m\u00fccadele, yani bir fiyat istikrar\u0131 [&hellip;]<\/p>\n","protected":false},"author":2,"featured_media":32174,"comment_status":"open","ping_status":"open","sticky":false,"template":"","format":"standard","meta":{"footnotes":""},"categories":[3,6],"tags":[],"class_list":["post-32920","post","type-post","status-publish","format-standard","has-post-thumbnail","hentry","category-manset","category-siyaset-2"],"views":1,"_links":{"self":[{"href":"https:\/\/mersinkadingazetesi.com\/index.php?rest_route=\/wp\/v2\/posts\/32920"}],"collection":[{"href":"https:\/\/mersinkadingazetesi.com\/index.php?rest_route=\/wp\/v2\/posts"}],"about":[{"href":"https:\/\/mersinkadingazetesi.com\/index.php?rest_route=\/wp\/v2\/types\/post"}],"author":[{"embeddable":true,"href":"https:\/\/mersinkadingazetesi.com\/index.php?rest_route=\/wp\/v2\/users\/2"}],"replies":[{"embeddable":true,"href":"https:\/\/mersinkadingazetesi.com\/index.php?rest_route=%2Fwp%2Fv2%2Fcomments&post=32920"}],"version-history":[{"count":0,"href":"https:\/\/mersinkadingazetesi.com\/index.php?rest_route=\/wp\/v2\/posts\/32920\/revisions"}],"wp:featuredmedia":[{"embeddable":true,"href":"https:\/\/mersinkadingazetesi.com\/index.php?rest_route=\/wp\/v2\/media\/32174"}],"wp:attachment":[{"href":"https:\/\/mersinkadingazetesi.com\/index.php?rest_route=%2Fwp%2Fv2%2Fmedia&parent=32920"}],"wp:term":[{"taxonomy":"category","embeddable":true,"href":"https:\/\/mersinkadingazetesi.com\/index.php?rest_route=%2Fwp%2Fv2%2Fcategories&post=32920"},{"taxonomy":"post_tag","embeddable":true,"href":"https:\/\/mersinkadingazetesi.com\/index.php?rest_route=%2Fwp%2Fv2%2Ftags&post=32920"}],"curies":[{"name":"wp","href":"https:\/\/api.w.org\/{rel}","templated":true}]}}