{"id":32922,"date":"2024-05-30T12:31:29","date_gmt":"2024-05-30T09:31:29","guid":{"rendered":"http:\/\/mersinkadingazetesi.com\/?p=32922"},"modified":"2024-05-30T12:31:29","modified_gmt":"2024-05-30T09:31:29","slug":"anamur-mtalden-turkiye-ucunculugu-mujdesi","status":"publish","type":"post","link":"https:\/\/mersinkadingazetesi.com\/?p=32922","title":{"rendered":"ANAMUR MTAL\u2019DEN T\u00dcRK\u0130YE \u00dc\u00c7\u00dcNC\u00dcL\u00dc\u011e\u00dc M\u00dcJDES\u0130!"},"content":{"rendered":"<p>Milli E\u011fitim Bakanl\u0131\u011f\u0131 Meslek\u00ee ve Teknik E\u011fitim Genel M\u00fcd\u00fcrl\u00fc\u011f\u00fcn\u00fcn d\u00fczenledi\u011fi &#8220;S\u0131f\u0131r At\u0131kla Sanat Yar\u0131\u015fmas\u0131&#8221;nda Anamur Mesleki ve Teknik Anadolu Lisesi T\u00fcrkiye \u00fc\u00e7\u00fcnc\u00fcl\u00fc\u011f\u00fc elde etti. Ba\u015far\u0131, okulumuzun ve \u015fehrimizin gurur kayna\u011f\u0131 oldu.<br \/>\nYar\u0131\u015fmada okulumuzu temsil eden Bar\u0131\u015f Dikenku\u015fu ve Enes Kara isimli \u00f6\u011frencilerimiz, G\u00f6rsel Sanatlar \u00d6\u011fretmenimiz Mehmet Korkmaz&#8217;\u0131n rehberli\u011finde haz\u0131rlad\u0131klar\u0131 eserlerle j\u00fcrinin be\u011fenisini kazand\u0131. \u00d6\u011frencilerimiz, s\u0131f\u0131r at\u0131k malzemelerden \u00fcrettikleri \u00f6zg\u00fcn ve yarat\u0131c\u0131 eserlerle T\u00fcrkiye genelindeki bir\u00e7ok okuldan kat\u0131lan rakiplerini geride b\u0131rakarak bu \u00f6nemli ba\u015far\u0131ya imza att\u0131lar.<br \/>\n\u00d6d\u00fcl t\u00f6reni, Milli E\u011fitim Bakanl\u0131\u011f\u0131 Ba\u015f\u00f6\u011fretmen Toplant\u0131 Salonu&#8217;nda Mill\u00ee E\u011fitim Bakan Yard\u0131mc\u0131lar\u0131 Say\u0131n Celile Eren \u00d6kten ve Say\u0131n Kemal \u015eaml\u0131o\u011flu&#8217;nun yan\u0131 s\u0131ra Mesleki ve Teknik E\u011fitim Genel M\u00fcd\u00fcr\u00fc Say\u0131n Ali Karag\u00f6z&#8217;\u00fcn de kat\u0131l\u0131m\u0131yla ger\u00e7ekle\u015fti. T\u00f6rende, dereceye giren \u00f6\u011frencilerimiz ve \u00f6\u011fretmenimiz \u00f6d\u00fclleriyle bulu\u015ftular.<br \/>\nBa\u015far\u0131da eme\u011fi ge\u00e7en t\u00fcm \u00f6\u011frencilerimizi, \u00f6\u011fretmenimizi ve okulumuzun t\u00fcm \u00e7al\u0131\u015fanlar\u0131n\u0131 tebrik eder, bu anlaml\u0131 ba\u015far\u0131lar\u0131n\u0131n devam\u0131n\u0131 dileriz.<\/p>\n","protected":false},"excerpt":{"rendered":"<p>Milli E\u011fitim Bakanl\u0131\u011f\u0131 Meslek\u00ee ve Teknik E\u011fitim Genel M\u00fcd\u00fcrl\u00fc\u011f\u00fcn\u00fcn d\u00fczenledi\u011fi &#8220;S\u0131f\u0131r At\u0131kla Sanat Yar\u0131\u015fmas\u0131&#8221;nda Anamur Mesleki ve Teknik Anadolu Lisesi T\u00fcrkiye \u00fc\u00e7\u00fcnc\u00fcl\u00fc\u011f\u00fc elde etti. Ba\u015far\u0131, okulumuzun ve \u015fehrimizin gurur kayna\u011f\u0131 oldu. Yar\u0131\u015fmada okulumuzu temsil eden Bar\u0131\u015f Dikenku\u015fu ve Enes Kara isimli \u00f6\u011frencilerimiz, G\u00f6rsel Sanatlar \u00d6\u011fretmenimiz Mehmet Korkmaz&#8217;\u0131n rehberli\u011finde haz\u0131rlad\u0131klar\u0131 eserlerle j\u00fcrinin be\u011fenisini kazand\u0131. \u00d6\u011frencilerimiz, s\u0131f\u0131r [&hellip;]<\/p>\n","protected":false},"author":2,"featured_media":32923,"comment_status":"open","ping_status":"open","sticky":false,"template":"","format":"standard","meta":{"footnotes":""},"categories":[3],"tags":[],"class_list":["post-32922","post","type-post","status-publish","format-standard","has-post-thumbnail","hentry","category-manset"],"views":10,"_links":{"self":[{"href":"https:\/\/mersinkadingazetesi.com\/index.php?rest_route=\/wp\/v2\/posts\/32922"}],"collection":[{"href":"https:\/\/mersinkadingazetesi.com\/index.php?rest_route=\/wp\/v2\/posts"}],"about":[{"href":"https:\/\/mersinkadingazetesi.com\/index.php?rest_route=\/wp\/v2\/types\/post"}],"author":[{"embeddable":true,"href":"https:\/\/mersinkadingazetesi.com\/index.php?rest_route=\/wp\/v2\/users\/2"}],"replies":[{"embeddable":true,"href":"https:\/\/mersinkadingazetesi.com\/index.php?rest_route=%2Fwp%2Fv2%2Fcomments&post=32922"}],"version-history":[{"count":0,"href":"https:\/\/mersinkadingazetesi.com\/index.php?rest_route=\/wp\/v2\/posts\/32922\/revisions"}],"wp:featuredmedia":[{"embeddable":true,"href":"https:\/\/mersinkadingazetesi.com\/index.php?rest_route=\/wp\/v2\/media\/32923"}],"wp:attachment":[{"href":"https:\/\/mersinkadingazetesi.com\/index.php?rest_route=%2Fwp%2Fv2%2Fmedia&parent=32922"}],"wp:term":[{"taxonomy":"category","embeddable":true,"href":"https:\/\/mersinkadingazetesi.com\/index.php?rest_route=%2Fwp%2Fv2%2Fcategories&post=32922"},{"taxonomy":"post_tag","embeddable":true,"href":"https:\/\/mersinkadingazetesi.com\/index.php?rest_route=%2Fwp%2Fv2%2Ftags&post=32922"}],"curies":[{"name":"wp","href":"https:\/\/api.w.org\/{rel}","templated":true}]}}