{"id":32931,"date":"2024-05-30T12:38:30","date_gmt":"2024-05-30T09:38:30","guid":{"rendered":"http:\/\/mersinkadingazetesi.com\/?p=32931"},"modified":"2024-05-30T12:38:30","modified_gmt":"2024-05-30T09:38:30","slug":"kulturun-izinde-mersin-projesi-ve-you-cook-my-food-best-adli-etwinning-projesi-kapsaminda-lezzetler-bulustu","status":"publish","type":"post","link":"https:\/\/mersinkadingazetesi.com\/?p=32931","title":{"rendered":"\u201cK\u00dcLT\u00dcR\u00dcN \u0130Z\u0130NDE MERS\u0130N\u201d PROJES\u0130 VE \u201cYOU COOK MY FOOD BEST\u201d ADLI ETW\u0130NN\u0130NG PROJES\u0130 KAPSAMINDA LEZZETLER BULU\u015eTU!"},"content":{"rendered":"<p>\u0130limizde K\u00fclt\u00fcr\u00fcn \u0130zinde Mersin Projesi ve Kurtulu\u015f Ay\u015fe \u00c7omo\u011flu \u0130lkokulu, Hasan Paker \u0130lkokulu, \u015eehit Barbaros Y\u0131lmaz \u0130lkokulu ve Atayurt \u0130lkokulunun Avrupal\u0131 ortaklar\u0131yla y\u00fcr\u00fctt\u00fc\u011f\u00fc eTwinning projesi kapsam\u0131nda anlaml\u0131 bir etkinlik ger\u00e7ekle\u015ftirildi. Proje kapsam\u0131nda lezzetli \u00fcr\u00fcnler misafirlerle bulu\u015ftu.<\/p>\n<p>Etkinlikte, yahni ke\u015fkek sunumu ve Mersin&#8217;in y\u00f6resel lezzeti olan bat\u0131r\u0131k ikram edildi. \u0130l Mill\u00ee E\u011fitim M\u00fcd\u00fcr\u00fc Fazilet Durmu\u015f&#8217;un da kat\u0131ld\u0131\u011f\u0131 etkinlikte \u00f6\u011frenciler m\u00fczik dinletisi ve zeybek g\u00f6sterisi sundu. Etkinlik \u00f6ncesi k\u0131sa bir konu\u015fma yapan Fazilet Durmu\u015f: &#8220;K\u00fclt\u00fcr\u00fcn \u0130zinde Mersin ve eTwinning projeleri, \u00f6\u011frencilerimizin farkl\u0131 k\u00fclt\u00fcrleri tan\u0131malar\u0131na, ortak de\u011ferlerimizi anlamalar\u0131na ve farkl\u0131 bak\u0131\u015f a\u00e7\u0131lar\u0131 kazanmalar\u0131na katk\u0131 sa\u011flayarak \u00f6nemli bir rol oynuyor. Bu projeler, ayn\u0131 zamanda \u00f6\u011frencilerin \u00f6zg\u00fcvenlerini geli\u015ftirmelerine ve sosyalle\u015fmelerine de imk\u00e2n sunuyor. Bu da onlar\u0131n daha donan\u0131ml\u0131 ve ho\u015fg\u00f6r\u00fcl\u00fc bireyler olmalar\u0131n\u0131 sa\u011fl\u0131yor. Bu il\u00e7eden bir Alper Gezeravc\u0131 \u00e7\u0131kt\u0131ysa neden di\u011fer alanlarda \u00f6nderlik edecek isimler \u00e7\u0131kmas\u0131n? Biz \u00e7ocuklar\u0131m\u0131za g\u00fcveniyoruz. T\u00fcrkiye Y\u00fczy\u0131l\u0131n\u0131n kahramanlar\u0131 onlar olacak.&#8221; dedi.<\/p>\n<p>Etkinlik kapsam\u0131nda mahallede a\u00e7\u0131lm\u0131\u015f olan Hayat Boyu \u00d6\u011frenme kurslar\u0131nda ortaya \u00e7\u0131kan \u00fcr\u00fcnlerin sergisi de yap\u0131ld\u0131. Sergi gezilmesinin ard\u0131ndan sergi alan\u0131nda y\u00f6resel lezzetler tad\u0131ld\u0131.<\/p>\n","protected":false},"excerpt":{"rendered":"<p>\u0130limizde K\u00fclt\u00fcr\u00fcn \u0130zinde Mersin Projesi ve Kurtulu\u015f Ay\u015fe \u00c7omo\u011flu \u0130lkokulu, Hasan Paker \u0130lkokulu, \u015eehit Barbaros Y\u0131lmaz \u0130lkokulu ve Atayurt \u0130lkokulunun Avrupal\u0131 ortaklar\u0131yla y\u00fcr\u00fctt\u00fc\u011f\u00fc eTwinning projesi kapsam\u0131nda anlaml\u0131 bir etkinlik ger\u00e7ekle\u015ftirildi. Proje kapsam\u0131nda lezzetli \u00fcr\u00fcnler misafirlerle bulu\u015ftu. Etkinlikte, yahni ke\u015fkek sunumu ve Mersin&#8217;in y\u00f6resel lezzeti olan bat\u0131r\u0131k ikram edildi. \u0130l Mill\u00ee E\u011fitim M\u00fcd\u00fcr\u00fc Fazilet Durmu\u015f&#8217;un da [&hellip;]<\/p>\n","protected":false},"author":2,"featured_media":32932,"comment_status":"open","ping_status":"open","sticky":false,"template":"","format":"standard","meta":{"footnotes":""},"categories":[2,3,5],"tags":[],"class_list":["post-32931","post","type-post","status-publish","format-standard","has-post-thumbnail","hentry","category-gundem","category-manset","category-mersin"],"views":1,"_links":{"self":[{"href":"https:\/\/mersinkadingazetesi.com\/index.php?rest_route=\/wp\/v2\/posts\/32931"}],"collection":[{"href":"https:\/\/mersinkadingazetesi.com\/index.php?rest_route=\/wp\/v2\/posts"}],"about":[{"href":"https:\/\/mersinkadingazetesi.com\/index.php?rest_route=\/wp\/v2\/types\/post"}],"author":[{"embeddable":true,"href":"https:\/\/mersinkadingazetesi.com\/index.php?rest_route=\/wp\/v2\/users\/2"}],"replies":[{"embeddable":true,"href":"https:\/\/mersinkadingazetesi.com\/index.php?rest_route=%2Fwp%2Fv2%2Fcomments&post=32931"}],"version-history":[{"count":0,"href":"https:\/\/mersinkadingazetesi.com\/index.php?rest_route=\/wp\/v2\/posts\/32931\/revisions"}],"wp:featuredmedia":[{"embeddable":true,"href":"https:\/\/mersinkadingazetesi.com\/index.php?rest_route=\/wp\/v2\/media\/32932"}],"wp:attachment":[{"href":"https:\/\/mersinkadingazetesi.com\/index.php?rest_route=%2Fwp%2Fv2%2Fmedia&parent=32931"}],"wp:term":[{"taxonomy":"category","embeddable":true,"href":"https:\/\/mersinkadingazetesi.com\/index.php?rest_route=%2Fwp%2Fv2%2Fcategories&post=32931"},{"taxonomy":"post_tag","embeddable":true,"href":"https:\/\/mersinkadingazetesi.com\/index.php?rest_route=%2Fwp%2Fv2%2Ftags&post=32931"}],"curies":[{"name":"wp","href":"https:\/\/api.w.org\/{rel}","templated":true}]}}