{"id":32942,"date":"2024-05-30T12:47:32","date_gmt":"2024-05-30T09:47:32","guid":{"rendered":"http:\/\/mersinkadingazetesi.com\/?p=32942"},"modified":"2024-05-30T12:47:32","modified_gmt":"2024-05-30T09:47:32","slug":"iyi-partili-kocamazdan-sozlesmeli-erler-bos-kadrolara-atansin-talebi-sozlesmeli-vatan-gorevi-olmaz","status":"publish","type":"post","link":"https:\/\/mersinkadingazetesi.com\/?p=32942","title":{"rendered":"\u0130Y\u0130 PART\u0130&#8217;L\u0130 KOCAMAZ&#8217;DAN &#8216;S\u00d6ZLE\u015eMEL\u0130 ERLER BO\u015e KADROLARA ATANSIN&#8217; TALEB\u0130: &#8216;S\u00d6ZLE\u015eMEL\u0130 VATAN G\u00d6REV\u0130 OLMAZ&#8217;"},"content":{"rendered":"<p>\u0130Y\u0130 Parti Mersin Milletvekili Burhanettin Kocamaz, T\u00fcrk Silahl\u0131 Kuvvetleri b\u00fcnyesinde g\u00f6rev s\u00fcrelerini tamamlayan s\u00f6zle\u015fmeli erlerin sesine kulak vererek, bo\u015f kadrolara atanmalar\u0131 talebinde bulundu.<\/p>\n<p>T\u00fcrkiye B\u00fcy\u00fck Millet Meclisi (TBMM) Genel Kurulu&#8217;nda s\u00f6z alan \u0130Y\u0130 Parti Mersin Milletvekili Burhanettin Kocamaz, s\u00f6zle\u015fmeli erlerin yedi y\u0131ll\u0131k g\u00f6rev s\u00fcrelerinin ard\u0131ndan, kamuda g\u00f6rev alabilmeleri ile ilgili ya\u015fad\u0131klar\u0131 s\u0131k\u0131nt\u0131 ve sorununu g\u00fcndeme ta\u015f\u0131d\u0131.<\/p>\n<p>\u0130Y\u0130 Parti Mersin Milletvekili Kocamaz, yapt\u0131\u011f\u0131 konu\u015fmada &#8220;Fedakarca ve kahramanca yurdun her noktas\u0131nda g\u00f6rev alan bu kahramanlar\u0131m\u0131za, yasayla tan\u0131nan haklar\u0131n\u0131n uygulanma a\u015famas\u0131ndaki eksiklik h\u00fck\u00fcmet taraf\u0131ndan ivedilikle \u00e7\u00f6z\u00fclmeli ve kamudaki bo\u015f kadrolara atamalar\u0131 yap\u0131lmal\u0131d\u0131r&#8221; dedi.<\/p>\n<p>&#8220;S\u00d6ZLE\u015eMEL\u0130 ERLER S\u00dcRELER\u0130N\u0130N B\u0130T\u0130M\u0130NDE \u0130\u015eS\u0130Z KALMAKTA, ADETA B\u0130R KENARA \u0130T\u0130LMEKTED\u0130R&#8221;<\/p>\n<p>Bahsetti\u011fi \u015fartlarda \u00e7al\u0131\u015fan personeller ile ilgili kadro talebinin de oldu\u011funu TBMM&#8217;de ifade eden \u0130Y\u0130 Parti Mersin Milletvekili Burhanettin Kocamaz, &#8221; S\u00f6zle\u015fmeli erlerimiz T\u00fcrk Silahl\u0131 Kuvvetleri b\u00fcnyesinde \u00fclkemizin her k\u00f6\u015fesinde profesyonel bir \u015fekilde g\u00f6rev yapmaktad\u0131r. S\u00f6zle\u015fmeli erlerimiz yedi y\u0131ll\u0131k g\u00f6rev s\u00fcreleri boyunca \u00fclkemizin ve milletimizin birlik beraberlik ve b\u00f6l\u00fcnmez b\u00fct\u00fcnl\u00fc\u011f\u00fcn\u00fc korumak amac\u0131yla yurt i\u00e7i ve yurt d\u0131\u015f\u0131nda bir\u00e7ok kritik g\u00f6revde yer almaktad\u0131r. B\u00f6ylesine \u00f6nemli g\u00f6revler \u00fcstlenmi\u015f bulunan s\u00f6zle\u015fmeli erler \u00e7\u0131kar\u0131lan yasayla &#8220;En az yedi y\u0131l s\u00fcreyle g\u00f6rev yapt\u0131ktan sonra kamuda g\u00f6rev alabilirler.&#8221; denilmesine ra\u011fmen yedi y\u0131l\u0131n sonunda bu kahramanlar\u0131m\u0131z neredeyse uzman \u00e7avu\u015flar\u0131m\u0131zla birlikte ayn\u0131 kaderi payla\u015fmakta ve onca tecr\u00fcbelerine ra\u011fmen g\u00f6rev s\u00fcrelerinin bitiminde i\u015fsiz kalmakta, adeta bir kenara itilmektedir &#8221; ifadelerini kulland\u0131.<\/p>\n<p>&#8220;S\u00d6ZLE\u015eMEL\u0130 ERLER\u0130 KAMU KURUM VE KURULU\u015eLARINDA BULUNAN BO\u015e KADROLARA ATANMALI&#8221;<\/p>\n<p>Milletvekili Kocamaz, konu\u015fmas\u0131n\u0131n sonunda; T\u00fcrk Silahl\u0131 Kuvvetleri b\u00fcnyesinde g\u00f6rev s\u00fcrelerini tamamlayan s\u00f6zle\u015fmeli erlerin kamu kurum ve kurulu\u015flar\u0131nda bulunan bo\u015f kadrolara atanmak istedi\u011fini H\u00fck\u00fcmet yetkililerine bir kez daha hat\u0131rlatt\u0131.<\/p>\n","protected":false},"excerpt":{"rendered":"<p>\u0130Y\u0130 Parti Mersin Milletvekili Burhanettin Kocamaz, T\u00fcrk Silahl\u0131 Kuvvetleri b\u00fcnyesinde g\u00f6rev s\u00fcrelerini tamamlayan s\u00f6zle\u015fmeli erlerin sesine kulak vererek, bo\u015f kadrolara atanmalar\u0131 talebinde bulundu. T\u00fcrkiye B\u00fcy\u00fck Millet Meclisi (TBMM) Genel Kurulu&#8217;nda s\u00f6z alan \u0130Y\u0130 Parti Mersin Milletvekili Burhanettin Kocamaz, s\u00f6zle\u015fmeli erlerin yedi y\u0131ll\u0131k g\u00f6rev s\u00fcrelerinin ard\u0131ndan, kamuda g\u00f6rev alabilmeleri ile ilgili ya\u015fad\u0131klar\u0131 s\u0131k\u0131nt\u0131 ve sorununu g\u00fcndeme [&hellip;]<\/p>\n","protected":false},"author":2,"featured_media":32943,"comment_status":"open","ping_status":"open","sticky":false,"template":"","format":"standard","meta":{"footnotes":""},"categories":[2,3],"tags":[],"class_list":["post-32942","post","type-post","status-publish","format-standard","has-post-thumbnail","hentry","category-gundem","category-manset"],"views":1,"_links":{"self":[{"href":"https:\/\/mersinkadingazetesi.com\/index.php?rest_route=\/wp\/v2\/posts\/32942"}],"collection":[{"href":"https:\/\/mersinkadingazetesi.com\/index.php?rest_route=\/wp\/v2\/posts"}],"about":[{"href":"https:\/\/mersinkadingazetesi.com\/index.php?rest_route=\/wp\/v2\/types\/post"}],"author":[{"embeddable":true,"href":"https:\/\/mersinkadingazetesi.com\/index.php?rest_route=\/wp\/v2\/users\/2"}],"replies":[{"embeddable":true,"href":"https:\/\/mersinkadingazetesi.com\/index.php?rest_route=%2Fwp%2Fv2%2Fcomments&post=32942"}],"version-history":[{"count":0,"href":"https:\/\/mersinkadingazetesi.com\/index.php?rest_route=\/wp\/v2\/posts\/32942\/revisions"}],"wp:featuredmedia":[{"embeddable":true,"href":"https:\/\/mersinkadingazetesi.com\/index.php?rest_route=\/wp\/v2\/media\/32943"}],"wp:attachment":[{"href":"https:\/\/mersinkadingazetesi.com\/index.php?rest_route=%2Fwp%2Fv2%2Fmedia&parent=32942"}],"wp:term":[{"taxonomy":"category","embeddable":true,"href":"https:\/\/mersinkadingazetesi.com\/index.php?rest_route=%2Fwp%2Fv2%2Fcategories&post=32942"},{"taxonomy":"post_tag","embeddable":true,"href":"https:\/\/mersinkadingazetesi.com\/index.php?rest_route=%2Fwp%2Fv2%2Ftags&post=32942"}],"curies":[{"name":"wp","href":"https:\/\/api.w.org\/{rel}","templated":true}]}}