{"id":32945,"date":"2024-05-30T12:51:35","date_gmt":"2024-05-30T09:51:35","guid":{"rendered":"http:\/\/mersinkadingazetesi.com\/?p=32945"},"modified":"2024-05-30T12:51:37","modified_gmt":"2024-05-30T09:51:37","slug":"chp-kis-tarsuslu-ciftciler-icin-hukumete-destek-cagrisi-yapti","status":"publish","type":"post","link":"https:\/\/mersinkadingazetesi.com\/?p=32945","title":{"rendered":"CHP KI\u015e, TARSUSLU \u00c7\u0130FT\u00c7\u0130LER \u0130\u00c7\u0130N H\u00dcK\u00dcMETE  DESTEK \u00c7A\u011eRISI YAPTI"},"content":{"rendered":"<p>CHP Mersin Milletvekili G\u00fclcan K\u0131\u015f, ge\u00e7en hafta Tarsus\u2019ta ya\u015fanan afeti TBMM g\u00fcndemine ta\u015f\u0131d\u0131.<\/p>\n<p>\u00c7ift\u00e7iler ad\u0131na h\u00fck\u00fcmete \u00e7a\u011fr\u0131 yapan K\u0131\u015f, emekleri ve al\u0131n teri afette yok olan \u00fcreticilere acilen destek verilmesini talep etti.<\/p>\n<p>Ge\u00e7en hafta Mersin\u2019in Tarsus il\u00e7esinde, \u00c7\u00f6pl\u00fc mahallesi ba\u015fta olmak \u00fczere, A\u011fz\u0131delik, Egemen, Baharl\u0131, Akarsu, Kelahmet, \u00c7atalca, Kefeli ve Yaram\u0131\u015f Mahallelerinde dakikalarca s\u00fcren sa\u011fanak ve dolu ya\u011f\u0131\u015f\u0131 nedeniyle meyve a\u011fa\u00e7lar\u0131 ve karpuz tarlalar\u0131 zarar g\u00f6rd\u00fc.<\/p>\n<p>Afet sonras\u0131 b\u00f6lgede \u00e7ift\u00e7ileri ziyaret eden K\u0131\u015f, ya\u015fanan sel ve dolu felaketi sebebiyle, tar\u0131m arazilerinin ciddi zarar g\u00f6rd\u00fc\u011f\u00fcn\u00fc, \u00fcr\u00fcnlerin heba oldu\u011funu s\u00f6yledi.<\/p>\n<p>\u00c7ift\u00e7ilerin taleplerini ve seslerini duyurmak \u00fczere, TBMM Genel Kurulu\u2019nda s\u00f6z alan CHP\u2019li K\u0131\u015f, b\u00f6lgede hasar tespit \u00e7al\u0131\u015fmalar\u0131n\u0131n devam etti\u011fini, tahmini olarak zarar g\u00f6ren tar\u0131m arazisinin 17 bin d\u00f6n\u00fcm oldu\u011funu ve 120 milyon TL\u2019de  zarar \u00f6ng\u00f6r\u00fcld\u00fc\u011f\u00fcn\u00fc dile getirdi.<\/p>\n<p>Meyve a\u011fa\u00e7lar\u0131, karpuz, m\u0131s\u0131r ve sebze ekili tarlalar\u0131 tek tek ziyaret etti\u011fini bildiren K\u0131\u015f, \u00e7ift\u00e7ilerin al\u0131n teri ve emeklerinin yok oldu\u011funu vurgulad\u0131.<\/p>\n<p>Bor\u00e7la, kredi ile \u00fcreticilik yapmaya \u00e7al\u0131\u015fan \u00e7ift\u00e7ilerin, bu ma\u011fduriyetin alt\u0131ndan kalkmalar\u0131n\u0131n zor oldu\u011funa dikkat \u00e7eken K\u0131\u015f, b\u00f6ylesi bir felaketin bir daha ya\u015fanmamas\u0131n\u0131 dile\u011fini belirtti.<\/p>\n<p>TBMM Genel Kurulu\u2019ndan h\u00fck\u00fcmete seslenen K\u0131\u015f \u015funlar\u0131 s\u00f6yledi:<\/p>\n<p>\u201c\u00c7ift\u00e7ilerimizin talepleri; B\u00f6lgenin acilen afet b\u00f6lgesi ilan edilmesi, bor\u00e7lar\u0131n\u0131n 3 y\u0131la kadar ertelenmesi, \u00fcr\u00fcne g\u00f6re s\u00fcbvansiyonlu kredi sa\u011flanmas\u0131, yeniden ekim i\u00e7in, soya tohumu, g\u00fcbre ve mazot deste\u011fidir. Tarsus il\u00e7emiz de etkili olan afet sebebiyle, al\u0131n teri ve emekleri yok olan \u00e7ift\u00e7ilerimize ge\u00e7mi\u015f olsun dileklerimi iletiyor, zararlar\u0131n\u0131n bir an evvel kar\u015f\u0131lanmas\u0131n\u0131 diliyorum\u201d.<\/p>\n","protected":false},"excerpt":{"rendered":"<p>CHP Mersin Milletvekili G\u00fclcan K\u0131\u015f, ge\u00e7en hafta Tarsus\u2019ta ya\u015fanan afeti TBMM g\u00fcndemine ta\u015f\u0131d\u0131. \u00c7ift\u00e7iler ad\u0131na h\u00fck\u00fcmete \u00e7a\u011fr\u0131 yapan K\u0131\u015f, emekleri ve al\u0131n teri afette yok olan \u00fcreticilere acilen destek verilmesini talep etti. Ge\u00e7en hafta Mersin\u2019in Tarsus il\u00e7esinde, \u00c7\u00f6pl\u00fc mahallesi ba\u015fta olmak \u00fczere, A\u011fz\u0131delik, Egemen, Baharl\u0131, Akarsu, Kelahmet, \u00c7atalca, Kefeli ve Yaram\u0131\u015f Mahallelerinde dakikalarca s\u00fcren sa\u011fanak [&hellip;]<\/p>\n","protected":false},"author":2,"featured_media":32946,"comment_status":"open","ping_status":"open","sticky":false,"template":"","format":"standard","meta":{"footnotes":""},"categories":[3,5],"tags":[],"class_list":["post-32945","post","type-post","status-publish","format-standard","has-post-thumbnail","hentry","category-manset","category-mersin"],"views":0,"_links":{"self":[{"href":"https:\/\/mersinkadingazetesi.com\/index.php?rest_route=\/wp\/v2\/posts\/32945"}],"collection":[{"href":"https:\/\/mersinkadingazetesi.com\/index.php?rest_route=\/wp\/v2\/posts"}],"about":[{"href":"https:\/\/mersinkadingazetesi.com\/index.php?rest_route=\/wp\/v2\/types\/post"}],"author":[{"embeddable":true,"href":"https:\/\/mersinkadingazetesi.com\/index.php?rest_route=\/wp\/v2\/users\/2"}],"replies":[{"embeddable":true,"href":"https:\/\/mersinkadingazetesi.com\/index.php?rest_route=%2Fwp%2Fv2%2Fcomments&post=32945"}],"version-history":[{"count":0,"href":"https:\/\/mersinkadingazetesi.com\/index.php?rest_route=\/wp\/v2\/posts\/32945\/revisions"}],"wp:featuredmedia":[{"embeddable":true,"href":"https:\/\/mersinkadingazetesi.com\/index.php?rest_route=\/wp\/v2\/media\/32946"}],"wp:attachment":[{"href":"https:\/\/mersinkadingazetesi.com\/index.php?rest_route=%2Fwp%2Fv2%2Fmedia&parent=32945"}],"wp:term":[{"taxonomy":"category","embeddable":true,"href":"https:\/\/mersinkadingazetesi.com\/index.php?rest_route=%2Fwp%2Fv2%2Fcategories&post=32945"},{"taxonomy":"post_tag","embeddable":true,"href":"https:\/\/mersinkadingazetesi.com\/index.php?rest_route=%2Fwp%2Fv2%2Ftags&post=32945"}],"curies":[{"name":"wp","href":"https:\/\/api.w.org\/{rel}","templated":true}]}}