{"id":32970,"date":"2024-05-31T12:46:25","date_gmt":"2024-05-31T09:46:25","guid":{"rendered":"http:\/\/mersinkadingazetesi.com\/?p=32970"},"modified":"2024-05-31T12:46:25","modified_gmt":"2024-05-31T09:46:25","slug":"chp-mezitli-ilce-teskilatindan-baskan-vahap-secere-ziyaret-ve-tebrik","status":"publish","type":"post","link":"https:\/\/mersinkadingazetesi.com\/?p=32970","title":{"rendered":"CHP Mezitli \u0130l\u00e7e Te\u015fkilat\u0131ndan Ba\u015fkan Vahap Se\u00e7er&#8217;e Ziyaret ve Tebrik"},"content":{"rendered":"<p>Cumhuriyet Halk Partisi (CHP) Mezitli \u0130l\u00e7e Ba\u015fkan\u0131 Av. Ula\u015f Y\u0131lmaz, Kad\u0131n Kollar\u0131 Ba\u015fkan\u0131 ve y\u00f6netimi ile birlikte 2024 Yerel Se\u00e7imlerinde rekor oyla se\u00e7ilen Mersin B\u00fcy\u00fck\u015fehir Belediye Ba\u015fkan\u0131 Vahap Se\u00e7er&#8217;i makam\u0131nda ziyaret etti. Ba\u015fkan Y\u0131lmaz ve beraberindeki heyet, Ba\u015fkan Se\u00e7er&#8217;e yeni d\u00f6nemi i\u00e7in hay\u0131rl\u0131 olsun dileklerini iletti ve misafirperverliklerinden dolay\u0131 te\u015fekk\u00fcr etti.<\/p>\n<p>VAHAP SE\u00c7ER&#8217;E TE\u015eEKK\u00dcR VE \u00d6VG\u00dc<\/p>\n<p>Ba\u015fkan Y\u0131lmaz yapt\u0131\u011f\u0131 a\u00e7\u0131klamada, &#8220;Mersin B\u00fcy\u00fck\u015fehir Belediye Ba\u015fkan\u0131m\u0131z Say\u0131n Vahap Se\u00e7er&#8217;i makam\u0131nda ziyaret ederek, yeni d\u00f6nemi i\u00e7in hay\u0131rl\u0131 olsun dileklerimizi ilettik. Say\u0131n Se\u00e7er&#8217;e bizlere g\u00f6stermi\u015f olduklar\u0131 misafirperverliklerinden dolay\u0131 te\u015fekk\u00fcr eder, ba\u015far\u0131lar dileriz,&#8221; dedi.<\/p>\n<p>MERS\u0130N B\u00dcY\u00dcK\u015eEH\u0130R BELED\u0130YES\u0130&#8217;N\u0130N KENTE H\u0130ZMETLER\u0130<\/p>\n<p>Ba\u015fkan Y\u0131lmaz, Mersin B\u00fcy\u00fck\u015fehir Belediyesi&#8217;nin Vahap Se\u00e7er liderli\u011finde kentte yapt\u0131\u011f\u0131 hizmetlere vurgu yaparak, &#8220;Say\u0131n Vahap Se\u00e7er, Mersin B\u00fcy\u00fck\u015fehir Belediyesi olarak kentimize \u00f6nemli hizmetler sunmu\u015f ve sunmaya devam etmektedir. Altyap\u0131dan sosyal hizmetlere, ula\u015f\u0131m projelerinden \u00e7evre d\u00fczenlemelerine kadar bir\u00e7ok alanda Mersin&#8217;i daha ya\u015fanabilir bir \u015fehir haline getiren \u00e7al\u0131\u015fmalar\u0131 i\u00e7in kendisine te\u015fekk\u00fcr ediyoruz,&#8221; ifadelerini kulland\u0131.<\/p>\n<p>YEN\u0130 D\u00d6NEM \u0130\u00c7\u0130N DESTEK<\/p>\n<p>Ba\u015fkan Y\u0131lmaz, Mersin B\u00fcy\u00fck\u015fehir Belediyesi&#8217;nin yeni d\u00f6nemde de ba\u015far\u0131l\u0131 projelere imza ataca\u011f\u0131na inand\u0131klar\u0131n\u0131 belirterek, &#8220;Bizler CHP Mezitli \u0130l\u00e7e Te\u015fkilat\u0131 olarak, Say\u0131n Vahap Se\u00e7er&#8217;in yeni d\u00f6nemde de ba\u015far\u0131l\u0131 projelerle kentimize hizmet etmeye devam edece\u011fine inan\u0131yoruz. Her zaman kendisinin yan\u0131nda olacak ve Mersin i\u00e7in el birli\u011fiyle \u00e7al\u0131\u015faca\u011f\u0131z,&#8221; \u015feklinde konu\u015ftu.<\/p>\n<p>Ba\u015fkan Y\u0131lmaz, ziyaretin ard\u0131ndan yapt\u0131\u011f\u0131 a\u00e7\u0131klamada, &#8220;Bu ziyaret, bizim i\u00e7in b\u00fcy\u00fck bir onurdu. Mersin B\u00fcy\u00fck\u015fehir Belediyesi&#8217;nin vizyoner lideri Vahap Se\u00e7er ile birlikte \u00e7al\u0131\u015fmaktan gurur duyuyoruz. Kendisine yeni d\u00f6nemde de ba\u015far\u0131lar diliyoruz,&#8221; dedi.<\/p>\n","protected":false},"excerpt":{"rendered":"<p>Cumhuriyet Halk Partisi (CHP) Mezitli \u0130l\u00e7e Ba\u015fkan\u0131 Av. Ula\u015f Y\u0131lmaz, Kad\u0131n Kollar\u0131 Ba\u015fkan\u0131 ve y\u00f6netimi ile birlikte 2024 Yerel Se\u00e7imlerinde rekor oyla se\u00e7ilen Mersin B\u00fcy\u00fck\u015fehir Belediye Ba\u015fkan\u0131 Vahap Se\u00e7er&#8217;i makam\u0131nda ziyaret etti. Ba\u015fkan Y\u0131lmaz ve beraberindeki heyet, Ba\u015fkan Se\u00e7er&#8217;e yeni d\u00f6nemi i\u00e7in hay\u0131rl\u0131 olsun dileklerini iletti ve misafirperverliklerinden dolay\u0131 te\u015fekk\u00fcr etti. VAHAP SE\u00c7ER&#8217;E TE\u015eEKK\u00dcR VE [&hellip;]<\/p>\n","protected":false},"author":2,"featured_media":32971,"comment_status":"open","ping_status":"open","sticky":false,"template":"","format":"standard","meta":{"footnotes":""},"categories":[2,3,5],"tags":[],"class_list":["post-32970","post","type-post","status-publish","format-standard","has-post-thumbnail","hentry","category-gundem","category-manset","category-mersin"],"views":0,"_links":{"self":[{"href":"https:\/\/mersinkadingazetesi.com\/index.php?rest_route=\/wp\/v2\/posts\/32970"}],"collection":[{"href":"https:\/\/mersinkadingazetesi.com\/index.php?rest_route=\/wp\/v2\/posts"}],"about":[{"href":"https:\/\/mersinkadingazetesi.com\/index.php?rest_route=\/wp\/v2\/types\/post"}],"author":[{"embeddable":true,"href":"https:\/\/mersinkadingazetesi.com\/index.php?rest_route=\/wp\/v2\/users\/2"}],"replies":[{"embeddable":true,"href":"https:\/\/mersinkadingazetesi.com\/index.php?rest_route=%2Fwp%2Fv2%2Fcomments&post=32970"}],"version-history":[{"count":0,"href":"https:\/\/mersinkadingazetesi.com\/index.php?rest_route=\/wp\/v2\/posts\/32970\/revisions"}],"wp:featuredmedia":[{"embeddable":true,"href":"https:\/\/mersinkadingazetesi.com\/index.php?rest_route=\/wp\/v2\/media\/32971"}],"wp:attachment":[{"href":"https:\/\/mersinkadingazetesi.com\/index.php?rest_route=%2Fwp%2Fv2%2Fmedia&parent=32970"}],"wp:term":[{"taxonomy":"category","embeddable":true,"href":"https:\/\/mersinkadingazetesi.com\/index.php?rest_route=%2Fwp%2Fv2%2Fcategories&post=32970"},{"taxonomy":"post_tag","embeddable":true,"href":"https:\/\/mersinkadingazetesi.com\/index.php?rest_route=%2Fwp%2Fv2%2Ftags&post=32970"}],"curies":[{"name":"wp","href":"https:\/\/api.w.org\/{rel}","templated":true}]}}