{"id":32985,"date":"2024-06-02T09:05:29","date_gmt":"2024-06-02T06:05:29","guid":{"rendered":"http:\/\/mersinkadingazetesi.com\/?p=32985"},"modified":"2024-06-02T09:05:29","modified_gmt":"2024-06-02T06:05:29","slug":"tadeka-onculugunde-bir-kahramanlik-destani-gulek-karbogazi-etkinligi-gerceklestirildi","status":"publish","type":"post","link":"https:\/\/mersinkadingazetesi.com\/?p=32985","title":{"rendered":"TADEKA \u00d6NC\u00dcL\u00dc\u011e\u00dcNDE &#8216;B\u0130R KAHRAMANLIK DESTANI G\u00dcLEK KARBO\u011eAZI&#8217; ETK\u0130NL\u0130\u011e\u0130 GER\u00c7EKLE\u015eT\u0130R\u0130LD\u0130"},"content":{"rendered":"<p>Mersin B\u00fcy\u00fck\u015fehir Belediyesi K\u00fclt\u00fcr ve Sosyal \u0130\u015fler Dairesi Ba\u015fkanl\u0131\u011f\u0131 b\u00fcnyesinde faaliyet g\u00f6steren Tarsus&#8217;a De\u011ferler Katanlar Kurulu&#8217;nun (TADEKA) \u00f6nc\u00fcl\u00fc\u011f\u00fcnde, tarihe \u0131\u015f\u0131k tutan \u00e7al\u0131\u015fmalara imza at\u0131lmaya devam ediliyor.<\/p>\n<p>Kurutulu\u015f Sava\u015f\u0131&#8217;nda \u00f6nemli bir yere sahip olan ve \u00c7ukurova&#8217;n\u0131n d\u00fc\u015fman i\u015fgalinden kurtulu\u015funda kritik bir \u00f6nem ta\u015f\u0131yan G\u00fclek Karbo\u011faz\u0131 Zaferi&#8217;nin 104. y\u0131l d\u00f6n\u00fcm\u00fc dolay\u0131s\u0131yla, Mersin B\u00fcy\u00fck\u015fehir Belediyesi \u00f6nc\u00fcl\u00fc\u011f\u00fcnde &#8216;Bir Kahramanl\u0131k Destan\u0131 G\u00fclek Karbo\u011faz\u0131&#8217; s\u00f6yle\u015fisi ger\u00e7ekle\u015ftirildi.<\/p>\n<p>B\u00fcy\u00fck\u015fehir Belediyesi Tarsus-\u00c7aml\u0131yayla Koordinasyon \u015eube M\u00fcd\u00fcr\u00fc Soner Yetgin, Mersin B\u00fcy\u00fck\u015fehir Belediyesi K\u00fclt\u00fcr ve Sosyal \u0130\u015fler Dairesi Ba\u015fkanl\u0131\u011f\u0131 Kent Kat\u0131l\u0131m\u0131 ve Sivil Toplumla \u0130li\u015fkiler \u015eube M\u00fcd\u00fcr\u00fc Ba\u015far Ak\u00e7a, CHP Tarsus \u0130l\u00e7e Ba\u015fkan\u0131 Selahattin \u015eahin, Muharip Gaziler Derne\u011fi ile Tarsus Kuvay\u0131 Milliye M\u00fccahitler Derne\u011fi \u00fcyeleri, Belediye Meclis \u00fcyeleri, TADEKA \u00fcyeleri ve vatanda\u015flar\u0131n kat\u0131ld\u0131\u011f\u0131 s\u00f6yle\u015fi, sayg\u0131 duru\u015fu ve \u0130stiklal Mar\u015f\u0131&#8217;n\u0131n okunmas\u0131yla ba\u015flad\u0131.<\/p>\n<p>G\u00fclek D\u00fc\u011f\u00fcn Salonu&#8217;nda ger\u00e7ekle\u015fen s\u00f6yle\u015fiye konu\u015fmac\u0131 olarak, Ara\u015ft\u0131rmac\u0131-Yazar Yusuf Delikoca ile Ara\u015ft\u0131rmac\u0131-Yazar Kenan \u015eahbaz kat\u0131ld\u0131lar. S\u00f6yle\u015fi sonunda merhum ressam Mehmet Bal&#8217;\u0131n Kurutulu\u015f Sava\u015f\u0131&#8217;n\u0131 tasvir etti\u011fi resimler sergilendi.<\/p>\n<p>Frans\u0131zlara kar\u015f\u0131 kazan\u0131lan tarihi zaferin 104. y\u0131l d\u00f6n\u00fcm\u00fcnde ilk kez b\u00f6yle bir s\u00f6yle\u015fi d\u00fczenlenirken, kat\u0131l\u0131mc\u0131lar duygu dolu anlar ya\u015fad\u0131lar.<\/p>\n<p>Muhtar Seyrek: &#8220;Karbo\u011faz\u0131, \u00c7ukurova&#8217;n\u0131n kurtulu\u015funda \u00f6nemli bir d\u00f6n\u00fcm noktas\u0131d\u0131r&#8221;<\/p>\n<p>Etkinlikte a\u00e7\u0131l\u0131\u015f konu\u015fmas\u0131n\u0131 yapan G\u00fclek Mahallesi Muhtar\u0131 Tuncay Seyrek, o d\u00f6nemde yurdun d\u00f6rt bir yan\u0131nda d\u00fc\u015fman i\u015fgaline kar\u015f\u0131 \u00e7ok b\u00fcy\u00fck sava\u015flar yap\u0131ld\u0131\u011f\u0131n\u0131 ve \u00f6nemli zaferler kazan\u0131ld\u0131\u011f\u0131n\u0131 belirterek, &#8220;Bu destanlardan biri de, 27-28 May\u0131s 1920 tarihinde Kurtulu\u015f Sava\u015f\u0131 s\u0131ras\u0131nda Kuvay\u0131 Milliye birlikleri ile Frans\u0131zlar aras\u0131nda, Toros Da\u011flar\u0131&#8217;n\u0131n eteklerinde ya\u015fand\u0131. Tarihimize Karbo\u011faz\u0131 Bask\u0131n\u0131 olarak ge\u00e7en bu destan, \u00c7ukurova&#8217;n\u0131n kurtulu\u015funda \u00f6nemli bir d\u00f6n\u00fcm noktas\u0131d\u0131r&#8221; dedi.<\/p>\n<p>Ak\u00e7a: &#8220;\u00c7ukurova&#8217;n\u0131n kahramanl\u0131\u011f\u0131, Karbo\u011faz\u0131 Zaferi ile ta\u00e7land\u0131r\u0131lm\u0131\u015ft\u0131r&#8221;<\/p>\n<p>Mersin B\u00fcy\u00fck\u015fehir Belediyesi K\u00fclt\u00fcr ve Sosyal \u0130\u015fler Dairesi Ba\u015fkanl\u0131\u011f\u0131 Kent Kat\u0131l\u0131m\u0131 ve Sivil Toplumla \u0130li\u015fkiler \u015eube M\u00fcd\u00fcr\u00fc Ba\u015far Ak\u00e7a ise, B\u00fcy\u00fck\u015fehir Belediyesi&#8217;nin Mersin&#8217;e De\u011fer Katanlar Kurulu (MEDEKA) ve TADEKA yap\u0131lanmas\u0131yla etkinlikte aktif rol ald\u0131\u011f\u0131n\u0131 belirterek, &#8220;Bu etkinlikte g\u00f6rev ald\u0131\u011f\u0131m\u0131zdan dolay\u0131 \u00e7ok gururluyuz. Karbo\u011faz\u0131, Anadolu&#8217;nun kap\u0131s\u0131 olarak tarif edebilece\u011fimiz \u00e7ok stratejik bir noktada. \u00c7ukurova&#8217;n\u0131n kahramanl\u0131\u011f\u0131, Karbo\u011faz\u0131 Zaferi ile ta\u00e7land\u0131r\u0131lm\u0131\u015ft\u0131r&#8221; ifadelerini kulland\u0131.<\/p>\n<p>\u015eahbaz: &#8220;B\u00fcy\u00fck\u015fehir Belediyesi&#8217;nin bunu g\u00fcndemde tutmas\u0131 bizim i\u00e7in onur verici&#8221;<\/p>\n<p>Programa konu\u015fmac\u0131 olarak i\u015ftirak eden emekli e\u011fitimci ve ayn\u0131 zamanda Ara\u015ft\u0131rmac\u0131-Yazar Kenan \u015eahbaz, &#8220;G\u00fczel bir s\u00f6yle\u015fiydi. Mersin B\u00fcy\u00fck\u015fehir Belediyesi&#8217;nin buna ilgi g\u00f6stermesi ve g\u00fcndemde tutmas\u0131 bizim i\u00e7in onur verici. Gelecek nesillerin bu kahramanl\u0131klar\u0131 bilmesi, vatan\u0131na ve bayra\u011f\u0131na sahip \u00e7\u0131kmas\u0131 a\u00e7\u0131s\u0131ndan \u00e7ok \u00f6nemli bir konu. Bu hususta kendilerine \u00e7ok te\u015fekk\u00fcr ediyorum&#8221; diye konu\u015ftu.<\/p>\n<p>Delikoca: &#8220;Bu zaferden sonra \u00c7ukurova topraklar\u0131nda Kuvay\u0131 Milliye \u015fahlanm\u0131\u015ft\u0131r&#8221;<\/p>\n<p>Bir di\u011fer konu\u015fmac\u0131 Ara\u015ft\u0131rmac\u0131-Yazar Yusuf Delikoca ise, &#8220;Karbo\u011faz\u0131 Zaferi&#8217;nin 104. y\u0131l\u0131nda bir ilki ger\u00e7ekle\u015ftirdik. Kahramanlar\u0131n ya\u015fad\u0131\u011f\u0131, kahramanlar\u0131n hat\u0131ralar\u0131n\u0131n bulundu\u011fu G\u00fclek&#8217;te bu etkinli\u011fi ger\u00e7ekle\u015ftirmenin onurunu ve gururunu ya\u015fad\u0131k. 44 ki\u015filik G\u00fclek M\u00fcfrezesi, i\u015fgal kuvvetlerinin subaylar\u0131n\u0131 ve askerlerini esir alm\u0131\u015ft\u0131r. Bu zaferden sonra \u00c7ukurova topraklar\u0131nda Kuvayi Milliye \u015fahlanm\u0131\u015ft\u0131r. Gazi Mustafa Kemal Atat\u00fcrk, Pozant\u0131 ve Toroslar&#8217;\u0131n d\u00fc\u015fman i\u015fgalinden kurtulu\u015fundan sonra, 5 A\u011fustos 1920&#8217;de Pozant\u0131&#8217;ya gelerek b\u00fcy\u00fck bir zafer kongresi yapm\u0131\u015ft\u0131r&#8221; dedi.<\/p>\n<p>Program bitiminde G\u00fclek Kapal\u0131 Semt Pazar\u0131&#8217;nda, B\u00fcy\u00fck\u015fehir Belediyesi T\u00fcrk Halk M\u00fczi\u011fi Toplulu\u011fu taraf\u0131ndan konser d\u00fczenlendi. Kat\u0131l\u0131mc\u0131lar, s\u00f6yle\u015finin ard\u0131ndan Karbo\u011faz\u0131 mevkiinde bulunan Zafer An\u0131t\u0131&#8217;n\u0131 ziyaret edip, foto\u011fraf \u00e7ektirdiler.<\/p>\n","protected":false},"excerpt":{"rendered":"<p>Mersin B\u00fcy\u00fck\u015fehir Belediyesi K\u00fclt\u00fcr ve Sosyal \u0130\u015fler Dairesi Ba\u015fkanl\u0131\u011f\u0131 b\u00fcnyesinde faaliyet g\u00f6steren Tarsus&#8217;a De\u011ferler Katanlar Kurulu&#8217;nun (TADEKA) \u00f6nc\u00fcl\u00fc\u011f\u00fcnde, tarihe \u0131\u015f\u0131k tutan \u00e7al\u0131\u015fmalara imza at\u0131lmaya devam ediliyor. Kurutulu\u015f Sava\u015f\u0131&#8217;nda \u00f6nemli bir yere sahip olan ve \u00c7ukurova&#8217;n\u0131n d\u00fc\u015fman i\u015fgalinden kurtulu\u015funda kritik bir \u00f6nem ta\u015f\u0131yan G\u00fclek Karbo\u011faz\u0131 Zaferi&#8217;nin 104. y\u0131l d\u00f6n\u00fcm\u00fc dolay\u0131s\u0131yla, Mersin B\u00fcy\u00fck\u015fehir Belediyesi \u00f6nc\u00fcl\u00fc\u011f\u00fcnde &#8216;Bir Kahramanl\u0131k [&hellip;]<\/p>\n","protected":false},"author":2,"featured_media":32986,"comment_status":"open","ping_status":"open","sticky":false,"template":"","format":"standard","meta":{"footnotes":""},"categories":[2,3],"tags":[],"class_list":["post-32985","post","type-post","status-publish","format-standard","has-post-thumbnail","hentry","category-gundem","category-manset"],"views":10,"_links":{"self":[{"href":"https:\/\/mersinkadingazetesi.com\/index.php?rest_route=\/wp\/v2\/posts\/32985"}],"collection":[{"href":"https:\/\/mersinkadingazetesi.com\/index.php?rest_route=\/wp\/v2\/posts"}],"about":[{"href":"https:\/\/mersinkadingazetesi.com\/index.php?rest_route=\/wp\/v2\/types\/post"}],"author":[{"embeddable":true,"href":"https:\/\/mersinkadingazetesi.com\/index.php?rest_route=\/wp\/v2\/users\/2"}],"replies":[{"embeddable":true,"href":"https:\/\/mersinkadingazetesi.com\/index.php?rest_route=%2Fwp%2Fv2%2Fcomments&post=32985"}],"version-history":[{"count":0,"href":"https:\/\/mersinkadingazetesi.com\/index.php?rest_route=\/wp\/v2\/posts\/32985\/revisions"}],"wp:featuredmedia":[{"embeddable":true,"href":"https:\/\/mersinkadingazetesi.com\/index.php?rest_route=\/wp\/v2\/media\/32986"}],"wp:attachment":[{"href":"https:\/\/mersinkadingazetesi.com\/index.php?rest_route=%2Fwp%2Fv2%2Fmedia&parent=32985"}],"wp:term":[{"taxonomy":"category","embeddable":true,"href":"https:\/\/mersinkadingazetesi.com\/index.php?rest_route=%2Fwp%2Fv2%2Fcategories&post=32985"},{"taxonomy":"post_tag","embeddable":true,"href":"https:\/\/mersinkadingazetesi.com\/index.php?rest_route=%2Fwp%2Fv2%2Ftags&post=32985"}],"curies":[{"name":"wp","href":"https:\/\/api.w.org\/{rel}","templated":true}]}}