{"id":32991,"date":"2024-06-02T09:10:33","date_gmt":"2024-06-02T06:10:33","guid":{"rendered":"http:\/\/mersinkadingazetesi.com\/?p=32991"},"modified":"2024-06-02T09:10:33","modified_gmt":"2024-06-02T06:10:33","slug":"baskan-yildiz-kultur-ve-taziye-evi-calismalarini-yerinde-inceledi","status":"publish","type":"post","link":"https:\/\/mersinkadingazetesi.com\/?p=32991","title":{"rendered":"&#8220;BA\u015eKAN YILDIZ, K\u00dcLT\u00dcR VE TAZ\u0130YE EV\u0130 \u00c7ALI\u015eMALARINI YER\u0130NDE \u0130NCELED\u0130&#8221;"},"content":{"rendered":"<p>Mersin&#8217;in merkez il\u00e7esi Toroslar Belediye Ba\u015fkan\u0131 Abdurrahman Y\u0131ld\u0131z, K\u00fclt\u00fcr ve Taziye Evleri&#8217;nin halk\u0131n \u00f6nemli bir ihtiyac\u0131n\u0131 kar\u015f\u0131lad\u0131\u011f\u0131n\u0131 s\u00f6yledi.<\/p>\n<p>Kurdali Mahallesi&#8217;nde yap\u0131m\u0131 tamamlanma a\u015famas\u0131nda olan, G\u00fcneykent ve Demirta\u015f Mahalleleri&#8217;nde in\u015faat \u00e7al\u0131\u015fmalar\u0131 devam eden K\u00fclt\u00fcr ve Taziye Evi&#8217;nde incelemelerde bulunan Ba\u015fkan Y\u0131ld\u0131z; &#8220;Vatanda\u015flar\u0131m\u0131z\u0131n taziyelerini daha nezih bir ortamda kabul edece\u011fi ve mevlid programlar\u0131n\u0131 d\u00fczenleyebilece\u011fi K\u00fclt\u00fcr ve Taziye Evlerimizi en k\u0131sa zamanda tamamlayaca\u011f\u0131z&#8221; dedi.<\/p>\n<p>G\u00f6reve ba\u015flad\u0131\u011f\u0131 g\u00fcnden bu yana s\u00fcrekli esnaf ve vatanda\u015flarla g\u00f6r\u00fc\u015ferek talep ve \u00f6nerilerini de\u011ferlendiren Ba\u015fkan Y\u0131ld\u0131z, Kurdali Mahallesi&#8217;ndeki K\u00fclt\u00fcr ve Taziye Evi incelemesinde Mahalle Muhtar\u0131 Abdullah \u0130nan ve mahalle sakinleriyle bir araya geldi.<\/p>\n<p>Ba\u015fkan Y\u0131ld\u0131z, burada bir a\u00e7\u0131klama yaparak; &#8220;Kurdali Mahallemizde bir hay\u0131rsever yurtta\u015f\u0131m\u0131z ile birlikte yapt\u0131\u011f\u0131m\u0131z K\u00fclt\u00fcr ve Tazi Evimizi inceledik. \u0130\u00e7 tefri\u015fat\u0131 ile elektrik ve su hatt\u0131n\u0131n \u00e7ekilmesinin ard\u0131ndan buray\u0131 en k\u0131sa zamanda mahalle sakinlerinin ve il\u00e7e halk\u0131n\u0131n kullan\u0131m\u0131na sunaca\u011f\u0131z&#8221; diye konu\u015ftu.<\/p>\n","protected":false},"excerpt":{"rendered":"<p>Mersin&#8217;in merkez il\u00e7esi Toroslar Belediye Ba\u015fkan\u0131 Abdurrahman Y\u0131ld\u0131z, K\u00fclt\u00fcr ve Taziye Evleri&#8217;nin halk\u0131n \u00f6nemli bir ihtiyac\u0131n\u0131 kar\u015f\u0131lad\u0131\u011f\u0131n\u0131 s\u00f6yledi. Kurdali Mahallesi&#8217;nde yap\u0131m\u0131 tamamlanma a\u015famas\u0131nda olan, G\u00fcneykent ve Demirta\u015f Mahalleleri&#8217;nde in\u015faat \u00e7al\u0131\u015fmalar\u0131 devam eden K\u00fclt\u00fcr ve Taziye Evi&#8217;nde incelemelerde bulunan Ba\u015fkan Y\u0131ld\u0131z; &#8220;Vatanda\u015flar\u0131m\u0131z\u0131n taziyelerini daha nezih bir ortamda kabul edece\u011fi ve mevlid programlar\u0131n\u0131 d\u00fczenleyebilece\u011fi K\u00fclt\u00fcr ve Taziye [&hellip;]<\/p>\n","protected":false},"author":2,"featured_media":32992,"comment_status":"open","ping_status":"open","sticky":false,"template":"","format":"standard","meta":{"footnotes":""},"categories":[2,3],"tags":[],"class_list":["post-32991","post","type-post","status-publish","format-standard","has-post-thumbnail","hentry","category-gundem","category-manset"],"views":2,"_links":{"self":[{"href":"https:\/\/mersinkadingazetesi.com\/index.php?rest_route=\/wp\/v2\/posts\/32991"}],"collection":[{"href":"https:\/\/mersinkadingazetesi.com\/index.php?rest_route=\/wp\/v2\/posts"}],"about":[{"href":"https:\/\/mersinkadingazetesi.com\/index.php?rest_route=\/wp\/v2\/types\/post"}],"author":[{"embeddable":true,"href":"https:\/\/mersinkadingazetesi.com\/index.php?rest_route=\/wp\/v2\/users\/2"}],"replies":[{"embeddable":true,"href":"https:\/\/mersinkadingazetesi.com\/index.php?rest_route=%2Fwp%2Fv2%2Fcomments&post=32991"}],"version-history":[{"count":0,"href":"https:\/\/mersinkadingazetesi.com\/index.php?rest_route=\/wp\/v2\/posts\/32991\/revisions"}],"wp:featuredmedia":[{"embeddable":true,"href":"https:\/\/mersinkadingazetesi.com\/index.php?rest_route=\/wp\/v2\/media\/32992"}],"wp:attachment":[{"href":"https:\/\/mersinkadingazetesi.com\/index.php?rest_route=%2Fwp%2Fv2%2Fmedia&parent=32991"}],"wp:term":[{"taxonomy":"category","embeddable":true,"href":"https:\/\/mersinkadingazetesi.com\/index.php?rest_route=%2Fwp%2Fv2%2Fcategories&post=32991"},{"taxonomy":"post_tag","embeddable":true,"href":"https:\/\/mersinkadingazetesi.com\/index.php?rest_route=%2Fwp%2Fv2%2Ftags&post=32991"}],"curies":[{"name":"wp","href":"https:\/\/api.w.org\/{rel}","templated":true}]}}