{"id":32994,"date":"2024-06-02T09:13:23","date_gmt":"2024-06-02T06:13:23","guid":{"rendered":"http:\/\/mersinkadingazetesi.com\/?p=32994"},"modified":"2024-06-02T09:13:23","modified_gmt":"2024-06-02T06:13:23","slug":"yuzlerce-vatandas-yenisehir-belediyesinin-doga-yuruyusunde-bulustu","status":"publish","type":"post","link":"https:\/\/mersinkadingazetesi.com\/?p=32994","title":{"rendered":"Y\u00fczlerce vatanda\u015f Yeni\u015fehir Belediyesinin do\u011fa y\u00fcr\u00fcy\u00fc\u015f\u00fcnde bulu\u015ftu"},"content":{"rendered":"<p>Mersin Yeni\u015fehir Belediyesi, vatanda\u015flar\u0131 spor yapmaya ve sa\u011fl\u0131kl\u0131 ya\u015fama te\u015fvik etmek amac\u0131yla Zirve Da\u011fc\u0131l\u0131k ve Do\u011fa Sporlar\u0131 Kul\u00fcb\u00fc Mersin \u015eubesi ile birlikte do\u011fa y\u00fcr\u00fcy\u00fc\u015f\u00fc d\u00fczenledi. \u201cYeni\u015fehir\u2019de Hareket Zaman\u0131\u201d slogan\u0131yla yap\u0131lan y\u00fcr\u00fcy\u00fc\u015fe vatanda\u015flar yo\u011fun ilgi g\u00f6sterdi. Ba\u015fkan Abdullah \u00d6zyi\u011fit de y\u00fcr\u00fcy\u00fc\u015fe kat\u0131larak vatanda\u015flarla birlikte y\u00fcr\u00fcd\u00fc, sa\u011fl\u0131kl\u0131 ya\u015fam\u0131n \u00f6nemine dikkat \u00e7ekti.<br \/>\nYeni\u015fehir Belediyesi taraf\u0131ndan organize edilen do\u011fa y\u00fcr\u00fcy\u00fc\u015f\u00fc etkinli\u011finde vatanda\u015flar do\u011fan\u0131n keyfini \u00e7\u0131kar\u0131rken ayn\u0131 zamanda sa\u011fl\u0131kl\u0131 bir aktivite yapma f\u0131rsat\u0131 da buldu. Sabah erken saatlerde ba\u015flayan etkinlikte, vatanda\u015flar Yeni\u015fehir Belediyesi \u00f6n\u00fcnden saat 08.00&#8217;de kald\u0131r\u0131lan servislerle y\u00fcr\u00fcy\u00fc\u015f ba\u015flang\u0131\u00e7 noktas\u0131na ta\u015f\u0131nd\u0131. Y\u00fcr\u00fcy\u00fc\u015f, saat 09.00&#8217;da Kocahamzal\u0131 Mahallesi&#8217;ndeki baz istasyonundan ba\u015flad\u0131.  Yakla\u015f\u0131k 6 kilometre uzunlu\u011funda ve do\u011fayla i\u00e7 i\u00e7e olan y\u00fcr\u00fcy\u00fc\u015f \u00c7ukurke\u015flik Mahallesi&#8217;nde sona erdi.<br \/>\nYeni\u015fehir Belediyesinin d\u00fczenledi\u011fi do\u011fa y\u00fcr\u00fcy\u00fc\u015f\u00fc, vatanda\u015flardan da b\u00fcy\u00fck be\u011feni toplad\u0131. Yeni\u015fehir Belediye Ba\u015fkan\u0131 Abdullah \u00d6zyi\u011fit, bu t\u00fcr etkinliklerin d\u00fczenli olarak devam edece\u011fini ve vatanda\u015flar\u0131n sa\u011fl\u0131kl\u0131 ya\u015fam al\u0131\u015fkanl\u0131klar\u0131n\u0131 desteklemek i\u00e7in sportif faaliyetlerini s\u00fcrd\u00fcreceklerini ifade etti.<br \/>\nBa\u015fkan \u00d6zyi\u011fit \u201cAmac\u0131m\u0131z, her ya\u015ftan ve her kesimden insan\u0131m\u0131z\u0131n spor yapmas\u0131n\u0131 ve sa\u011fl\u0131kl\u0131 bir ya\u015fam s\u00fcrmesini sa\u011flamak.\u201d<br \/>\nY\u00fcr\u00fcy\u00fc\u015f etkinli\u011finin sonunda vatanda\u015flara seslenen Ba\u015fkan Abdullah \u00d6zyi\u011fit, \u201cSporun ya\u015fam\u0131m\u0131zdaki yeri tart\u0131\u015f\u0131lmaz. Fiziksel sa\u011fl\u0131\u011f\u0131m\u0131z\u0131 korumak ve sosyal ba\u011flar\u0131m\u0131z\u0131 g\u00fc\u00e7lendirmek i\u00e7in spor vazge\u00e7ilmez bir unsurdur. G\u00fcn\u00fcm\u00fczde h\u0131zl\u0131 ya\u015fam temposu ve teknolojinin getirdi\u011fi hareketsiz ya\u015fam tarz\u0131, bir\u00e7ok sa\u011fl\u0131k sorununu da beraberinde getiriyor. Oysa ki d\u00fczenli olarak yap\u0131lan fiziksel aktiviteler, sadece beden sa\u011fl\u0131\u011f\u0131m\u0131z\u0131 de\u011fil, ruhsal ve zihinsel sa\u011fl\u0131\u011f\u0131m\u0131z\u0131 da olumlu y\u00f6nde etkiler. Bug\u00fcn ger\u00e7ekle\u015ftirdi\u011fimiz do\u011fa y\u00fcr\u00fcy\u00fc\u015f\u00fc, bizlere spor yapman\u0131n ne kadar keyifli ve ayn\u0131 zamanda ne kadar kolay olabilece\u011fini g\u00f6steriyor. Do\u011fan\u0131n i\u00e7inde, temiz hava e\u015fli\u011finde, bir yandan spor yaparken bir yandan da g\u00fcnl\u00fck stres ve kayg\u0131lardan uzakla\u015fma f\u0131rsat\u0131 bulduk. Bu t\u00fcr etkinlikler, hem bireysel hem de toplumsal sa\u011fl\u0131\u011f\u0131m\u0131z i\u00e7in son derece \u00f6nemlidir. Yeni\u015fehir Belediyesi olarak vatanda\u015flar\u0131m\u0131z\u0131n sa\u011fl\u0131kl\u0131 ya\u015fam al\u0131\u015fkanl\u0131klar\u0131n\u0131 desteklemek i\u00e7in \u00e7e\u015fitli spor faaliyetleri ve etkinlikler d\u00fczenlemeye devam edece\u011fiz. Amac\u0131m\u0131z, her ya\u015ftan ve her kesimden insan\u0131m\u0131z\u0131n spor yapmas\u0131n\u0131 ve sa\u011fl\u0131kl\u0131 bir ya\u015fam s\u00fcrmesini sa\u011flamak.\u201d ifadelerini kulland\u0131. <\/p>\n","protected":false},"excerpt":{"rendered":"<p>Mersin Yeni\u015fehir Belediyesi, vatanda\u015flar\u0131 spor yapmaya ve sa\u011fl\u0131kl\u0131 ya\u015fama te\u015fvik etmek amac\u0131yla Zirve Da\u011fc\u0131l\u0131k ve Do\u011fa Sporlar\u0131 Kul\u00fcb\u00fc Mersin \u015eubesi ile birlikte do\u011fa y\u00fcr\u00fcy\u00fc\u015f\u00fc d\u00fczenledi. \u201cYeni\u015fehir\u2019de Hareket Zaman\u0131\u201d slogan\u0131yla yap\u0131lan y\u00fcr\u00fcy\u00fc\u015fe vatanda\u015flar yo\u011fun ilgi g\u00f6sterdi. Ba\u015fkan Abdullah \u00d6zyi\u011fit de y\u00fcr\u00fcy\u00fc\u015fe kat\u0131larak vatanda\u015flarla birlikte y\u00fcr\u00fcd\u00fc, sa\u011fl\u0131kl\u0131 ya\u015fam\u0131n \u00f6nemine dikkat \u00e7ekti. Yeni\u015fehir Belediyesi taraf\u0131ndan organize edilen do\u011fa [&hellip;]<\/p>\n","protected":false},"author":2,"featured_media":32995,"comment_status":"open","ping_status":"open","sticky":false,"template":"","format":"standard","meta":{"footnotes":""},"categories":[3,9],"tags":[],"class_list":["post-32994","post","type-post","status-publish","format-standard","has-post-thumbnail","hentry","category-manset","category-saglik"],"views":8,"_links":{"self":[{"href":"https:\/\/mersinkadingazetesi.com\/index.php?rest_route=\/wp\/v2\/posts\/32994"}],"collection":[{"href":"https:\/\/mersinkadingazetesi.com\/index.php?rest_route=\/wp\/v2\/posts"}],"about":[{"href":"https:\/\/mersinkadingazetesi.com\/index.php?rest_route=\/wp\/v2\/types\/post"}],"author":[{"embeddable":true,"href":"https:\/\/mersinkadingazetesi.com\/index.php?rest_route=\/wp\/v2\/users\/2"}],"replies":[{"embeddable":true,"href":"https:\/\/mersinkadingazetesi.com\/index.php?rest_route=%2Fwp%2Fv2%2Fcomments&post=32994"}],"version-history":[{"count":0,"href":"https:\/\/mersinkadingazetesi.com\/index.php?rest_route=\/wp\/v2\/posts\/32994\/revisions"}],"wp:featuredmedia":[{"embeddable":true,"href":"https:\/\/mersinkadingazetesi.com\/index.php?rest_route=\/wp\/v2\/media\/32995"}],"wp:attachment":[{"href":"https:\/\/mersinkadingazetesi.com\/index.php?rest_route=%2Fwp%2Fv2%2Fmedia&parent=32994"}],"wp:term":[{"taxonomy":"category","embeddable":true,"href":"https:\/\/mersinkadingazetesi.com\/index.php?rest_route=%2Fwp%2Fv2%2Fcategories&post=32994"},{"taxonomy":"post_tag","embeddable":true,"href":"https:\/\/mersinkadingazetesi.com\/index.php?rest_route=%2Fwp%2Fv2%2Ftags&post=32994"}],"curies":[{"name":"wp","href":"https:\/\/api.w.org\/{rel}","templated":true}]}}