{"id":33006,"date":"2024-06-02T09:20:36","date_gmt":"2024-06-02T06:20:36","guid":{"rendered":"http:\/\/mersinkadingazetesi.com\/?p=33006"},"modified":"2024-06-02T09:20:36","modified_gmt":"2024-06-02T06:20:36","slug":"bu-sampiyonluk-mersine-cok-yakisti","status":"publish","type":"post","link":"https:\/\/mersinkadingazetesi.com\/?p=33006","title":{"rendered":"BU \u015eAMP\u0130YONLUK MERS\u0130N&#8217;E \u00c7OK YAKI\u015eTI"},"content":{"rendered":"<p>T\u00fcrkiye Sigorta T\u00fcrkiye Basketbol Ligi (TBL) Play-off&#8217;da \u015fampiyonluk i\u00e7in m\u00fccadele eden Mersin B\u00fcy\u00fck\u015fehir Belediyesi Spor Kul\u00fcb\u00fc (MSK) final serisinin 4 ma\u00e7\u0131nda rakibi Sigortam.net&#8217;i ma\u011flup ederek 2023-2024 T\u00fcrkiye Sigorta T\u00fcrkiye Basketbol Ligi Play-off \u015fampiyonu oldu ve S\u00fcper Lig&#8217;e \u00e7\u0131kt\u0131.<\/p>\n<p>Mersin B\u00fcy\u00fck\u015fehir Belediye Ba\u015fkan\u0131 Vahap Se\u00e7er de, MSK-Sigortam.net kar\u015f\u0131la\u015fmas\u0131n\u0131 izleyerek, Carettalar\u0131n \u015fampiyonluk sevincine ortak oldu.<\/p>\n<p>Edip Buran Spor Salonu&#8217;nda oynanan m\u00fccadeleyi Ba\u015fkan Vahap Se\u00e7er e\u015fi Meral Se\u00e7er, Mersin Valisi Ali Hamza Pehlivan, Cumhuriyet Halk Partisi (CHP) Mersin Milletvekili G\u00fclcan K\u0131\u015f, Toroslar Belediye Ba\u015fkan\u0131 Abdurrahman Y\u0131ld\u0131z ve Silifke Belediye Ba\u015fkan\u0131 Mustafa Turgut ile birlikte izledi.<\/p>\n<p>Play-off \u015fampiyonu MSK!<\/p>\n<p>Play-off final serisinin 4. ma\u00e7\u0131nda Sigortam.net&#8217;i Mersin&#8217;de a\u011f\u0131rlayan Carettalar, 4. ma\u00e7\u0131 da kazanarak Play-off \u015fampiyonu oldu. \u0130lk \u00e7eyrekte 16-16 berabere kalan Carettalar, ikinci \u00e7eyrekte h\u00fccumu art\u0131rarak 42-34 \u00fcst\u00fcnl\u00fck elde etti. \u00dc\u00e7\u00fcnc\u00fc \u00e7eyrekte de rakibinin kendisini yakalamas\u0131na f\u0131rsat vermeyerek 59-53 skorla \u00e7eyre\u011fi kapatan MSK, 83-72&#8217;lik skorla m\u00fccadelenin galibi olarak Play-off \u015fampiyonu oldu.<\/p>\n<p>Ma\u00e7 sonras\u0131 sahaya inerek Carettalar\u0131n \u015fampiyonluk sevincine ortak olan Ba\u015fkan Se\u00e7er, \u015fampiyonluk kupas\u0131n\u0131 tak\u0131mla birlikte kald\u0131rd\u0131.<\/p>\n<p>Se\u00e7er: &#8220;M\u00fccadeleli bir sezon ge\u00e7irdik&#8221;<\/p>\n<p>S\u00fcper Lig&#8217;de m\u00fccadele edecek olmaktan dolay\u0131 mutluluk duyduklar\u0131n\u0131 belirten Ba\u015fkan Se\u00e7er, Carettalar\u0131n Mersin&#8217;i S\u00fcper Lig&#8217;de en iyi \u015fekilde temsil edece\u011fini s\u00f6yledi. \u0130yi ve olduk\u00e7a m\u00fccadeleli bir sezon oldu\u011funu s\u00f6yleyen Se\u00e7er, &#8220;Asl\u0131nda sezon ba\u015f\u0131nda biraz tak\u0131m formsuzdu, ilerleyen g\u00fcnlerde antren\u00f6r de\u011fi\u015fikli\u011fiyle beraber tak\u0131m bir ivme kazand\u0131 ve sonu\u00e7 itibariyle S\u00fcper Lig&#8217;e \u00e7\u0131kt\u0131&#8221; dedi.<\/p>\n<p>&#8220;Mersinlilere \u00e7ok zevkli ma\u00e7lar ya\u015fataca\u011f\u0131z&#8221;<\/p>\n<p>Gelecek sezonda S\u00fcper Lig&#8217;e uygun, g\u00fc\u00e7l\u00fc bir kadro ve g\u00fc\u00e7l\u00fc bir teknik yap\u0131yla m\u00fccadele edeceklerini s\u00f6yleyen Se\u00e7er, &#8220;Gelecek sezonda Mersinlilere \u00e7ok zevkli ma\u00e7lar ya\u015fataca\u011f\u0131z. Mersinimize ve tak\u0131m\u0131m\u0131za hay\u0131rl\u0131 olsun. T\u00fcm sporcular\u0131, teknik heyeti ve eme\u011fi ge\u00e7en herkesi kutluyoruz&#8221; ifadelerine yer verdi.<\/p>\n<p>MSK Teknik Sorumlusu Can Sevim ise \u015fampiyonlu\u011fu t\u00fcm Mersin halk\u0131na arma\u011fan etti. Sezon boyunca kendilerini yaln\u0131z b\u0131rakmayan taraftarlar\u0131n \u015fampiyonlukta \u00f6nemli katk\u0131s\u0131 oldu\u011funu belirten Sevim, &#8220;Mersin halk\u0131 bu \u015fampiyonu \u00e7ok hak etti. Bizi inan\u0131lmaz \u015fekilde desteklediler. Sonunda da bu \u015fampiyonluk geldi. Onlara arma\u011fan olsun bu. Seneye tak\u0131m\u0131m\u0131z\u0131, \u015fehrimizi s\u00fcper lig de temsil edece\u011fiz. Hedeflerimiz daha da b\u00fcy\u00fck. Daha da b\u00fcy\u00fck hedeflere ula\u015facak g\u00fcc\u00fcm\u00fcz var. Ad\u0131m ad\u0131m gidece\u011fiz. Daha yolun ba\u015f\u0131nday\u0131z. Bu sadece bu y\u0131l i\u00e7in bir hedefti. Seneye hedeflerimiz bamba\u015fka olacak. Umar\u0131m hepsine teker teker ula\u015faca\u011f\u0131z&#8221; dedi.<\/p>\n<p>Mersin B\u00fcy\u00fck\u015fehir Belediye Ba\u015fkan\u0131 Vahap Se\u00e7er ba\u015fta olmak \u00fczere kul\u00fcp y\u00f6neticileri ve teknik ekibe te\u015fekk\u00fcr ederek konu\u015fmas\u0131n\u0131 s\u00fcrd\u00fcren Sevim, &#8220;Sonu\u00e7 olarak bu i\u015f tek bir ki\u015finin i\u015fi de\u011fil hep beraber ayn\u0131 hedefe do\u011fru gitti\u011fin zaman ba\u015far\u0131l\u0131 olabiliyorsun sadece. Herkes bu eme\u011fi \u00f6zveriyi ortaya koydu. Herkes gecesini g\u00fcnd\u00fcz\u00fcne katt\u0131 bu tak\u0131m i\u00e7in ve sonunda \u015fampiyonuz. En b\u00fcy\u00fck te\u015fekk\u00fcr taraftara. Onlar olmadan bu i\u015f kesinlikle olmazd\u0131. \u0130yi ki varlar. Bizi desteklemeye devam etsinler&#8221; diye konu\u015ftu.<\/p>\n","protected":false},"excerpt":{"rendered":"<p>T\u00fcrkiye Sigorta T\u00fcrkiye Basketbol Ligi (TBL) Play-off&#8217;da \u015fampiyonluk i\u00e7in m\u00fccadele eden Mersin B\u00fcy\u00fck\u015fehir Belediyesi Spor Kul\u00fcb\u00fc (MSK) final serisinin 4 ma\u00e7\u0131nda rakibi Sigortam.net&#8217;i ma\u011flup ederek 2023-2024 T\u00fcrkiye Sigorta T\u00fcrkiye Basketbol Ligi Play-off \u015fampiyonu oldu ve S\u00fcper Lig&#8217;e \u00e7\u0131kt\u0131. Mersin B\u00fcy\u00fck\u015fehir Belediye Ba\u015fkan\u0131 Vahap Se\u00e7er de, MSK-Sigortam.net kar\u015f\u0131la\u015fmas\u0131n\u0131 izleyerek, Carettalar\u0131n \u015fampiyonluk sevincine ortak oldu. Edip Buran [&hellip;]<\/p>\n","protected":false},"author":2,"featured_media":33007,"comment_status":"open","ping_status":"open","sticky":false,"template":"","format":"standard","meta":{"footnotes":""},"categories":[3,10],"tags":[],"class_list":["post-33006","post","type-post","status-publish","format-standard","has-post-thumbnail","hentry","category-manset","category-spor"],"views":7,"_links":{"self":[{"href":"https:\/\/mersinkadingazetesi.com\/index.php?rest_route=\/wp\/v2\/posts\/33006"}],"collection":[{"href":"https:\/\/mersinkadingazetesi.com\/index.php?rest_route=\/wp\/v2\/posts"}],"about":[{"href":"https:\/\/mersinkadingazetesi.com\/index.php?rest_route=\/wp\/v2\/types\/post"}],"author":[{"embeddable":true,"href":"https:\/\/mersinkadingazetesi.com\/index.php?rest_route=\/wp\/v2\/users\/2"}],"replies":[{"embeddable":true,"href":"https:\/\/mersinkadingazetesi.com\/index.php?rest_route=%2Fwp%2Fv2%2Fcomments&post=33006"}],"version-history":[{"count":0,"href":"https:\/\/mersinkadingazetesi.com\/index.php?rest_route=\/wp\/v2\/posts\/33006\/revisions"}],"wp:featuredmedia":[{"embeddable":true,"href":"https:\/\/mersinkadingazetesi.com\/index.php?rest_route=\/wp\/v2\/media\/33007"}],"wp:attachment":[{"href":"https:\/\/mersinkadingazetesi.com\/index.php?rest_route=%2Fwp%2Fv2%2Fmedia&parent=33006"}],"wp:term":[{"taxonomy":"category","embeddable":true,"href":"https:\/\/mersinkadingazetesi.com\/index.php?rest_route=%2Fwp%2Fv2%2Fcategories&post=33006"},{"taxonomy":"post_tag","embeddable":true,"href":"https:\/\/mersinkadingazetesi.com\/index.php?rest_route=%2Fwp%2Fv2%2Ftags&post=33006"}],"curies":[{"name":"wp","href":"https:\/\/api.w.org\/{rel}","templated":true}]}}