{"id":33016,"date":"2024-06-03T12:42:07","date_gmt":"2024-06-03T09:42:07","guid":{"rendered":"http:\/\/mersinkadingazetesi.com\/?p=33016"},"modified":"2024-06-03T12:42:07","modified_gmt":"2024-06-03T09:42:07","slug":"il-milli-egitim-muduru-fazilet-durmus-erdemli-ilce-milli-egitim-mudurlugunun-organize-ettigi-doga-yuruyusune-katildi","status":"publish","type":"post","link":"https:\/\/mersinkadingazetesi.com\/?p=33016","title":{"rendered":"\u0130L M\u0130LL\u00ce E\u011e\u0130T\u0130M M\u00dcD\u00dcR\u00dc FAZ\u0130LET DURMU\u015e, ERDEML\u0130 \u0130L\u00c7E M\u0130LL\u00ce E\u011e\u0130T\u0130M M\u00dcD\u00dcRL\u00dc\u011e\u00dcN\u00dcN ORGAN\u0130ZE ETT\u0130\u011e\u0130 DO\u011eA Y\u00dcR\u00dcY\u00dc\u015e\u00dcNE KATILDI"},"content":{"rendered":"<p>\u0130l Mill\u00ee E\u011fitim M\u00fcd\u00fcr\u00fc Fazilet Durmu\u015f Kayac\u0131 Vadisi&#8217;nde \u00f6\u011fretmenlerle bulu\u015ftu. Erdemli \u0130l\u00e7e Mill\u00ee E\u011fitim M\u00fcd\u00fcrl\u00fc\u011f\u00fcn\u00fcn organize etti\u011fi do\u011fa y\u00fcr\u00fcy\u00fc\u015f\u00fcne kat\u0131lan Durmu\u015f, Kayac\u0131 Vadisi&#8217;nde planlanan 4 kilometrelik parkuru \u00f6\u011fretmenlerle birlikte tamamlad\u0131. Kayac\u0131 Vadisi&#8217;nin Kocahasanl\u0131 giri\u015finde ba\u015flayan y\u00fcr\u00fcy\u00fc\u015f Limonlu \u00c7ay\u0131&#8217;n\u0131n ba\u015flad\u0131\u011f\u0131 kaynakta tamamland\u0131. Erdemli&#8217;de g\u00f6rev yapan 60 \u00f6\u011fretmenin kat\u0131ld\u0131\u011f\u0131 etkinlikte vadide yer alan tarihi kal\u0131nt\u0131lar ve mevcut do\u011fa hakk\u0131nda Fazilet Durmu\u015f&#8217;a, ilgili \u00f6\u011fretmenler taraf\u0131ndan bilgi verildi. Verilen molada \u00f6\u011fretmenlerle sohbet eden Durmu\u015f, Erdemli \u0130l\u00e7e Mill\u00ee E\u011fitim M\u00fcd\u00fcrl\u00fc\u011f\u00fc y\u00f6netici ve \u00f6\u011fretmenleri ile e\u011fitime dair fikir al\u0131\u015fveri\u015finde bulundu.<\/p>\n<p>Etkinlikte  \u0130l Mill\u00ee E\u011fitim M\u00fcd\u00fcr\u00fc Fazilet Durmu\u015f&#8217;a, \u0130l Mill\u00ee E\u011fitim M\u00fcd\u00fcr Yard\u0131mc\u0131s\u0131 Fatih Bur\u011fut ve Erdemli \u0130l\u00e7e Mill\u00ee E\u011fitim M\u00fcd\u00fcr\u00fc Yusuf A\u00e7\u0131ky\u00f6r\u00fck e\u015flik etti.<\/p>\n","protected":false},"excerpt":{"rendered":"<p>\u0130l Mill\u00ee E\u011fitim M\u00fcd\u00fcr\u00fc Fazilet Durmu\u015f Kayac\u0131 Vadisi&#8217;nde \u00f6\u011fretmenlerle bulu\u015ftu. Erdemli \u0130l\u00e7e Mill\u00ee E\u011fitim M\u00fcd\u00fcrl\u00fc\u011f\u00fcn\u00fcn organize etti\u011fi do\u011fa y\u00fcr\u00fcy\u00fc\u015f\u00fcne kat\u0131lan Durmu\u015f, Kayac\u0131 Vadisi&#8217;nde planlanan 4 kilometrelik parkuru \u00f6\u011fretmenlerle birlikte tamamlad\u0131. Kayac\u0131 Vadisi&#8217;nin Kocahasanl\u0131 giri\u015finde ba\u015flayan y\u00fcr\u00fcy\u00fc\u015f Limonlu \u00c7ay\u0131&#8217;n\u0131n ba\u015flad\u0131\u011f\u0131 kaynakta tamamland\u0131. Erdemli&#8217;de g\u00f6rev yapan 60 \u00f6\u011fretmenin kat\u0131ld\u0131\u011f\u0131 etkinlikte vadide yer alan tarihi kal\u0131nt\u0131lar ve mevcut [&hellip;]<\/p>\n","protected":false},"author":2,"featured_media":33017,"comment_status":"open","ping_status":"open","sticky":false,"template":"","format":"standard","meta":{"footnotes":""},"categories":[3],"tags":[],"class_list":["post-33016","post","type-post","status-publish","format-standard","has-post-thumbnail","hentry","category-manset"],"views":16,"_links":{"self":[{"href":"https:\/\/mersinkadingazetesi.com\/index.php?rest_route=\/wp\/v2\/posts\/33016"}],"collection":[{"href":"https:\/\/mersinkadingazetesi.com\/index.php?rest_route=\/wp\/v2\/posts"}],"about":[{"href":"https:\/\/mersinkadingazetesi.com\/index.php?rest_route=\/wp\/v2\/types\/post"}],"author":[{"embeddable":true,"href":"https:\/\/mersinkadingazetesi.com\/index.php?rest_route=\/wp\/v2\/users\/2"}],"replies":[{"embeddable":true,"href":"https:\/\/mersinkadingazetesi.com\/index.php?rest_route=%2Fwp%2Fv2%2Fcomments&post=33016"}],"version-history":[{"count":0,"href":"https:\/\/mersinkadingazetesi.com\/index.php?rest_route=\/wp\/v2\/posts\/33016\/revisions"}],"wp:featuredmedia":[{"embeddable":true,"href":"https:\/\/mersinkadingazetesi.com\/index.php?rest_route=\/wp\/v2\/media\/33017"}],"wp:attachment":[{"href":"https:\/\/mersinkadingazetesi.com\/index.php?rest_route=%2Fwp%2Fv2%2Fmedia&parent=33016"}],"wp:term":[{"taxonomy":"category","embeddable":true,"href":"https:\/\/mersinkadingazetesi.com\/index.php?rest_route=%2Fwp%2Fv2%2Fcategories&post=33016"},{"taxonomy":"post_tag","embeddable":true,"href":"https:\/\/mersinkadingazetesi.com\/index.php?rest_route=%2Fwp%2Fv2%2Ftags&post=33016"}],"curies":[{"name":"wp","href":"https:\/\/api.w.org\/{rel}","templated":true}]}}