{"id":33025,"date":"2024-06-03T12:52:53","date_gmt":"2024-06-03T09:52:53","guid":{"rendered":"http:\/\/mersinkadingazetesi.com\/?p=33025"},"modified":"2024-06-03T12:52:53","modified_gmt":"2024-06-03T09:52:53","slug":"deva-partili-heyet-kursiyer-tegmen-annesi-cakiri-ziyaret-etti","status":"publish","type":"post","link":"https:\/\/mersinkadingazetesi.com\/?p=33025","title":{"rendered":"DEVA Partili Heyet, Kursiyer Te\u011fmen Annesi \u00c7ak\u0131r\u2019\u0131 ziyaret etti"},"content":{"rendered":"<p>DEVA Partisi Genel Ba\u015fkan Yard\u0131mc\u0131lar\u0131 ve Milletvekilleri Mehmet Emin Ekmen, Mustafa Yenero\u011flu ve \u0130dris \u015eahin, 8 y\u0131ld\u0131r evlatlar\u0131 i\u00e7in adalet bekleyen askeri okul \u00f6\u011frencileri ve kursiyer te\u011fmen annelerinden Sevin\u00e7 \u00c7ak\u0131r\u2019\u0131 adalet i\u00e7in n\u00f6bet tuttu\u011fu Adalet Bakanl\u0131\u011f\u0131 \u00f6n\u00fcnde ziyaret ettiler.<br \/>\n15 Temmuz\u2019un ya\u015fand\u0131\u011f\u0131 d\u00f6nemde kursiyer te\u011fmen stat\u00fcs\u00fcnden olanlar m\u00fcebbet alarak 8 y\u0131la yak\u0131nd\u0131r cezaevinde yat\u0131yor. Bunlardan biri de Krs. T\u011fm. Murat \u00c7ak\u0131r\u2019d\u0131r. \u00c7ak\u0131r\u2019\u0131n annesi Sevin\u00e7 Han\u0131m ise bir\u00e7ok anne gibi 8 y\u0131ld\u0131r o\u011flu i\u00e7in adalet aray\u0131\u015f\u0131nda ve \u015fimdilerde Adalet Bakanl\u0131\u011f\u0131 \u00f6n\u00fcnde n\u00f6bet tutmaktad\u0131r.<br \/>\nDEVA Partisi\u2019nin milletvekillerinden olu\u015fan bir heyet, ya\u015fanan bu drama dikkat \u00e7ekmek, kamuoyunda ve TBMM\u2019de g\u00fcndeme getirmek i\u00e7in Sevin \u00c7ak\u0131r\u2019a bir ziyaret ger\u00e7ekle\u015ftirip kamuoyuna baz\u0131 a\u00e7\u0131klamalarda bulundular.<br \/>\n\u015eahin\u2019den konu\u015fmakta zorlanan Sevin\u00e7 Anneye destek<br \/>\nAnne olmak kolay de\u011fil, hele de o\u011flu tutuklu iken umutla bekleyen bir anne olmak. Bu y\u00fczden konu\u015fmakta zorland\u0131\u011f\u0131 g\u00f6r\u00fclen Anne \u00c7ak\u0131r\u2019\u0131 rahatlatmak i\u00e7in s\u00f6z alan; DEVA Partisi S\u00f6zc\u00fcs\u00fc ve Ankara Milletvekili \u0130dris \u015eahin konuya \u015f\u00f6yle giri\u015f yapt\u0131:<br \/>\nHeyecanlanmay\u0131n Rahat olun. Zaten o\u011flumu istiyorum demi\u015fsiniz. Dolay\u0131s\u0131yla ben de Ankara Milletvekili olarak sizleri daha \u00f6ncesinde dinledim. Evet, sorunlar\u0131n\u0131z\u0131, s\u0131k\u0131nt\u0131lar\u0131n\u0131z\u0131n da sebebini biliyoruz. Ama bak\u0131n bir tarafta 6 y\u0131ld\u0131r bir hak m\u00fccadelesi, hak aray\u0131\u015f\u0131 var. Yarg\u0131lama az veya \u00e7ok devam ediyor. Verilmi\u015f olan bir h\u00fck\u00fcm var, ama bu h\u00fckm\u00fcn sa\u011fl\u0131kl\u0131 ko\u015fullarda verilmedi\u011fini iddia ediyorsunuz. Bu yarg\u0131laman\u0131n bir \u015fekliyle, bu yavrular a\u00e7\u0131s\u0131ndan yenilenmesi noktas\u0131nda talebinizin oldu\u011funu ifade ediyorsunuz. 13 ya\u015f\u0131ndaki evlatlar\u0131m\u0131z\u0131, devletin kuca\u011f\u0131 ana kuca\u011f\u0131d\u0131r diyerek teslim ettik ama \u00e7ocuklar\u0131m\u0131z hen\u00fcz tam manas\u0131yla te\u011fmen bile olamadan b\u00f6yle bir haks\u0131zl\u0131\u011fa u\u011frad\u0131 diyorsunuz. Do\u011fru mudur?<br \/>\n\u201cB\u00f6yle bir \u015feyi (tutuklama karar\u0131) yapanlar; bu gencecik \u00e7ocuklar\u0131m\u0131z\u0131 \u00f6fkelendirir ve yara a\u00e7arak \u00f6tekile\u015ftirilirse, vatan\u0131m diyen bu \u00e7ocuklar ne hisseder?\u201d<br \/>\n\u015eahin\u2019in konuya giri\u015finden ve deste\u011finden sonra heyecan\u0131n\u0131 az da olsa yenen Kursiyer Te\u011fmen Annesi \u00c7ak\u0131r, durumu \u015fu s\u00f6zlerle ifade etti:<br \/>\nEvet, bazen bu olaylar\u0131 anlat\u0131rken ger\u00e7ekten sa\u011fl\u0131kl\u0131 d\u00fc\u015f\u00fcnemiyorum art\u0131k. Akl\u0131m\u0131 yitirmek \u00fczereyim, bazen donup kal\u0131yorum. Bir \u00e7ocuk birli\u011findeyken ve o gece su\u00e7 te\u015fkil eden bir \u015fey yapmam\u0131\u015fken, bir Kursiyer Te\u011fmen\u2019e m\u00fcebbet verilirse ben ne anlatay\u0131m? Benim akl\u0131m alm\u0131yor. B\u00f6yle bir \u015feyi (tutuklama karar\u0131) yapanlar; bu gencecik \u00e7ocuklar\u0131m\u0131z\u0131 \u00f6fkelendirir ve yara a\u00e7arak \u00f6tekile\u015ftirilirse, vatan\u0131m diyen bu \u00e7ocuklar ne hisseder? Bu yara bilerek mi a\u00e7\u0131l\u0131yor? Bu \u00e7ocuklar bir cana k\u0131ymam\u0131\u015f, devlet mal\u0131na zarar vermemi\u015f, su\u00e7un \u015fahsili\u011fi var. O gece emir komuta alt\u0131nda bu \u00e7ocuk, komutan\u0131n\u0131n tehlike an\u0131nda vur emrini yerine de getirseydi bile ben su\u00e7suz derdim. Benim \u00e7ocu\u011fum o zaman 23 ya\u015f\u0131ndayd\u0131. Sabah eve geldi, 10 g\u00fcn evde bekledi. Birli\u011finden emir gelmesini ve g\u00f6reve ba\u015flamay\u0131 beklelerken, 12. g\u00fcnde \u00e7ocuklar\u0131m\u0131z gitti ve tutukland\u0131.<br \/>\nSevin\u00e7 Anne, konu\u015fmas\u0131n\u0131n ilerleyen b\u00f6l\u00fcmlerinde o\u011flu Kursiyer Te\u011fmen Murat \u00c7ak\u0131r\u2019\u0131n ba\u015far\u0131 ve e\u011fitim kariyeri ile ilgili bilgiler vererek; engelli k\u0131z\u0131yla tarafs\u0131z, ba\u011f\u0131ms\u0131z, \u015feffaf ve g\u00fcvenilir mahkemeler olsun diye adalet n\u00f6betine ba\u015flad\u0131\u011f\u0131n\u0131 ve sadece o\u011flu i\u00e7in de\u011fil \u00fclkesine olan borcu i\u00e7in t\u00fcm yarg\u0131 ma\u011fdurlar\u0131 i\u00e7in bu adalet n\u00f6betini tuttu\u011funu dile getirdi.<br \/>\n\u201cBiz de bug\u00fcn sembolik olarak sizi ziyaret ederek deste\u011fimizi sunuyoruz\u201d<br \/>\nSevin\u00e7 Anne\u2019den sonra konuyu toparlayan DEVA Partisi Genel Ba\u015fkan Yard\u0131mc\u0131s\u0131 ve Mersin Milletvekili Ekmen, \u201cAskeri \u00f6\u011frencilerle ilgili bir dosya, bildi\u011fim kadar\u0131yla, olumlu olarak Yarg\u0131taydan bozuldu. Dar\u0131s\u0131 sizin \u00e7ocuklar\u0131n ba\u015f\u0131na diyelim.\u201d dedi. Say\u0131n Yenero\u011flu\u2019nun defalarca kez, yapt\u0131\u011f\u0131 bir\u00e7ok a\u00e7\u0131klamayla bu tarz haks\u0131z yarg\u0131lamalar\u0131 g\u00fcndemde s\u0131cak tutan birisi oldu\u011funa dikkat \u00e7eken Ekmen, \u201cBiz de bug\u00fcn sembolik olarak sizi ziyaret ederek deste\u011fimizi sunuyoruz.\u201d diyerek ziyareti sonland\u0131rd\u0131. <\/p>\n","protected":false},"excerpt":{"rendered":"<p>DEVA Partisi Genel Ba\u015fkan Yard\u0131mc\u0131lar\u0131 ve Milletvekilleri Mehmet Emin Ekmen, Mustafa Yenero\u011flu ve \u0130dris \u015eahin, 8 y\u0131ld\u0131r evlatlar\u0131 i\u00e7in adalet bekleyen askeri okul \u00f6\u011frencileri ve kursiyer te\u011fmen annelerinden Sevin\u00e7 \u00c7ak\u0131r\u2019\u0131 adalet i\u00e7in n\u00f6bet tuttu\u011fu Adalet Bakanl\u0131\u011f\u0131 \u00f6n\u00fcnde ziyaret ettiler. 15 Temmuz\u2019un ya\u015fand\u0131\u011f\u0131 d\u00f6nemde kursiyer te\u011fmen stat\u00fcs\u00fcnden olanlar m\u00fcebbet alarak 8 y\u0131la yak\u0131nd\u0131r cezaevinde yat\u0131yor. Bunlardan [&hellip;]<\/p>\n","protected":false},"author":2,"featured_media":33026,"comment_status":"open","ping_status":"open","sticky":false,"template":"","format":"standard","meta":{"footnotes":""},"categories":[2,3,5],"tags":[],"class_list":["post-33025","post","type-post","status-publish","format-standard","has-post-thumbnail","hentry","category-gundem","category-manset","category-mersin"],"views":9,"_links":{"self":[{"href":"https:\/\/mersinkadingazetesi.com\/index.php?rest_route=\/wp\/v2\/posts\/33025"}],"collection":[{"href":"https:\/\/mersinkadingazetesi.com\/index.php?rest_route=\/wp\/v2\/posts"}],"about":[{"href":"https:\/\/mersinkadingazetesi.com\/index.php?rest_route=\/wp\/v2\/types\/post"}],"author":[{"embeddable":true,"href":"https:\/\/mersinkadingazetesi.com\/index.php?rest_route=\/wp\/v2\/users\/2"}],"replies":[{"embeddable":true,"href":"https:\/\/mersinkadingazetesi.com\/index.php?rest_route=%2Fwp%2Fv2%2Fcomments&post=33025"}],"version-history":[{"count":0,"href":"https:\/\/mersinkadingazetesi.com\/index.php?rest_route=\/wp\/v2\/posts\/33025\/revisions"}],"wp:featuredmedia":[{"embeddable":true,"href":"https:\/\/mersinkadingazetesi.com\/index.php?rest_route=\/wp\/v2\/media\/33026"}],"wp:attachment":[{"href":"https:\/\/mersinkadingazetesi.com\/index.php?rest_route=%2Fwp%2Fv2%2Fmedia&parent=33025"}],"wp:term":[{"taxonomy":"category","embeddable":true,"href":"https:\/\/mersinkadingazetesi.com\/index.php?rest_route=%2Fwp%2Fv2%2Fcategories&post=33025"},{"taxonomy":"post_tag","embeddable":true,"href":"https:\/\/mersinkadingazetesi.com\/index.php?rest_route=%2Fwp%2Fv2%2Ftags&post=33025"}],"curies":[{"name":"wp","href":"https:\/\/api.w.org\/{rel}","templated":true}]}}